{"id":56148,"date":"2022-04-26T17:57:14","date_gmt":"2022-04-26T17:57:14","guid":{"rendered":"https:\/\/www.ole.com.ar\/autos\/ciarrocchi-lider-campeonato_0_TIov18bK21.html"},"modified":"2022-04-26T17:57:14","modified_gmt":"2022-04-26T17:57:14","slug":"tamo-chelo","status":"publish","type":"post","link":"http:\/\/cordobadirecto.com\/index.php\/2022\/04\/26\/tamo-chelo\/","title":{"rendered":"Tamo&#8217; Chelo"},"content":{"rendered":"<p>El aut\u00f3dromo de Viedma fue el escenario elegido para la tercera fecha del Top Race que fue ganada por Ian Reutemann con el Lexus. <mark>Por su parte, el Chelo Marcelo Ciarrocchi lleg\u00f3 segundo y es el nuevo l\u00edder del campeonato.<\/mark><\/p>\n<div class=\"sp__SM\">\n<div class=\"content-new \">\n<span class=\"tit-mobile\">Mir\u00e1 tambi\u00e9n<\/span><\/p>\n<div class=\"mg\">\n<div class=\"wrap-figure\">\n<picture>\n<a href=\"https:\/\/www.ole.com.ar\/autos\/di-palma-caliente-podio_0_CM6t7GmSl5.html\" target=\"_self\" rel=\"noopener\"><br \/>\n<img class=\"img-responsive\" alt=\"&quot;No acepto burradas&quot;\" src=\"http:\/\/cordobadirecto.com\/wp-content\/uploads\/2022\/04\/tamo-chelo.jpg\" loading=\"lazy\"><br \/>\n<\/a>\n<\/picture>\n<\/div>\n<\/div><\/div>\n<\/div>\n<p><mark>Principales posiciones \u2013 Campeonato Top Race<\/mark><\/p>\n<p>1-Marcelo Ciarrocchi (Ford) 79 puntos<\/p>\n<p>2-Ian Reutemann (Lexus) 72<\/p>\n<p>3-Diego Azar (Lexus) 69<\/p>\n<p>4-Facundo Aldrighetti (Lexus) 68<\/p>\n<p>5-Josito Di Palma (Fiat) 65<\/p>\n<p>6-Fabricio Persia (Chevrolet) 49<\/p>\n<p>7-Lucas Guerra (Ford) 48<\/p>\n<p>8-Stefano Di Palma (Fiat) 27<\/p>\n<p>9-Jos\u00e9 Manuel Sapag (Ford) 13<\/p>\n<p> Baltazar Leguizam\u00f3n 13 <\/p>\n<div class=\"sp__SM\">\n<div class=\"content-new \">\n<span class=\"tit-mobile\">Mir\u00e1 tambi\u00e9n<\/span><\/p>\n<div class=\"mg\">\n<div class=\"wrap-figure\">\n<picture>\n<a href=\"https:\/\/www.ole.com.ar\/autos\/reutemann-gano-viedma_0_L0c5LHtPGY.html\" target=\"_self\" rel=\"noopener\"><br \/>\n<img class=\"img-responsive\" alt=\"El gran estratega\" src=\"http:\/\/cordobadirecto.com\/wp-content\/uploads\/2022\/04\/tamo-chelo-1.jpg\" loading=\"lazy\"><br \/>\n<\/a>\n<\/picture>\n<\/div>\n<\/div><\/div>\n<\/div>\n<div class=\"entry-tags\">\n<h2>TEMAS QUE APARECEN EN ESTA NOTA<\/h2>\n<\/p><\/div>\n","protected":false},"excerpt":{"rendered":"<p>El aut\u00f3dromo de Viedma fue el escenario elegido para la tercera fecha del Top Race que fue ganada por Ian Reutemann con el Lexus. Por su parte, el Chelo Marcelo Ciarrocchi lleg\u00f3 segundo y es el nuevo l\u00edder del campeonato. Mir\u00e1 tambi\u00e9n Principales posiciones \u2013 Campeonato Top Race 1-Marcelo Ciarrocchi (Ford) 79 puntos 2-Ian Reutemann [&hellip;]<\/p>\n","protected":false},"author":1,"featured_media":56149,"comment_status":"closed","ping_status":"closed","sticky":false,"template":"","format":"standard","meta":[],"categories":[21],"tags":[],"_links":{"self":[{"href":"http:\/\/cordobadirecto.com\/index.php\/wp-json\/wp\/v2\/posts\/56148"}],"collection":[{"href":"http:\/\/cordobadirecto.com\/index.php\/wp-json\/wp\/v2\/posts"}],"about":[{"href":"http:\/\/cordobadirecto.com\/index.php\/wp-json\/wp\/v2\/types\/post"}],"author":[{"embeddable":true,"href":"http:\/\/cordobadirecto.com\/index.php\/wp-json\/wp\/v2\/users\/1"}],"replies":[{"embeddable":true,"href":"http:\/\/cordobadirecto.com\/index.php\/wp-json\/wp\/v2\/comments?post=56148"}],"version-history":[{"count":0,"href":"http:\/\/cordobadirecto.com\/index.php\/wp-json\/wp\/v2\/posts\/56148\/revisions"}],"wp:featuredmedia":[{"embeddable":true,"href":"http:\/\/cordobadirecto.com\/index.php\/wp-json\/wp\/v2\/media\/56149"}],"wp:attachment":[{"href":"http:\/\/cordobadirecto.com\/index.php\/wp-json\/wp\/v2\/media?parent=56148"}],"wp:term":[{"taxonomy":"category","embeddable":true,"href":"http:\/\/cordobadirecto.com\/index.php\/wp-json\/wp\/v2\/categories?post=56148"},{"taxonomy":"post_tag","embeddable":true,"href":"http:\/\/cordobadirecto.com\/index.php\/wp-json\/wp\/v2\/tags?post=56148"}],"curies":[{"name":"wp","href":"https:\/\/api.w.org\/{rel}","templated":true}]}}