{"id":56150,"date":"2022-04-26T15:32:17","date_gmt":"2022-04-26T15:32:17","guid":{"rendered":"https:\/\/www.ole.com.ar\/autos\/murio-piloto-18-anos_0_ccj3d99IFY.html"},"modified":"2022-04-26T15:32:17","modified_gmt":"2022-04-26T15:32:17","slug":"luto-en-el-rally-argentino","status":"publish","type":"post","link":"http:\/\/cordobadirecto.com\/index.php\/2022\/04\/26\/luto-en-el-rally-argentino\/","title":{"rendered":"Luto en el Rally Argentino"},"content":{"rendered":"<p>El mundo del automovilismo argentino y de todo el Rally Argentino transita momentos dif\u00edciles por el fallecimiento de Santos Arceluz Stefanazzi, piloto pampeano de 18 a\u00f1os, quien muri\u00f3 en un accidente cuando volv\u00eda de correr el Rally Argentina.<\/p>\n<div class=\"sp__SM\">\n<div class=\"content-new \">\n<span class=\"tit-mobile\">Mir\u00e1 tambi\u00e9n<\/span><\/p>\n<div class=\"mg\">\n<div class=\"wrap-figure\">\n<picture>\n<a href=\"https:\/\/www.ole.com.ar\/-\/formula1-exito-tv-reglamento-transmision_0_mNI74Be74C.html\" target=\"_self\" rel=\"noopener\"><br \/>\n<img class=\"img-responsive\" alt=\"La F\u00f3rmula 1 tiene su f\u00f3rmula\" src=\"http:\/\/cordobadirecto.com\/wp-content\/uploads\/2022\/04\/luto-en-el-rally-argentino.jpg\" loading=\"lazy\"><br \/>\n<\/a>\n<\/picture>\n<\/div>\n<\/div><\/div>\n<\/div>\n<p><mark>Arceluz Stefanazzi, que hab\u00eda dado sus primeros pasos en el Campeonato Argentino de Rally con 16 a\u00f1os, viajaba en una camioneta Volkswagen Saveiro<\/mark>, de color blanca que impact\u00f3 de frente contra una Toyota Hilux, de color negro, al mando de una persona identificada como Eduardo Antonio Molina, de 50 a\u00f1os de edad, de San Luis, quien iba con destino a Mendoza.<\/p>\n<p>El accidente sucedi\u00f3 entre los kil\u00f3metros 165 y 170 que su auto -una VW Saveiro- impact\u00f3 de frente con una Toyota Hilux de color negro y, debido a lo fuerte del golpe, provoc\u00f3 la muerte del adolescente,<mark> hijo de Luis Arceluz, otro reconocido piloto que tambi\u00e9n hab\u00eda competido en la ciudad cordobesa de Mina Clavero.<\/mark><\/p>\n<p>El otro conductor, Molina,<mark> fue asistido en el Hospital Segundo Taladriz como consecuencia de un corte en una de sus piernas. Despu\u00e9s que fuera dado de alta qued\u00f3 detenido de manera preventiva.<\/mark><\/p>\n<div class=\"sp__Normal\">\n<div class=\"image-embeb image-trigger\" readability=\"6.5\">\n<picture><source media=\"(min-width: 720px)\" srcset=\"http:\/\/cordobadirecto.com\/wp-content\/uploads\/2022\/04\/luto-en-el-rally-argentino-1.jpg\"><img itemprop=\"image\" src=\"http:\/\/cordobadirecto.com\/wp-content\/uploads\/2022\/04\/luto-en-el-rally-argentino-1.jpg\" loading=\"lazy\" alt=\"Santos Arceluz Stefanazzi ten\u00eda 18 a\u00f1os y perdi\u00f3 la vida en un accidente cuando volv\u00eda de competir en el Rally Argentina.\">\n<\/picture><figcaption readability=\"3\">\n<p>Santos Arceluz Stefanazzi ten\u00eda 18 a\u00f1os y perdi\u00f3 la vida en un accidente cuando volv\u00eda de competir en el Rally Argentina.\n<\/p>\n<\/figcaption><\/div>\n<\/div>\n<p>El hecho qued\u00f3 caratulado como<mark> &#8220;muerte en accidente de tr\u00e1nsito, con intervenci\u00f3n de fiscal\u00eda de la Cuarta Circunscripci\u00f3n Judicial, a cargo de Enzo Paolo Rangone.<\/mark><\/p>\n<div class=\"sp__SM\">\n<div class=\"content-new \">\n<span class=\"tit-mobile\">Mir\u00e1 tambi\u00e9n<\/span><\/p>\n<div class=\"mg\">\n<div class=\"wrap-figure\">\n<picture>\n<a href=\"https:\/\/www.ole.com.ar\/autos\/pasa-mercedes-hamilton-formula1_0_smk2zbgWRV.html\" target=\"_self\" rel=\"noopener\"><br \/>\n<img class=\"img-responsive\" alt=\"F\u00f3rmula 1: \u00bfqu\u00e9 les pasa a Mercedes y Hamilton?\" src=\"http:\/\/cordobadirecto.com\/wp-content\/uploads\/2022\/04\/luto-en-el-rally-argentino-2.jpg\" loading=\"lazy\"><br \/>\n<\/a>\n<\/picture>\n<\/div>\n<\/div><\/div>\n<\/div>\n<p>Por su parte, el Rally Argentino lament\u00f3 la p\u00e9rdida del joven competidor y envi\u00f3 sus condolencias a sus familiares y amigos: <mark>&#8220;Todos los integrantes de Rally Argentino expresan sus m\u00e1s sentidas condolencias a familiares, amigos, y allegados de Santos Arceluz, piloto de la categor\u00eda que falleci\u00f3 en la madrugada de este lunes como consecuencia de un accidente de tr\u00e1nsito en la ruta, mientras volv\u00eda de competir en el Rally Argentina, disputado en Mina Clavero&#8221;.<\/mark><\/p>\n<div class=\"sp__Normal htmlLibre\">\n<div class=\"embed-responsive-c\" readability=\"7.9915966386555\">\n<blockquote class=\"twitter-tweet\" readability=\"9.7675070028011\">\n<p lang=\"es\" dir=\"ltr\">Todos los integrantes de Rally Argentino expresan sus m\u00e1s sentidas condolencias a familiares, amigos, y allegados de Santos Arceluz.<br \/>Nuestro sentido p\u00e9same para Luis, su padre, tambi\u00e9n piloto de Rally Argentino.<br \/>Les enviamos fuerzas para afrontar este doloroso momento. <a href=\"https:\/\/t.co\/yp8MGTR38u\">pic.twitter.com\/yp8MGTR38u<\/a><\/p>\n<p>\u2014 Rally Argentino Directv (@RallyArgentino) <a href=\"https:\/\/twitter.com\/RallyArgentino\/status\/1518599887960645635?ref_src=twsrc%5Etfw\">April 25, 2022<\/a><\/p><\/blockquote><\/div>\n<\/div>\n<div class=\"entry-tags\">\n<h2>TEMAS QUE APARECEN EN ESTA NOTA<\/h2>\n<\/p><\/div>\n","protected":false},"excerpt":{"rendered":"<p>El mundo del automovilismo argentino y de todo el Rally Argentino transita momentos dif\u00edciles por el fallecimiento de Santos Arceluz Stefanazzi, piloto pampeano de 18 a\u00f1os, quien muri\u00f3 en un accidente cuando volv\u00eda de correr el Rally Argentina. Mir\u00e1 tambi\u00e9n Arceluz Stefanazzi, que hab\u00eda dado sus primeros pasos en el Campeonato Argentino de Rally con [&hellip;]<\/p>\n","protected":false},"author":1,"featured_media":56151,"comment_status":"closed","ping_status":"closed","sticky":false,"template":"","format":"standard","meta":[],"categories":[21],"tags":[],"_links":{"self":[{"href":"http:\/\/cordobadirecto.com\/index.php\/wp-json\/wp\/v2\/posts\/56150"}],"collection":[{"href":"http:\/\/cordobadirecto.com\/index.php\/wp-json\/wp\/v2\/posts"}],"about":[{"href":"http:\/\/cordobadirecto.com\/index.php\/wp-json\/wp\/v2\/types\/post"}],"author":[{"embeddable":true,"href":"http:\/\/cordobadirecto.com\/index.php\/wp-json\/wp\/v2\/users\/1"}],"replies":[{"embeddable":true,"href":"http:\/\/cordobadirecto.com\/index.php\/wp-json\/wp\/v2\/comments?post=56150"}],"version-history":[{"count":0,"href":"http:\/\/cordobadirecto.com\/index.php\/wp-json\/wp\/v2\/posts\/56150\/revisions"}],"wp:featuredmedia":[{"embeddable":true,"href":"http:\/\/cordobadirecto.com\/index.php\/wp-json\/wp\/v2\/media\/56151"}],"wp:attachment":[{"href":"http:\/\/cordobadirecto.com\/index.php\/wp-json\/wp\/v2\/media?parent=56150"}],"wp:term":[{"taxonomy":"category","embeddable":true,"href":"http:\/\/cordobadirecto.com\/index.php\/wp-json\/wp\/v2\/categories?post=56150"},{"taxonomy":"post_tag","embeddable":true,"href":"http:\/\/cordobadirecto.com\/index.php\/wp-json\/wp\/v2\/tags?post=56150"}],"curies":[{"name":"wp","href":"https:\/\/api.w.org\/{rel}","templated":true}]}}