{"id":56154,"date":"2022-04-26T08:02:40","date_gmt":"2022-04-26T08:02:40","guid":{"rendered":"https:\/\/es.digitaltrends.com\/?p=941745"},"modified":"2022-04-26T08:02:40","modified_gmt":"2022-04-26T08:02:40","slug":"elon-musk-compra-twitter-y-ahora-que-pasara","status":"publish","type":"post","link":"http:\/\/cordobadirecto.com\/index.php\/2022\/04\/26\/elon-musk-compra-twitter-y-ahora-que-pasara\/","title":{"rendered":"Elon Musk compra Twitter: y ahora \u00bfqu\u00e9 pasar\u00e1?"},"content":{"rendered":"<div><img src=\"http:\/\/cordobadirecto.com\/wp-content\/uploads\/2022\/04\/elon-musk-compra-twitter-y-ahora-que-pasara.jpg\" class=\"ff-og-image-inserted\"><\/div>\n<p>Y se sali\u00f3 con la suya. Lo que comenz\u00f3 como un tuit bravuc\u00f3n (otro m\u00e1s) que public\u00f3 el pasado 14 de abril y en el que dec\u00eda que quer\u00eda comprar la red social para que \u00e9l y todo el mundo pudiesen decir lo que quisiesen. En nombre de la libertad de expresi\u00f3n absoluta, vino a decir. Con los d\u00edas, ese tuit bravuc\u00f3n se convirti\u00f3 en una oferta tan s\u00f3lida que \u2013como si la hubiese hecho Marlon Brando en <em>The Godfather\u2013<\/em> no se pod\u00eda rechazar.&nbsp;&nbsp;<\/p>\n<h3>Te va a interesar<\/h3>\n<p>Elon Musk cerr\u00f3 un acuerdo para comprar Twitter por $44 mil millones de d\u00f3lares en efectivo este lunes 25 de abril. La red pasa a estar al 100% bajo propiedad de Musk, el nuevo adalid de la libertad de expresi\u00f3n y que, por lo mismo, ha criticado en el pasado la moderaci\u00f3n de Twitter.<\/p>\n<p>Musk quiere que los algoritmos de Twitter \u2013los que deciden qu\u00e9 tuit va arriba, cu\u00e1l va despu\u00e9s y cu\u00e1l no va\u2013 sean de p\u00fablico conocimiento. Tampoco quiere que las corporaciones que se anuncian en la red tengan tanto control sobre ella.<\/p>\n<p>\u00bfQu\u00e9 significa todo esto? Muchos se temen que ahora haya menos moderaci\u00f3n y vuelvan las personas prohibidas, incluido el expresidente Donald Trump. Musk tambi\u00e9n quiere que las herramientas de la red sean m\u00e1s f\u00e1ciles de usar. Quiere un bot\u00f3n de edici\u00f3n, adem\u00e1s&nbsp; de la salida definitiva de los \u201cbots de spam\u201d, esos supuestos usuarios que env\u00edan miles de tuits (muchos de ellos de odio) y que no tienen una identidad real.<\/p>\n<p>El ex director ejecutivo de Twitter, Jack Dorsey, agradeci\u00f3 en unos tuits tanto a Musk como al actual director ejecutivo de Twitter, Parag Agrawal, por \u201csacar a la empresa de una situaci\u00f3n imposible\u201d. Y agreg\u00f3: \u201cTwitter ha sido propiedad de Wall Street y del modelo publicitario. Sacarlo de Wall Street es un primer paso correcto\u201d.<\/p>\n<p>Musk, que seg\u00fan Forbes tiene una fortuna estimada de 268,000 millones de d\u00f3lares, ha dicho que <a href=\"https:\/\/www.reuters.com\/technology\/exclusive-twitter-set-accept-musks-best-final-offer-sources-2022-04-25\/\" target=\"_blank\" rel=\"noopener\">no le preocupa<\/a> principalmente la econom\u00eda de Twitter. \u201cTener una plataforma p\u00fablica en la que se conf\u00ede al m\u00e1ximo y que sea ampliamente inclusiva es extremadamente importante para el futuro de la civilizaci\u00f3n. No me importa en absoluto la econom\u00eda\u201d, dijo en un discurso p\u00fablico reciente. Es decir, no tiene intensi\u00f3n de hacer negocios con la red social. Habr\u00e1 que ver qu\u00e9 sucede si la compa\u00f1\u00eda comienza a generar p\u00e9rdidas.<\/p>\n<p>La transacci\u00f3n de Twitter fue aprobada por el directorio de la compa\u00f1\u00eda y ahora est\u00e1 sujeta a la votaci\u00f3n de los accionistas, pero no se esperan obst\u00e1culos regulatorios, asegura <a href=\"https:\/\/www.reuters.com\/technology\/exclusive-twitter-set-accept-musks-best-final-offer-sources-2022-04-25\/\" target=\"_blank\" rel=\"noopener\">Reuter<\/a>.<\/p>\n<p>Aunque es solo una d\u00e9cima parte del tama\u00f1o de plataformas como Facebook, a Twitter se le atribuye haber ayudado a generar el levantamiento de la Primavera \u00c1rabe. Tambi\u00e9n se le ha acusado de desempe\u00f1ar un papel fundamental en el asalto al Capitolio del 6 de enero de 2021.&nbsp;<\/p>\n<p>Cuando Twitter vet\u00f3 a Trump por la responsabilidad del expresidente en los actos violentos, Musk dijo en un tuit que \u201cMucha gente va a estar muy descontenta con que la alta tecnolog\u00eda de la Costa Oeste sea \u00e1rbitro de facto de la libertad de expresi\u00f3n\u201d.<\/p>\n<p>La Casa Blanca se neg\u00f3 el lunes a comentar sobre el acuerdo de Musk, pero dijo que el presidente Joe Biden ha estado preocupado durante mucho tiempo por el poder de las plataformas de redes sociales. \u201cNuestras preocupaciones no son nuevas\u201d, dijo Jen Psaki, portavoz de la Casa Blanca, y agreg\u00f3 que las plataformas deben rendir cuentas.<\/p>\n<p>Como se ve, comienza una nueva aventura en la vida de Musk, y es seguro que dar\u00e1 mucho que hablar.<\/p>\n<h4 class=\"b-editors-recs-title h-editors-recs-title\"> Recomendaciones del editor\t<\/h4>\n<p> <span id=\"publisher-md\" itemprop=\"publisher\" itemscope itemtype=\"https:\/\/schema.org\/Organization\"> <span itemprop=\"url\" itemtype=\"https:\/\/schema.org\/Url\" content=\"https:\/\/es.digitaltrends.com\"> <span itemprop=\"logo\" itemscope itemtype=\"https:\/\/schema.org\/ImageObject\"> <meta itemprop=\"url\" content=\"https:\/\/cdn.dtcn.com\/dt\/dt-logo-small.png\"> <meta itemprop=\"width\" content=\"0\"> <meta itemprop=\"height\" content=\"0\"> <\/span> <meta itemprop=\"name\" content=\"Digital Trends Espa\u00f1ol\"> <\/span> <span itemprop=\"image\" itemscope itemtype=\"https:\/\/schema.org\/ImageObject\"> <meta itemprop=\"url\" content=\"http:\/\/cordobadirecto.com\/wp-content\/uploads\/2022\/04\/elon-musk-compra-twitter-y-ahora-que-pasara.jpg\"> <\/span> <\/span><\/p>\n","protected":false},"excerpt":{"rendered":"<p>Y se sali\u00f3 con la suya. Lo que comenz\u00f3 como un tuit bravuc\u00f3n (otro m\u00e1s) que public\u00f3 el pasado 14 de abril y en el que dec\u00eda que quer\u00eda comprar la red social para que \u00e9l y todo el mundo pudiesen decir lo que quisiesen. En nombre de la libertad de expresi\u00f3n absoluta, vino a [&hellip;]<\/p>\n","protected":false},"author":1,"featured_media":56155,"comment_status":"closed","ping_status":"closed","sticky":false,"template":"","format":"standard","meta":[],"categories":[26],"tags":[],"_links":{"self":[{"href":"http:\/\/cordobadirecto.com\/index.php\/wp-json\/wp\/v2\/posts\/56154"}],"collection":[{"href":"http:\/\/cordobadirecto.com\/index.php\/wp-json\/wp\/v2\/posts"}],"about":[{"href":"http:\/\/cordobadirecto.com\/index.php\/wp-json\/wp\/v2\/types\/post"}],"author":[{"embeddable":true,"href":"http:\/\/cordobadirecto.com\/index.php\/wp-json\/wp\/v2\/users\/1"}],"replies":[{"embeddable":true,"href":"http:\/\/cordobadirecto.com\/index.php\/wp-json\/wp\/v2\/comments?post=56154"}],"version-history":[{"count":0,"href":"http:\/\/cordobadirecto.com\/index.php\/wp-json\/wp\/v2\/posts\/56154\/revisions"}],"wp:featuredmedia":[{"embeddable":true,"href":"http:\/\/cordobadirecto.com\/index.php\/wp-json\/wp\/v2\/media\/56155"}],"wp:attachment":[{"href":"http:\/\/cordobadirecto.com\/index.php\/wp-json\/wp\/v2\/media?parent=56154"}],"wp:term":[{"taxonomy":"category","embeddable":true,"href":"http:\/\/cordobadirecto.com\/index.php\/wp-json\/wp\/v2\/categories?post=56154"},{"taxonomy":"post_tag","embeddable":true,"href":"http:\/\/cordobadirecto.com\/index.php\/wp-json\/wp\/v2\/tags?post=56154"}],"curies":[{"name":"wp","href":"https:\/\/api.w.org\/{rel}","templated":true}]}}