{"id":56164,"date":"2022-04-26T20:56:00","date_gmt":"2022-04-26T20:56:00","guid":{"rendered":"http:\/\/cordobadirecto.com\/index.php\/2022\/04\/26\/se-reporto-la-menor-tasa-de-muertes-por-covid-desde-el-comienzo-de-la-pandemia\/"},"modified":"2022-04-26T20:56:00","modified_gmt":"2022-04-26T20:56:00","slug":"se-reporto-la-menor-tasa-de-muertes-por-covid-desde-el-comienzo-de-la-pandemia","status":"publish","type":"post","link":"http:\/\/cordobadirecto.com\/index.php\/2022\/04\/26\/se-reporto-la-menor-tasa-de-muertes-por-covid-desde-el-comienzo-de-la-pandemia\/","title":{"rendered":"Se report\u00f3 la menor tasa de muertes por Covid desde el comienzo de la pandemia"},"content":{"rendered":"<figure class=\"mb-3\"><img loading=\"lazy\" src=\"http:\/\/cordobadirecto.com\/wp-content\/uploads\/2022\/04\/se-reporto-la-menor-tasa-de-muertes-por-covid-desde-el-comienzo-de-la-pandemia.jpg\" width=\"100%\" height=\"100%\" alt=\"El jefe de la OMS record que la amenaza de una nueva y peligrosa variante sigue siendo muy real Foto archivo Leo Vaca\"><figcaption> El jefe de la OMS record\u00f3 que la amenaza de una nueva y peligrosa variante sigue siendo muy real (Foto archivo Leo Vaca) <\/figcaption><\/figure>\n<p>Los contagios y muertes por coronavirus est\u00e1n descendiendo en todo el mundo a los niveles m\u00e1s bajos desde el inicio de la pandemia, inform\u00f3 este martes el jefe de la Organizaci\u00f3n Mundial de la Salud (OMS) una situaci\u00f3n que calific\u00f3 de &#8220;alentadora&#8221;, aunque insisti\u00f3 en que los pa\u00edses sigan realizando test diagn\u00f3sticos.<\/p>\n<p>&#8220;A nivel mundial, los casos y muertes por Covid-19 registrados siguen disminuyendo, lo cual es muy alentador; la semana pasada, se inform\u00f3 a la OMS de poco m\u00e1s de 15.000 muertes, el total semanal m\u00e1s bajo desde marzo de 2020&#8221;, dijo el director general de la OMS, <strong>Tedros Adhanom Ghebreyesus, en conferencia de prensa en Ginebra.<\/strong><\/p>\n<p><strong>&#8220;Esta es una tendencia muy bienvenida, pero debemos acogerla con cierta cautela&#8221;<\/strong>, asegur\u00f3 Ghebreyesus, citado por la agencia Sputnik.<\/p>\n<p>En este sentido, el director de la OMS advirti\u00f3 que a medida que muchos pa\u00edses reducen las pruebas, la Organizaci\u00f3n recibe cada vez menos informaci\u00f3n sobre la transmisi\u00f3n y la secuenciaci\u00f3n, &#8220;lo que nos hace cada vez m\u00e1s ciegos a los patrones de transmisi\u00f3n y evoluci\u00f3n&#8221;.<\/p>\n<blockquote class=\"twitter-tweet\" readability=\"10.295081967213\">\n<p lang=\"en\" dir=\"ltr\">\ud83c\udf0d, <a href=\"https:\/\/twitter.com\/hashtag\/COVID19?src=hash&amp;ref_src=twsrc%5Etfw\">#COVID19<\/a> cases &amp; deaths continue to decline, which is very good news. However, reduced testing in many countries makes us blind to patterns of transmission &amp; evolution. When it comes to a deadly virus, ignorance is not bliss. <a href=\"https:\/\/twitter.com\/WHO?ref_src=twsrc%5Etfw\">@WHO<\/a> calls for countries to maintain surveillance. <a href=\"https:\/\/t.co\/ND6tCEWJon\">pic.twitter.com\/ND6tCEWJon<\/a><\/p>\n<p>\u2014 Tedros Adhanom Ghebreyesus (@DrTedros) <a href=\"https:\/\/twitter.com\/DrTedros\/status\/1519024145316646912?ref_src=twsrc%5Etfw\">April 26, 2022<\/a><\/p><\/blockquote>\n<p><strong>&#8220;Pero este virus no desaparecer\u00e1 solo porque los pa\u00edses dejen de buscarlo. Sigue propag\u00e1ndose, sigue cambiando y sigue matando&#8221;<\/strong>, advirti\u00f3.<\/p>\n<p>De hecho, el jefe de la OMS record\u00f3 que <strong>la amenaza de una nueva y peligrosa variante sigue siendo muy real.<\/strong><\/p>\n<p>&#8220;Aunque las muertes est\u00e1n disminuyendo, todav\u00eda no entendemos las consecuencias a largo plazo de la infecci\u00f3n en los que sobreviven. Cuando se trata de un virus mortal, la ignorancia no es una bendici\u00f3n. La OMS sigue pidiendo a todos los pa\u00edses que mantengan la vigilancia&#8221;, remarc\u00f3.<\/p>\n<p><strong>La epidemi\u00f3loga l\u00edder de la OMS, Maria van Kerkhove<\/strong>, tambi\u00e9n ha manifestado durante la rueda de prensa la importancia de seguir controlando el virus. <strong>&#8220;Necesitamos utilizar los sistemas que se han puesto en marcha y se han mejorado para la amenaza actual de la Covid-19, as\u00ed como para otras amenazas como la del \u00e9bola y de otras enfermedades infecciosas. Ahora no es el momento de retroceder&#8221;.<\/strong><\/p>\n<p>Desde el 11 de marzo de 2020, la OMS califica como pandemia la enfermedad Covid-19 causada por el coronavirus SARS-CoV-2, detectado por primera vez a finales de 2019. El virus caus\u00f3 la muerte de 6.224.312 personas. <\/p>\n","protected":false},"excerpt":{"rendered":"<p>El jefe de la OMS record\u00f3 que la amenaza de una nueva y peligrosa variante sigue siendo muy real (Foto archivo Leo Vaca) Los contagios y muertes por coronavirus est\u00e1n descendiendo en todo el mundo a los niveles m\u00e1s bajos desde el inicio de la pandemia, inform\u00f3 este martes el jefe de la Organizaci\u00f3n Mundial [&hellip;]<\/p>\n","protected":false},"author":1,"featured_media":56165,"comment_status":"closed","ping_status":"closed","sticky":false,"template":"","format":"standard","meta":[],"categories":[24],"tags":[],"_links":{"self":[{"href":"http:\/\/cordobadirecto.com\/index.php\/wp-json\/wp\/v2\/posts\/56164"}],"collection":[{"href":"http:\/\/cordobadirecto.com\/index.php\/wp-json\/wp\/v2\/posts"}],"about":[{"href":"http:\/\/cordobadirecto.com\/index.php\/wp-json\/wp\/v2\/types\/post"}],"author":[{"embeddable":true,"href":"http:\/\/cordobadirecto.com\/index.php\/wp-json\/wp\/v2\/users\/1"}],"replies":[{"embeddable":true,"href":"http:\/\/cordobadirecto.com\/index.php\/wp-json\/wp\/v2\/comments?post=56164"}],"version-history":[{"count":0,"href":"http:\/\/cordobadirecto.com\/index.php\/wp-json\/wp\/v2\/posts\/56164\/revisions"}],"wp:featuredmedia":[{"embeddable":true,"href":"http:\/\/cordobadirecto.com\/index.php\/wp-json\/wp\/v2\/media\/56165"}],"wp:attachment":[{"href":"http:\/\/cordobadirecto.com\/index.php\/wp-json\/wp\/v2\/media?parent=56164"}],"wp:term":[{"taxonomy":"category","embeddable":true,"href":"http:\/\/cordobadirecto.com\/index.php\/wp-json\/wp\/v2\/categories?post=56164"},{"taxonomy":"post_tag","embeddable":true,"href":"http:\/\/cordobadirecto.com\/index.php\/wp-json\/wp\/v2\/tags?post=56164"}],"curies":[{"name":"wp","href":"https:\/\/api.w.org\/{rel}","templated":true}]}}