{"id":56227,"date":"2022-04-27T19:20:22","date_gmt":"2022-04-27T19:20:22","guid":{"rendered":"https:\/\/cordoba.gob.ar\/?p=22684"},"modified":"2022-04-27T19:20:22","modified_gmt":"2022-04-27T19:20:22","slug":"los-personajes-de-tute-cobran-vida-en-un-mural-de-barrio-guemes","status":"publish","type":"post","link":"http:\/\/cordobadirecto.com\/index.php\/2022\/04\/27\/los-personajes-de-tute-cobran-vida-en-un-mural-de-barrio-guemes\/","title":{"rendered":"Los personajes de Tute cobran vida en un mural de barrio G\u00fcemes"},"content":{"rendered":"<div><img src=\"http:\/\/cordobadirecto.com\/wp-content\/uploads\/2022\/04\/los-personajes-de-tute-cobran-vida-en-un-mural-de-barrio-guemes.jpg\" class=\"ff-og-image-inserted\"><\/div>\n<ul>\n<li><strong>Con la genialidad que caracteriza al humorista gr\u00e1fico, sus creaciones ya pueden disfrutarse en la ciudad.<\/strong><\/li>\n<li><strong>La intervenci\u00f3n art\u00edstica completa 80 m\u00b2 sobre un muro que mira a la tradicional Ca\u00f1ada cordobesa.<\/strong><\/li>\n<li><strong>El programa municipal \u201cArte de Nuestra Gente\u201d completa m\u00e1s de 96.400 m\u00b2 de arte urbano.<\/strong><\/li>\n<\/ul>\n<hr>\n<p>La Municipalidad de C\u00f3rdoba invita a los cordobeses a conocer un mural que representa la genial obra de Tute (Juan Mat\u00edas Loiseau), en el coraz\u00f3n de barrio G\u00fcemes.<\/p>\n<p>Se trata de vi\u00f1etas que recrean los personajes \u201cMabel y Rub\u00e9n\u201d, la pareja emblem\u00e1tica de las historietas de Tute, que se encuentran plasmadas en 80 m\u00b2 sobre un pared\u00f3n ubicado en Marcelo T. de Alvear 653.<\/p>\n<p>El reconocido artista se incorpor\u00f3 al programa \u201cArte de Nuestra Gente\u201dque lleva adelante la Secretar\u00eda de Cultura y Juventud municipal, el cual ha completado un total de 96.463 m\u00b2 con intervenciones art\u00edsticas en distintos puntos de la ciudad.<\/p>\n<p>Esta iniciativa es una pol\u00edtica que promueve y revaloriza el espacio p\u00fablico, impulsada por la gesti\u00f3n del intendente Mart\u00edn Llaryora. El programa se viene realizando desde el a\u00f1o 2020, el cual convoca a artistas consagrados y emergentes a presentar propuestas visuales en formato mural que se plasman en diferentes puntos de la Ciudad de C\u00f3rdoba.<\/p>\n<p><em>\u201cC\u00f3rdoba es la capital del arte urbano y a partir de ahora incorpora a Tute como uno de los grandes artistas que muestran su obra y creatividad en las paredes de nuestra ciudad. Queremos que el programa municipal sea un espacio para visibilizar el arte, el de nuestra gente\u201d<\/em>, expres\u00f3 Mariano Almada, secretario de Cultura y Juventud de la Municipalidad.<\/p>\n<p>Las primeras pinceladas del mural fueron realizadas por el artista gr\u00e1fico Tute, quien destac\u00f3 <em>\u201cMi paso por C\u00f3rdoba tiene como finalidad darle vida a mis personajes en los muros de esta ciudad, para que tanto los vecinos como los turistas puedan tener un momento de humor y distracci\u00f3n como parte del paisaje cordob\u00e9s\u201d.<\/em><\/p>\n<p>La intervenci\u00f3n del mural estuvo a cargo de un grupo de artistas locales, encabezado por el caricaturista Lucho Luna, junto a Federico Camm y el equipo operativo del programa Arte de Nuestra Gente.<\/p>\n<p><em>\u201cEl objetivo es plasmar las vi\u00f1etas tal cual aparecen en las publicaciones del diario, y esto es posible gracias a un programa que visibiliza nuestro trabajo. Buscamos entre todos que C\u00f3rdoba est\u00e9 m\u00e1s linda con nuestros murales\u201d<\/em>, manifest\u00f3 Lucho Luna.<\/p>\n<p>LAS VI\u00d1ETAS DE TUTE<\/p>\n<p>Juan Mat\u00edas Loiseau, conocido como Tute, es hijo del recordado ilustrador Caloi, de vasta trayectoria en el mundo del humor gr\u00e1fico, es reconocido por su talento y capacidad de reflejar lo que pasa en la sociedad a trav\u00e9s de sus personajes.<\/p>\n<p>Estudi\u00f3 dise\u00f1o gr\u00e1fico, humorismo y cine. Desde 1999 publica en el diario La Naci\u00f3n y una p\u00e1gina en su revista dominical. Sus dibujos tambi\u00e9n se publican en diarios del exterior (M\u00e9xico, Colombia, Per\u00fa, Nicaragua, Ecuador, Honduras, Puerto Rico, Panam\u00e1 y Estados Unidos). Realiz\u00f3 dos cortometrajes: El \u00c1ngel de Dorotea (18 min., 2005) premiado en festivales de Argentina y Espa\u00f1a, y Abismos (25 min., 2006) premiada en Argentina y Chile. Particip\u00f3 de muestras individuales y colectivas tanto en el pa\u00eds como en el exterior, tambi\u00e9n realiz\u00f3 numerosas campa\u00f1as publicitarias.<\/p>\n<p>Tute fue distinguido con el Premio Konex 2012 y fue elegido como uno de los 100 argentinos m\u00e1s innovadores por BGH, entre otros reconocimientos.<\/p>\n","protected":false},"excerpt":{"rendered":"<p>Con la genialidad que caracteriza al humorista gr\u00e1fico, sus creaciones ya pueden disfrutarse en la ciudad. La intervenci\u00f3n art\u00edstica completa 80 m\u00b2 sobre un muro que mira a la tradicional Ca\u00f1ada cordobesa. El programa municipal \u201cArte de Nuestra Gente\u201d completa m\u00e1s de 96.400 m\u00b2 de arte urbano. La Municipalidad de C\u00f3rdoba invita a los cordobeses [&hellip;]<\/p>\n","protected":false},"author":1,"featured_media":56228,"comment_status":"closed","ping_status":"closed","sticky":false,"template":"","format":"standard","meta":[],"categories":[44],"tags":[],"_links":{"self":[{"href":"http:\/\/cordobadirecto.com\/index.php\/wp-json\/wp\/v2\/posts\/56227"}],"collection":[{"href":"http:\/\/cordobadirecto.com\/index.php\/wp-json\/wp\/v2\/posts"}],"about":[{"href":"http:\/\/cordobadirecto.com\/index.php\/wp-json\/wp\/v2\/types\/post"}],"author":[{"embeddable":true,"href":"http:\/\/cordobadirecto.com\/index.php\/wp-json\/wp\/v2\/users\/1"}],"replies":[{"embeddable":true,"href":"http:\/\/cordobadirecto.com\/index.php\/wp-json\/wp\/v2\/comments?post=56227"}],"version-history":[{"count":0,"href":"http:\/\/cordobadirecto.com\/index.php\/wp-json\/wp\/v2\/posts\/56227\/revisions"}],"wp:featuredmedia":[{"embeddable":true,"href":"http:\/\/cordobadirecto.com\/index.php\/wp-json\/wp\/v2\/media\/56228"}],"wp:attachment":[{"href":"http:\/\/cordobadirecto.com\/index.php\/wp-json\/wp\/v2\/media?parent=56227"}],"wp:term":[{"taxonomy":"category","embeddable":true,"href":"http:\/\/cordobadirecto.com\/index.php\/wp-json\/wp\/v2\/categories?post=56227"},{"taxonomy":"post_tag","embeddable":true,"href":"http:\/\/cordobadirecto.com\/index.php\/wp-json\/wp\/v2\/tags?post=56227"}],"curies":[{"name":"wp","href":"https:\/\/api.w.org\/{rel}","templated":true}]}}