{"id":56310,"date":"2022-04-28T00:40:50","date_gmt":"2022-04-28T00:40:50","guid":{"rendered":"http:\/\/cordobadirecto.com\/index.php\/2022\/04\/28\/por-contraer-covid-19-fito-paez-no-tocara-en-el-quilmes-rock-y-tampoco-viajara-a-espana\/"},"modified":"2022-04-28T00:40:50","modified_gmt":"2022-04-28T00:40:50","slug":"por-contraer-covid-19-fito-paez-no-tocara-en-el-quilmes-rock-y-tampoco-viajara-a-espana","status":"publish","type":"post","link":"http:\/\/cordobadirecto.com\/index.php\/2022\/04\/28\/por-contraer-covid-19-fito-paez-no-tocara-en-el-quilmes-rock-y-tampoco-viajara-a-espana\/","title":{"rendered":"Por contraer Covid-19 Fito P\u00e1ez no tocar\u00e1 en el Quilmes Rock y tampoco viajar\u00e1 a Espa\u00f1a"},"content":{"rendered":"<figure class=\"mb-3\"><img loading=\"lazy\" src=\"http:\/\/cordobadirecto.com\/wp-content\/uploads\/2022\/04\/por-contraer-covid-19-fito-paez-no-tocara-en-el-quilmes-rock-y-tampoco-viajara-a-espana.jpg\" width=\"100%\" height=\"100%\" alt=\"Fito Pez afectado por Covid 19 suspende toda su agenda hasta nuevo aviso\"><figcaption> Fito P\u00e1ez afectado por Covid 19, suspende toda su agenda hasta nuevo aviso. <\/figcaption><\/figure>\n<p>El m\u00fasico y compositor <strong>Fito P\u00e1ez<\/strong> comunic\u00f3 a trav\u00e9s de sus redes sociales que <strong>contrajo Covid-19 y \u201ccomo la salud indica ahora cuidados y reposos\u201d, no participar\u00e1 el s\u00e1bado de la primera jornada del Quilmes Rock ni viajar\u00e1 a tocar a Madrid y Barcelona la semana pr\u00f3xima.<\/strong><\/p>\n<p>Ante la ausencia de P\u00e1ez, desde la organizaci\u00f3n del festival que el s\u00e1bado y domingo se desarrollar\u00e1 en el predio de Tecn\u00f3polis, indicaron: <strong>&#8220;nos hubiera encantado contar con el show de Fito en esta edici\u00f3n tan especial del Quilmes Rock pero la salud y seguridad de los fans, artistas, staff y nuestra comunidad sigue siendo nuestra m\u00e1xima prioridad&#8221;<\/strong>.<\/p>\n<p>A sabiendas de lo convocante que resulta el tambi\u00e9n cineasta y escritor, los responsables del encuentro informaron que <strong>&#8220;aquellas personas que est\u00e9n interesadas en la devoluci\u00f3n de las entradas adquiridas, podr\u00e1n solicitar el reintegro del dinero abonado a partir de hoy y hasta el viernes 29 de abril&#8221;.<\/strong><\/p>\n<blockquote class=\"instagram-media\" data-instgrm-captioned data-instgrm-permalink=\"https:\/\/www.instagram.com\/p\/Cc3XN1su0xc\/?utm_source=ig_embed&amp;utm_campaign=loading\" data-instgrm-version=\"14\" readability=\"-0.2258064516129\"><\/blockquote>\n<p>Por su parte, el artista rosarino escribi\u00f3 en su cuenta de Instagram @fitopaezmusica: <strong>\u201cHola amigxs de Baires, Madrid y Barcelona. La mala nueva es que cog\u00ed Covid 19 y por orden de mis m\u00e9dicos me veo en la obligaci\u00f3n de levantar mis compromisos del Festival Quilmes Rock el d\u00eda 30 de abril, el Wizink Center de Madrid el d\u00eda 5 de mayo y el Auditori Forum de Barcelona el d\u00eda 7 del mismo mes\u201d.<\/strong><\/p>\n<p>El creador apunt\u00f3 en el texto que \u201ccon seguridad los recitales de Madrid y Barcelona ser\u00e1n reprogramados para m\u00e1s adelante en el 2022 o 2023. Ten\u00eda muchas ilusiones sobre estos conciertos, pero la salud indica ahora cuidados y reposos. Estoy en mi casa, con todos los recaudos del caso, asistido con amor y dedicaci\u00f3n. Lxs abrazo con todo!\u201d. <\/p>\n","protected":false},"excerpt":{"rendered":"<p>Fito P\u00e1ez afectado por Covid 19, suspende toda su agenda hasta nuevo aviso. El m\u00fasico y compositor Fito P\u00e1ez comunic\u00f3 a trav\u00e9s de sus redes sociales que contrajo Covid-19 y \u201ccomo la salud indica ahora cuidados y reposos\u201d, no participar\u00e1 el s\u00e1bado de la primera jornada del Quilmes Rock ni viajar\u00e1 a tocar a Madrid [&hellip;]<\/p>\n","protected":false},"author":1,"featured_media":56311,"comment_status":"closed","ping_status":"closed","sticky":false,"template":"","format":"standard","meta":[],"categories":[20],"tags":[],"_links":{"self":[{"href":"http:\/\/cordobadirecto.com\/index.php\/wp-json\/wp\/v2\/posts\/56310"}],"collection":[{"href":"http:\/\/cordobadirecto.com\/index.php\/wp-json\/wp\/v2\/posts"}],"about":[{"href":"http:\/\/cordobadirecto.com\/index.php\/wp-json\/wp\/v2\/types\/post"}],"author":[{"embeddable":true,"href":"http:\/\/cordobadirecto.com\/index.php\/wp-json\/wp\/v2\/users\/1"}],"replies":[{"embeddable":true,"href":"http:\/\/cordobadirecto.com\/index.php\/wp-json\/wp\/v2\/comments?post=56310"}],"version-history":[{"count":0,"href":"http:\/\/cordobadirecto.com\/index.php\/wp-json\/wp\/v2\/posts\/56310\/revisions"}],"wp:featuredmedia":[{"embeddable":true,"href":"http:\/\/cordobadirecto.com\/index.php\/wp-json\/wp\/v2\/media\/56311"}],"wp:attachment":[{"href":"http:\/\/cordobadirecto.com\/index.php\/wp-json\/wp\/v2\/media?parent=56310"}],"wp:term":[{"taxonomy":"category","embeddable":true,"href":"http:\/\/cordobadirecto.com\/index.php\/wp-json\/wp\/v2\/categories?post=56310"},{"taxonomy":"post_tag","embeddable":true,"href":"http:\/\/cordobadirecto.com\/index.php\/wp-json\/wp\/v2\/tags?post=56310"}],"curies":[{"name":"wp","href":"https:\/\/api.w.org\/{rel}","templated":true}]}}