{"id":56319,"date":"2022-04-26T14:23:33","date_gmt":"2022-04-26T14:23:33","guid":{"rendered":"https:\/\/www.ole.com.ar\/-\/formula1-exito-tv-reglamento-transmision_0_mNI74Be74C.html"},"modified":"2022-04-26T14:23:33","modified_gmt":"2022-04-26T14:23:33","slug":"la-formula-1-tiene-su-formula","status":"publish","type":"post","link":"http:\/\/cordobadirecto.com\/index.php\/2022\/04\/26\/la-formula-1-tiene-su-formula\/","title":{"rendered":"La F\u00f3rmula 1 tiene su f\u00f3rmula"},"content":{"rendered":"<p>En <a data-cke-saved-href=\"https:\/\/www.ole.com.ar\/autos\/pasa-mercedes-hamilton-formula1_0_smk2zbgWRV.html\" target=\"_blank\" href=\"https:\/\/www.ole.com.ar\/autos\/pasa-mercedes-hamilton-formula1_0_smk2zbgWRV.html\" rel=\"noopener\">una nota que ya publicamos intentamos buscar las razones<\/a> por las cuales Lewis Hamilton y Mercedes, equipo que domin\u00f3 la <a alt=\"formula-1\" class=\"slug\" href=\"https:\/\/www.ole.com.ar\/tema\/formula-1.html\" target=\"_blank\" title=\"formula-1\" rel=\"noopener\">F\u00f3rmula 1 <\/a>desde el 2014, no comenzaron el 2022 de la misma manera y, por eso, penan en los circuitos y fuera de ellos. Lo arreglar\u00e1n o no, se ver\u00e1 en las pr\u00f3ximas carreras.<\/p>\n<div class=\"sp__SM\">\n<div class=\"content-new \">\n<span class=\"tit-mobile\">Mir\u00e1 tambi\u00e9n<\/span><\/p>\n<div class=\"mg\">\n<div class=\"wrap-figure\">\n<picture>\n<a href=\"https:\/\/www.ole.com.ar\/autos\/pasa-mercedes-hamilton-formula1_0_smk2zbgWRV.html\" target=\"_self\" rel=\"noopener\"><br \/>\n<img class=\"img-responsive\" alt=\"F\u00f3rmula 1: \u00bfqu\u00e9 les pasa a Mercedes y Hamilton?\" src=\"http:\/\/cordobadirecto.com\/wp-content\/uploads\/2022\/04\/la-formula-1-tiene-su-formula.jpg\" loading=\"lazy\"><br \/>\n<\/a>\n<\/picture>\n<\/div>\n<\/div><\/div>\n<\/div>\n<p>Independientemente de si les pueden sacar punta a las Flechas de Plata, el fan\u00e1tico y hasta la persona que se acerca a la pantalla para ver de qu\u00e9 se trata esto, disfruta. <strong>Porque la F\u00f3rmula 1 supo encontrar la \u00eddem que convierte a las carreras en espect\u00e1culo<\/strong>, a otrora desconocidos jefes de equipo en verdaderas estrellas de un show que se espera los domingos y hasta los viernes de pruebas.<\/p>\n<div class=\"sp__Normal\">\n<div class=\"image-embeb image-trigger\" readability=\"7\">\n<picture><source media=\"(min-width: 720px)\" srcset=\"http:\/\/cordobadirecto.com\/wp-content\/uploads\/2022\/04\/la-formula-1-tiene-su-formula-1.jpg\"><img itemprop=\"image\" src=\"http:\/\/cordobadirecto.com\/wp-content\/uploads\/2022\/04\/la-formula-1-tiene-su-formula-1.jpg\" loading=\"lazy\" alt=\"Wolff y Horner, exdesconocidos, hoy directores de equipo estrellas.\">\n<\/picture><figcaption readability=\"4\">\n<p>Wolff y Horner, exdesconocidos, hoy directores de equipo estrellas.\n<\/p>\n<\/figcaption><\/div>\n<\/div>\n<p>Es verdad incontrastable que la serie de Netflix result\u00f3 clave para llevar el circo de la M\u00e1xima a los hogares no tuercas, con c\u00e1maras que llegaron hasta la intimidad de pilotos, familiares y allegados. As\u00ed se pudo ver a<a alt=\"valtteri-bottas\" class=\"slug\" href=\"https:\/\/www.ole.com.ar\/tema\/valtteri-bottas.html\" target=\"_blank\" title=\"valtteri-bottas\" rel=\"noopener\"> Valtteri Bottas <\/a>semi desnudo en un sauna; escuchar a<strong> Yuki Tsunoda<\/strong> y las confesiones respecto de sus flatulencias y hasta observar a <strong>Gunther Steiner<\/strong>, el mandam\u00e1s de <a alt=\"haas\" class=\"slug\" href=\"https:\/\/www.ole.com.ar\/tema\/haas.html\" target=\"_blank\" title=\"haas\" rel=\"noopener\">Haas<\/a>, escalar una monta\u00f1a.<\/p>\n<div class=\"sp__SM\">\n<div class=\"content-new \">\n<span class=\"tit-mobile\">Mir\u00e1 tambi\u00e9n<\/span><\/p>\n<div class=\"mg\">\n<div class=\"wrap-figure\">\n<picture>\n<a href=\"https:\/\/www.ole.com.ar\/autos\/wolff-pidio-disculpas-hamilton_0_PUHeZu7Yn3.html\" target=\"_self\" rel=\"noopener\"><br \/>\n<img class=\"img-responsive\" alt=\"&quot;Lo siento, es un auto inmanejable&quot;\" src=\"http:\/\/cordobadirecto.com\/wp-content\/uploads\/2022\/04\/la-formula-1-tiene-su-formula-2.jpg\" loading=\"lazy\"><br \/>\n<\/a>\n<\/picture>\n<\/div>\n<\/div><\/div>\n<\/div>\n<p>Ante semejante espect\u00e1culo, la F\u00f3rmula 1 deb\u00eda equiparar la talla, la altura de aquel contenido. Y vaya si lo hace.<strong> Ver y escuchar la transmisi\u00f3n de la tele es un descubrimiento en s\u00ed, con im\u00e1genes desde adentro de los autos, afuera, arriba<\/strong> (falta que muestren el motor nada m\u00e1s), con estad\u00edsticas renovadas y di\u00e1logos de pilotos y sus boxes que ayudan a entender todo. <strong>Brillante, did\u00e1ctica, emotiva<\/strong>. El tanque lleno.<\/p>\n<div class=\"sp__Normal\">\n<div class=\"image-embeb image-trigger\" readability=\"6.5\">\n<picture><source media=\"(min-width: 720px)\" srcset=\"http:\/\/cordobadirecto.com\/wp-content\/uploads\/2022\/04\/la-formula-1-tiene-su-formula-3.jpg\"><img itemprop=\"image\" src=\"http:\/\/cordobadirecto.com\/wp-content\/uploads\/2022\/04\/la-formula-1-tiene-su-formula-3.jpg\" loading=\"lazy\" alt=\"Verstappen y su Red Bull, brillantes.\">\n<\/picture><figcaption readability=\"3\">\n<p>Verstappen y su Red Bull, brillantes.\n<\/p>\n<\/figcaption><\/div>\n<\/div>\n<p>Por si faltaba algo m\u00e1s, la M\u00e1xima dispone de un reglamento que obliga a los pilotos a dar testimonio despu\u00e9s de las carreras; <strong>a los directivos a contestar preguntas de la prensa con una aguda elecci\u00f3n del protagonista<\/strong>, relacionada a la coyuntura. Las respuestas que se consiguen son filosas, con altura y sin histeria.<\/p>\n<div class=\"sp__SM\">\n<div class=\"content-new \">\n<span class=\"tit-mobile\">Mir\u00e1 tambi\u00e9n<\/span><\/p>\n<div class=\"mg\">\n<div class=\"wrap-figure\">\n<picture>\n<a href=\"https:\/\/www.ole.com.ar\/autos\/reutemann-gano-viedma_0_L0c5LHtPGY.html\" target=\"_self\" rel=\"noopener\"><br \/>\n<img class=\"img-responsive\" alt=\"El gran estratega\" src=\"http:\/\/cordobadirecto.com\/wp-content\/uploads\/2022\/04\/la-formula-1-tiene-su-formula-4.jpg\" loading=\"lazy\"><br \/>\n<\/a>\n<\/picture>\n<\/div>\n<\/div><\/div>\n<\/div>\n<p>Si encima el campeonato es peleado, como el del 2021&#8230; \u00a1qu\u00e9 m\u00e1s se puede pedir!<\/p>\n<div class=\"entry-tags\">\n<h2>TEMAS QUE APARECEN EN ESTA NOTA<\/h2>\n<\/p><\/div>\n","protected":false},"excerpt":{"rendered":"<p>En una nota que ya publicamos intentamos buscar las razones por las cuales Lewis Hamilton y Mercedes, equipo que domin\u00f3 la F\u00f3rmula 1 desde el 2014, no comenzaron el 2022 de la misma manera y, por eso, penan en los circuitos y fuera de ellos. Lo arreglar\u00e1n o no, se ver\u00e1 en las pr\u00f3ximas carreras. [&hellip;]<\/p>\n","protected":false},"author":1,"featured_media":56320,"comment_status":"closed","ping_status":"closed","sticky":false,"template":"","format":"standard","meta":[],"categories":[21],"tags":[],"_links":{"self":[{"href":"http:\/\/cordobadirecto.com\/index.php\/wp-json\/wp\/v2\/posts\/56319"}],"collection":[{"href":"http:\/\/cordobadirecto.com\/index.php\/wp-json\/wp\/v2\/posts"}],"about":[{"href":"http:\/\/cordobadirecto.com\/index.php\/wp-json\/wp\/v2\/types\/post"}],"author":[{"embeddable":true,"href":"http:\/\/cordobadirecto.com\/index.php\/wp-json\/wp\/v2\/users\/1"}],"replies":[{"embeddable":true,"href":"http:\/\/cordobadirecto.com\/index.php\/wp-json\/wp\/v2\/comments?post=56319"}],"version-history":[{"count":0,"href":"http:\/\/cordobadirecto.com\/index.php\/wp-json\/wp\/v2\/posts\/56319\/revisions"}],"wp:featuredmedia":[{"embeddable":true,"href":"http:\/\/cordobadirecto.com\/index.php\/wp-json\/wp\/v2\/media\/56320"}],"wp:attachment":[{"href":"http:\/\/cordobadirecto.com\/index.php\/wp-json\/wp\/v2\/media?parent=56319"}],"wp:term":[{"taxonomy":"category","embeddable":true,"href":"http:\/\/cordobadirecto.com\/index.php\/wp-json\/wp\/v2\/categories?post=56319"},{"taxonomy":"post_tag","embeddable":true,"href":"http:\/\/cordobadirecto.com\/index.php\/wp-json\/wp\/v2\/tags?post=56319"}],"curies":[{"name":"wp","href":"https:\/\/api.w.org\/{rel}","templated":true}]}}