{"id":56331,"date":"2022-04-27T23:23:11","date_gmt":"2022-04-27T23:23:11","guid":{"rendered":"https:\/\/cordoba.gob.ar\/?p=22765"},"modified":"2022-04-27T23:23:11","modified_gmt":"2022-04-27T23:23:11","slug":"campana-de-concientizacion-sobre-le-maltrato-infantil","status":"publish","type":"post","link":"http:\/\/cordobadirecto.com\/index.php\/2022\/04\/27\/campana-de-concientizacion-sobre-le-maltrato-infantil\/","title":{"rendered":"Campa\u00f1a de concientizaci\u00f3n sobre le maltrato infantil"},"content":{"rendered":"<div><img src=\"http:\/\/cordobadirecto.com\/wp-content\/uploads\/2022\/04\/campana-de-concientizacion-sobre-le-maltrato-infantil.jpg\" class=\"ff-og-image-inserted\"><\/div>\n<ul>\n<li><strong>Se llevar\u00e1 a cabo el jueves 28 desde las 11.30 horas en la Plaza de la Intendencia.<\/strong><\/li>\n<li><strong>Se entregar\u00e1n folletos educativos que ayuden a la reflexi\u00f3n sobre los buenos tratos en la crianza infantil y adolescente.<\/strong><\/li>\n<\/ul>\n<hr>\n<p>En el marco del D\u00eda internacional de lucha contra el Maltrato Infantil, y con el fin de encauzar acciones para erradicar las diferentes formas de violencias que reciben ni\u00f1os y adolescentes es que desde la Municipalidad de C\u00f3rdoba, y a trav\u00e9s de la Subdirecci\u00f3n de Infancias, Juventudes y Familia, se propuso desarrollar una campa\u00f1a de sensibilizaci\u00f3n, concientizaci\u00f3n y prevenci\u00f3n sobre l\u00edmites y buenos tratos.<\/p>\n<p>La Organizaci\u00f3n Mundial de la Salud, OMS, define el maltrato infantil como <em>\u201clos abusos y la desatenci\u00f3n de que son objeto los menores de 18 a\u00f1os, e incluye todos los tipos de maltrato f\u00edsico o psicol\u00f3gico, abuso sexual, desatenci\u00f3n, negligencia y explotaci\u00f3n comercial o de otro tipo que causen o puedan causar un da\u00f1o a la salud, desarrollo o dignidad del ni\u00f1o, o poner en peligro su supervivencia, en el contexto de una relaci\u00f3n de responsabilidad, confianza o poder. La exposici\u00f3n a la violencia de pareja tambi\u00e9n se incluye a veces entre las formas de maltrato infantil\u201d.<\/em><\/p>\n<p>Por tal motivo, y a los fines de colaborar con la promoci\u00f3n de los buenos tratos en la crianza y reflexionar sobre los da\u00f1os ejercidos hacia ni\u00f1os y adolescentes, ma\u00f1ana jueves 28 desde las 11.30 horas, en la Plaza de la Intendencia-H\u00e9roes de Malvinas se desarrollar\u00e1 una campa\u00f1a de concientizaci\u00f3n y educaci\u00f3n.<\/p>\n<p>En el lugar se repartir\u00e1 folleter\u00eda informativa y educativa sobre la tem\u00e1tica del maltrato infantil y la importancia de la escucha y de los derechos del ni\u00f1o en cuanto a gozar de una crianza respetuosa.<\/p>\n<p>Tambi\u00e9n, habr\u00e1 una intervenci\u00f3n de carteler\u00eda con frases alusivas como \u201cHagamos un trato con el buen trato\u201d, \u201cCriar sin violencias es posible\u201d, \u201cNo al maltrato infantil\u201d, \u201cLas ni\u00f1as y ni\u00f1os tienen derecho a ser escuchados y que su opini\u00f3n sea tenida en cuenta\u201d, \u201cLa crianza respetuosa se construye todos los d\u00edas. En todo momento\u201d, \u201cEl afecto no maltrata\u201d, \u201cYo trato con buen trato\u201d, \u201cM\u00e1s amor menos destrato\u201d, \u201cEs un derecho, dales buen trato\u201d, \u201cTomemos un compromiso. Crianza respetuosa de ni\u00f1as y ni\u00f1os\u201d para llamar la atenci\u00f3n y reflexi\u00f3n del visitante que pasaba por el lugar.<\/p>\n<p>La misma actividad se llev\u00f3 a cabo el pasado lunes en plaza San Mart\u00edn y en las oficinas de infancias de los CPC, conmemor\u00e1ndose el D\u00eda Internacional de la Lucha contra el Maltrato Infantil.<\/p>\n","protected":false},"excerpt":{"rendered":"<p>Se llevar\u00e1 a cabo el jueves 28 desde las 11.30 horas en la Plaza de la Intendencia. Se entregar\u00e1n folletos educativos que ayuden a la reflexi\u00f3n sobre los buenos tratos en la crianza infantil y adolescente. En el marco del D\u00eda internacional de lucha contra el Maltrato Infantil, y con el fin de encauzar acciones [&hellip;]<\/p>\n","protected":false},"author":1,"featured_media":56332,"comment_status":"closed","ping_status":"closed","sticky":false,"template":"","format":"standard","meta":[],"categories":[44],"tags":[],"_links":{"self":[{"href":"http:\/\/cordobadirecto.com\/index.php\/wp-json\/wp\/v2\/posts\/56331"}],"collection":[{"href":"http:\/\/cordobadirecto.com\/index.php\/wp-json\/wp\/v2\/posts"}],"about":[{"href":"http:\/\/cordobadirecto.com\/index.php\/wp-json\/wp\/v2\/types\/post"}],"author":[{"embeddable":true,"href":"http:\/\/cordobadirecto.com\/index.php\/wp-json\/wp\/v2\/users\/1"}],"replies":[{"embeddable":true,"href":"http:\/\/cordobadirecto.com\/index.php\/wp-json\/wp\/v2\/comments?post=56331"}],"version-history":[{"count":0,"href":"http:\/\/cordobadirecto.com\/index.php\/wp-json\/wp\/v2\/posts\/56331\/revisions"}],"wp:featuredmedia":[{"embeddable":true,"href":"http:\/\/cordobadirecto.com\/index.php\/wp-json\/wp\/v2\/media\/56332"}],"wp:attachment":[{"href":"http:\/\/cordobadirecto.com\/index.php\/wp-json\/wp\/v2\/media?parent=56331"}],"wp:term":[{"taxonomy":"category","embeddable":true,"href":"http:\/\/cordobadirecto.com\/index.php\/wp-json\/wp\/v2\/categories?post=56331"},{"taxonomy":"post_tag","embeddable":true,"href":"http:\/\/cordobadirecto.com\/index.php\/wp-json\/wp\/v2\/tags?post=56331"}],"curies":[{"name":"wp","href":"https:\/\/api.w.org\/{rel}","templated":true}]}}