{"id":56632,"date":"2022-04-30T03:00:10","date_gmt":"2022-04-30T03:00:10","guid":{"rendered":"https:\/\/puntoapunto.com.ar\/?p=326541"},"modified":"2022-04-30T03:00:10","modified_gmt":"2022-04-30T03:00:10","slug":"alberto-fernandez-llego-a-cordoba-la-agenda-junto-a-schiaretti","status":"publish","type":"post","link":"http:\/\/cordobadirecto.com\/index.php\/2022\/04\/30\/alberto-fernandez-llego-a-cordoba-la-agenda-junto-a-schiaretti\/","title":{"rendered":"Alberto Fern\u00e1ndez lleg\u00f3 a C\u00f3rdoba: la agenda junto a Schiaretti"},"content":{"rendered":"<div class=\"g g-146\">\n<div class=\"g-single a-410\"><a class=\"gofollow\" data-track=\"NDEwLDE0NiwxLDYw\" href=\"https:\/\/www.harmoniechateau.com.ar\/\" target=\"_blank\" rel=\"noopener\"><img src=\"http:\/\/cordobadirecto.com\/wp-content\/uploads\/2022\/04\/alberto-fernandez-llego-a-cordoba-la-agenda-junto-a-schiaretti.gif\"><\/a><\/div>\n<\/div>\n<p>En medio de la crisis que atraviesa el bloque del Frente de Todos, el presidente <strong>Alberto Fern\u00e1ndez llega a C\u00f3rdoba para recorrer la planta Nissan Argentina junto<\/strong> al gobernador<strong> Juan Scharetti, <\/strong>ejecutivos nacionales y locales de Santa Isabel.<\/p>\n<p>All\u00ed anunciar\u00e1 inicio de la producci\u00f3n de la <strong>nueva versi\u00f3n de la pick up Frontier<\/strong> y un nuevo turno de producci\u00f3n con el que <strong>sumar\u00edan 500 puestos.<\/strong><\/p>\n<p>Luego de su paso por Nissan, recorrer\u00e1 la planta de tratamiento de l\u00edquidos cloacales de Bajo Grande de la capital local, all\u00ed tambi\u00e9n estar\u00e1 el intendente de C\u00f3rdoba, Mart\u00edn Llaryora. Posteriormente, el mandatario nacional&nbsp;tiene previsto reunirse con el gremio de camioneros K.<\/p>\n<p>Bajo Grande fue recientemente ampliado con dos nuevos m\u00f3dulos de tratamiento que benefician a 700 mil personas y requirieron una inversi\u00f3n de 9.644 millones de pesos.<\/p>\n","protected":false},"excerpt":{"rendered":"<p>En medio de la crisis que atraviesa el bloque del Frente de Todos, el presidente Alberto Fern\u00e1ndez llega a C\u00f3rdoba para recorrer la planta Nissan Argentina junto al gobernador Juan Scharetti, ejecutivos nacionales y locales de Santa Isabel. All\u00ed anunciar\u00e1 inicio de la producci\u00f3n de la nueva versi\u00f3n de la pick up Frontier y un [&hellip;]<\/p>\n","protected":false},"author":1,"featured_media":56633,"comment_status":"closed","ping_status":"closed","sticky":false,"template":"","format":"standard","meta":[],"categories":[23,25],"tags":[],"_links":{"self":[{"href":"http:\/\/cordobadirecto.com\/index.php\/wp-json\/wp\/v2\/posts\/56632"}],"collection":[{"href":"http:\/\/cordobadirecto.com\/index.php\/wp-json\/wp\/v2\/posts"}],"about":[{"href":"http:\/\/cordobadirecto.com\/index.php\/wp-json\/wp\/v2\/types\/post"}],"author":[{"embeddable":true,"href":"http:\/\/cordobadirecto.com\/index.php\/wp-json\/wp\/v2\/users\/1"}],"replies":[{"embeddable":true,"href":"http:\/\/cordobadirecto.com\/index.php\/wp-json\/wp\/v2\/comments?post=56632"}],"version-history":[{"count":0,"href":"http:\/\/cordobadirecto.com\/index.php\/wp-json\/wp\/v2\/posts\/56632\/revisions"}],"wp:featuredmedia":[{"embeddable":true,"href":"http:\/\/cordobadirecto.com\/index.php\/wp-json\/wp\/v2\/media\/56633"}],"wp:attachment":[{"href":"http:\/\/cordobadirecto.com\/index.php\/wp-json\/wp\/v2\/media?parent=56632"}],"wp:term":[{"taxonomy":"category","embeddable":true,"href":"http:\/\/cordobadirecto.com\/index.php\/wp-json\/wp\/v2\/categories?post=56632"},{"taxonomy":"post_tag","embeddable":true,"href":"http:\/\/cordobadirecto.com\/index.php\/wp-json\/wp\/v2\/tags?post=56632"}],"curies":[{"name":"wp","href":"https:\/\/api.w.org\/{rel}","templated":true}]}}