{"id":56751,"date":"2022-05-01T00:42:34","date_gmt":"2022-05-01T00:42:34","guid":{"rendered":"http:\/\/cordobadirecto.com\/index.php\/2022\/05\/01\/con-un-benedetto-inspirado-boca-le-gano-2-0-barracas-y-paso-a-cuartos\/"},"modified":"2022-05-01T00:42:34","modified_gmt":"2022-05-01T00:42:34","slug":"con-un-benedetto-inspirado-boca-le-gano-2-0-barracas-y-paso-a-cuartos","status":"publish","type":"post","link":"http:\/\/cordobadirecto.com\/index.php\/2022\/05\/01\/con-un-benedetto-inspirado-boca-le-gano-2-0-barracas-y-paso-a-cuartos\/","title":{"rendered":"Con un Benedetto inspirado, Boca le gan\u00f3 2-0 Barracas y pas\u00f3 a cuartos"},"content":{"rendered":"<figure class=\"mb-3\"><img loading=\"lazy\" src=\"http:\/\/cordobadirecto.com\/wp-content\/uploads\/2022\/05\/con-un-benedetto-inspirado-boca-le-gano-2-0-barracas-y-paso-a-cuartos.jpg\" width=\"100%\" height=\"100%\" alt=\"Benedetto marc los dos del Xeneize Foto Osvaldo Fantn\"><figcaption> Benedetto marc\u00f3 los dos del Xeneize \/ Foto: Osvaldo Fant\u00f3n <\/figcaption><\/figure>\n<p>Boca Juniors se clasific\u00f3 a los cuartos de final de la Copa de la Liga Profesional de F\u00fatbol y, a la vez, dej\u00f3 sin chances a Barracas Central, al que le gan\u00f3 2-0 en partido de la 13ra y pen\u00faltima fecha de la zona B de la primera fase.<\/p>\n<p>Los goles del partido, jugado en La Bombonera, fueron anotados por Dar\u00edo Benedetto (4m PT y 15m ST).<\/p>\n<p>NOTICIA EN DESARROLLO<\/p>\n<figure class=\"mb-3\"><img loading=\"lazy\" src=\"http:\/\/cordobadirecto.com\/wp-content\/uploads\/2022\/05\/con-un-benedetto-inspirado-boca-le-gano-2-0-barracas-y-paso-a-cuartos-1.jpg\" width=\"100%\" height=\"100%\" alt=\"Foto Osvaldo Fantn\"><figcaption> Foto: Osvaldo Fant\u00f3n <\/figcaption><\/figure>\n","protected":false},"excerpt":{"rendered":"<p>Benedetto marc\u00f3 los dos del Xeneize \/ Foto: Osvaldo Fant\u00f3n Boca Juniors se clasific\u00f3 a los cuartos de final de la Copa de la Liga Profesional de F\u00fatbol y, a la vez, dej\u00f3 sin chances a Barracas Central, al que le gan\u00f3 2-0 en partido de la 13ra y pen\u00faltima fecha de la zona B [&hellip;]<\/p>\n","protected":false},"author":1,"featured_media":56752,"comment_status":"closed","ping_status":"closed","sticky":false,"template":"","format":"standard","meta":[],"categories":[21],"tags":[],"_links":{"self":[{"href":"http:\/\/cordobadirecto.com\/index.php\/wp-json\/wp\/v2\/posts\/56751"}],"collection":[{"href":"http:\/\/cordobadirecto.com\/index.php\/wp-json\/wp\/v2\/posts"}],"about":[{"href":"http:\/\/cordobadirecto.com\/index.php\/wp-json\/wp\/v2\/types\/post"}],"author":[{"embeddable":true,"href":"http:\/\/cordobadirecto.com\/index.php\/wp-json\/wp\/v2\/users\/1"}],"replies":[{"embeddable":true,"href":"http:\/\/cordobadirecto.com\/index.php\/wp-json\/wp\/v2\/comments?post=56751"}],"version-history":[{"count":0,"href":"http:\/\/cordobadirecto.com\/index.php\/wp-json\/wp\/v2\/posts\/56751\/revisions"}],"wp:featuredmedia":[{"embeddable":true,"href":"http:\/\/cordobadirecto.com\/index.php\/wp-json\/wp\/v2\/media\/56752"}],"wp:attachment":[{"href":"http:\/\/cordobadirecto.com\/index.php\/wp-json\/wp\/v2\/media?parent=56751"}],"wp:term":[{"taxonomy":"category","embeddable":true,"href":"http:\/\/cordobadirecto.com\/index.php\/wp-json\/wp\/v2\/categories?post=56751"},{"taxonomy":"post_tag","embeddable":true,"href":"http:\/\/cordobadirecto.com\/index.php\/wp-json\/wp\/v2\/tags?post=56751"}],"curies":[{"name":"wp","href":"https:\/\/api.w.org\/{rel}","templated":true}]}}