{"id":56784,"date":"2022-05-01T00:50:49","date_gmt":"2022-05-01T00:50:49","guid":{"rendered":"http:\/\/cordobadirecto.com\/index.php\/2022\/05\/01\/carmen-maura-para-mi-este-trabajo-es-como-una-vitamina\/"},"modified":"2022-05-01T00:50:49","modified_gmt":"2022-05-01T00:50:49","slug":"carmen-maura-para-mi-este-trabajo-es-como-una-vitamina","status":"publish","type":"post","link":"http:\/\/cordobadirecto.com\/index.php\/2022\/05\/01\/carmen-maura-para-mi-este-trabajo-es-como-una-vitamina\/","title":{"rendered":"Carmen Maura: &#8220;Para m\u00ed este trabajo es como una vitamina&#8221;"},"content":{"rendered":"<figure class=\"mb-3\"><img loading=\"lazy\" src=\"http:\/\/cordobadirecto.com\/wp-content\/uploads\/2022\/05\/carmen-maura-para-mi-este-trabajo-es-como-una-vitamina.jpg\" width=\"100%\" height=\"100%\" alt=\"La actriz Carmen Maura recibir el Platino de Honor en los Premios Platino del Cine y el Audiovisual Iberoamericano\"><figcaption> La actriz Carmen Maura recibir\u00e1 el Platino de Honor en los Premios Platino del Cine y el Audiovisual Iberoamericano. <\/figcaption><\/figure>\n<p>Desde el mediod\u00eda del s\u00e1bado, cuando se comenzaron a desandar las horas previas a la gala que se celebrar\u00e1 este domingo por la noche en el Palacio Municipal de Madrid, <strong>los Premios Platino del Cine y el Audiovisual Iberoamericano <\/strong>tomaron un ritmo fren\u00e9tico con el encuentro con la prensa de la actriz Carmen Maura -que este domingo recibir\u00e1 el Platino de Honor-, la presencia de estrellas de Iberoam\u00e9rica y el anuncio de los ganadores de los premios del p\u00fablico.<\/p>\n<p>En el Hotel InterContinental Madrid, ubicado en el exclusivo Paseo de la Castellana del centro de la capital de Espa\u00f1a, se realiz\u00f3 la conferencia de prensa<strong> <\/strong>con<strong> Carmen Maura, <\/strong>en donde la actriz <strong>habl\u00f3 largamente de su carrera y festej\u00f3 los Platino<\/strong>, que consider\u00f3 esenciales como instrumento de difusi\u00f3n del cine iberoamericano.<\/p>\n<p>&#8220;La mayor satisfacci\u00f3n de hacer pel\u00edculas es que la gente las vea y el premio me viene bien, porque he hecho pel\u00edculas maravillosas en muchos pa\u00edses que no llegan aqu\u00ed&#8221;, asegur\u00f3 la actriz de joyas como &#8220;Ay, Carmela&#8221;, &#8220;Mujeres al borde de una ataque de nervios&#8221;, y &#8220;La comunidad&#8221;.<\/p>\n<p>&#8220;Para m\u00ed este trabajo es como una vitamina&#8221;, agreg\u00f3 Maura, de vitales 76 a\u00f1os y que <strong>ser\u00e1 la bruja en &#8220;Rainbow&#8221;, la pr\u00f3xima pel\u00edcula de Paco Le\u00f3n, adaptaci\u00f3n libre del cl\u00e1sico &#8220;El Mago de Oz&#8221;.<\/strong><\/p>\n<p>Maura, protagonista de inolvidables pel\u00edculas como &#8220;Volver&#8221;, &#8220;\u00bfQu\u00e9 hace una chica como t\u00fa en un sitio como este?&#8221;, &#8220;El entusiasmo&#8221;, y &#8220;Tata m\u00eda&#8221;, entre tantas otras, destac\u00f3 el rol fundamental que tuvo en su carrera <strong>Pedro Almod\u00f3var.<\/strong><\/p>\n<p>&#8220;Me hizo un enorme favor, un enorme regalo cuando me dio el papel en &#8216;\u00bf<strong>Qu\u00e9 he hecho yo para merecer esto?&#8217;, porque eso rompi\u00f3 completamente la imagen que ten\u00eda como &#8216;la chica de la tele'&#8221;, <\/strong>explic\u00f3, en referencia al trabajo que ten\u00eda como conductora en un programa televisivo en los a\u00f1os ochenta.<\/p>\n<figure class=\"mb-3\"><img loading=\"lazy\" src=\"http:\/\/cordobadirecto.com\/wp-content\/uploads\/2022\/05\/carmen-maura-para-mi-este-trabajo-es-como-una-vitamina-1.jpg\" width=\"100%\" height=\"100%\" alt=\"Para m este trabajo es como una vitamina reconoci Maura de vitales 76 aos\"><figcaption> &#8220;Para m\u00ed este trabajo es como una vitamina&#8221;, reconoci\u00f3 Maura, de vitales 76 a\u00f1os. <\/figcaption><\/figure>\n<p>Con m\u00e1s de 50 a\u00f1os de trayectoria, la actriz que ma\u00f1ana subir\u00e1 al escenario del Palacio Municipal de Madrid para recibir el Platino de Honor cosech\u00f3 numerosos reconocimientos a lo largo de su carrera como la Palma de Oro de Cannes, dos premios de la Academia Europea, la Concha de Plata del Festival de San Sebasti\u00e1n y el premio C\u00e9sar, entro otros.<\/p>\n<p>Agradecida por el inter\u00e9s que a\u00fan despierta su trabajo \u2013&#8221;me sorprende porque se me ha dado bien desde peque\u00f1a&#8221;-, la actriz enumer\u00f3 los pa\u00edses latinoamericanos en donde hab\u00eda trabajado y cuando mencion\u00f3 a la Argentina, emocionada, elev\u00f3 sus ojos al cielo y record\u00f3 a Enrique Pinti, fallecido recientemente: &#8220;Mi mejor amigo en la Argentina&#8221;.<\/p>\n<h2 class>Premios votados por el p\u00fablico<\/h2>\n<p>Luego de la conferencia de prensa con Maura y ante 250 periodistas acreditados de toda Iberoam\u00e9rica, se dieron a conocer los <strong>premios votados por el p\u00fablico y auspiciados por la empresa Iberia,<\/strong> en donde fue elegida como <strong>mejor pel\u00edcula &#8220;Madres paralelas&#8221; de Pedro Almod\u00f3var<\/strong>, mientras que <strong>el Premio Platino a la Mejor Miniserie o Teleserie Cinematogr\u00e1fica<\/strong> fue para la <strong>producci\u00f3n argentina &#8220;El Reino&#8221;<\/strong>, que tambi\u00e9n cosech\u00f3 el lauro al <strong>mejor actor y mejor actriz, para Chino Dar\u00edn y Mercedes Mor\u00e1n.<\/strong><\/p>\n<p>El palmar\u00e9s del p\u00fablico se complet\u00f3 con el p<strong>remio a Pen\u00e9lope Cruz por su trabajo en &#8220;Madres paralelas&#8221;<\/strong> y <strong>Javier Bardem en la categor\u00eda masculina por &#8220;El buen patr\u00f3n&#8221;<\/strong>, de Fernando Le\u00f3n de Aranoa, la gran favorita de esta edici\u00f3n de los Platino.<\/p>\n<p>La pel\u00edcula, que tiene 11 nominaciones, es una s\u00e1tira del mundo del trabajo, con un empresario (Javier Bardem), que desde un paternalismo tan absurdo como autoritario, intenta digitar la vida de sus empleados para su propio provecho.<\/p>\n<p>&#8220;El tono de comedia era el \u00fanico apropiado para contar el estado de las cosas -cont\u00f3 Aranoa a un reducido grupo de periodistas-, el objetivo en parte era ese, no era hacer que el p\u00fablico se riera el fin de semana viendo lo que padece durante toda la semana&#8221;.<\/p>\n<p>El director, que nuevamente eligi\u00f3 a Bardem como protagonista luego de &#8220;Loving Pablo&#8221; y &#8220;Los lunes al Sol&#8221;, destac\u00f3 el trabajo del actor: &#8220;Su personaje tiene esa cosa de p\u00edcaro y tambi\u00e9n rincones oscuros -analiz\u00f3- y Javier sabe exponerlo, sabe buscar ese equilibrio con lo terrible del personaje&#8221;.<\/p>\n<p>T\u00e9lam tambi\u00e9n habl\u00f3 con <strong>Nancy Dupl\u00e1a, nominada a la Mejor Interpretaci\u00f3n Femenina de Reparto en Miniserie o Teleserie por &#8220;El Reino&#8221;.<\/strong><\/p>\n<p>&#8220;Al principio ten\u00eda mucha culpa con la fama, con el \u00e9xito -confes\u00f3-, pero con el tiempo aprend\u00ed a aceptarlo y gozarlo&#8221;, dijo en relaci\u00f3n a su nominaci\u00f3n y a la repercusi\u00f3n mundial de la serie, donde interpreta a una fiscal de la Justicia.<\/p>\n<p>En cuanto a la historia de &#8220;El Reino&#8221;, que toma temas actuales como el poder y el fanatismo, la actriz analiz\u00f3: &#8220;Ubicar a un personaje como el pastor que interpreta Diego Peretti, que maneja a la gente desde un fervor tan particular, no deja de tener su peligro y tiene un paralelo con la realidad&#8221;.<\/p>\n<p>&#8220;Aparecen todos estos condimentos espantosos que siguen lastimando a la democracia y se pierde el verdadero valor de los pol\u00edticos, haciendo que la gente crea que la pol\u00edtica es una porquer\u00eda, algo que evidencian los medios de comunicaci\u00f3n masivos&#8221;, concluy\u00f3. <\/p>\n","protected":false},"excerpt":{"rendered":"<p>La actriz Carmen Maura recibir\u00e1 el Platino de Honor en los Premios Platino del Cine y el Audiovisual Iberoamericano. Desde el mediod\u00eda del s\u00e1bado, cuando se comenzaron a desandar las horas previas a la gala que se celebrar\u00e1 este domingo por la noche en el Palacio Municipal de Madrid, los Premios Platino del Cine y [&hellip;]<\/p>\n","protected":false},"author":1,"featured_media":56785,"comment_status":"closed","ping_status":"closed","sticky":false,"template":"","format":"standard","meta":[],"categories":[20],"tags":[],"_links":{"self":[{"href":"http:\/\/cordobadirecto.com\/index.php\/wp-json\/wp\/v2\/posts\/56784"}],"collection":[{"href":"http:\/\/cordobadirecto.com\/index.php\/wp-json\/wp\/v2\/posts"}],"about":[{"href":"http:\/\/cordobadirecto.com\/index.php\/wp-json\/wp\/v2\/types\/post"}],"author":[{"embeddable":true,"href":"http:\/\/cordobadirecto.com\/index.php\/wp-json\/wp\/v2\/users\/1"}],"replies":[{"embeddable":true,"href":"http:\/\/cordobadirecto.com\/index.php\/wp-json\/wp\/v2\/comments?post=56784"}],"version-history":[{"count":0,"href":"http:\/\/cordobadirecto.com\/index.php\/wp-json\/wp\/v2\/posts\/56784\/revisions"}],"wp:featuredmedia":[{"embeddable":true,"href":"http:\/\/cordobadirecto.com\/index.php\/wp-json\/wp\/v2\/media\/56785"}],"wp:attachment":[{"href":"http:\/\/cordobadirecto.com\/index.php\/wp-json\/wp\/v2\/media?parent=56784"}],"wp:term":[{"taxonomy":"category","embeddable":true,"href":"http:\/\/cordobadirecto.com\/index.php\/wp-json\/wp\/v2\/categories?post=56784"},{"taxonomy":"post_tag","embeddable":true,"href":"http:\/\/cordobadirecto.com\/index.php\/wp-json\/wp\/v2\/tags?post=56784"}],"curies":[{"name":"wp","href":"https:\/\/api.w.org\/{rel}","templated":true}]}}