{"id":56800,"date":"2022-04-13T10:35:21","date_gmt":"2022-04-13T10:35:21","guid":{"rendered":"https:\/\/es.digitaltrends.com\/?p=939230"},"modified":"2022-04-13T10:35:21","modified_gmt":"2022-04-13T10:35:21","slug":"elon-musk-enfrenta-una-demanda-de-los-accionistas-de-twitter","status":"publish","type":"post","link":"http:\/\/cordobadirecto.com\/index.php\/2022\/04\/13\/elon-musk-enfrenta-una-demanda-de-los-accionistas-de-twitter\/","title":{"rendered":"Elon Musk enfrenta una demanda de los accionistas de Twitter"},"content":{"rendered":"<p>Elon Musk podr\u00eda volver a los tribunales por su <a href=\"https:\/\/es.digitaltrends.com\/sociales\/elon-musk-se-hace-con-el-9-por-ciento-de-twitter-por-2900-millones\/\">reciente compra de casi 10 por ciento<\/a> de las acciones de Twitter. Otro inversor de la red social present\u00f3 una demanda contra Musk en la que lo acusa de ocultar informaci\u00f3n <a href=\"https:\/\/es.digitaltrends.com\/tendencias\/elon-musk-rechaza-entrar-en-la-junta-ejecutiva-de-twitter\/\">al resto de accionistas<\/a> para obtener mayores ganancias.<\/p>\n<p>El inversor es Marc Bain Rasella, quien acus\u00f3 a Musk ante un tribunal federal de Nueva York el martes 12 de abril. Rasella asegura que Musk no inform\u00f3 dentro del plazo estipulado a la Comisi\u00f3n de Bolsa y Valores (SEC) que hab\u00eda comprado 5 por ciento de las acciones de la compa\u00f1\u00eda el 14 de marzo.<\/p>\n<p>La ley indica que debe realizarse esta comunicaci\u00f3n en los siguientes 10 d\u00edas naturales desde la adquisici\u00f3n, pero Musk no lo hizo hasta el 4 de abril.<\/p>\n<figure id=\"attachment_896675\" aria-describedby=\"caption-attachment-896675\" class=\"wp-caption alignnone\"><img src=\"http:\/\/cordobadirecto.com\/wp-content\/uploads\/2022\/05\/elon-musk-enfrenta-una-demanda-de-los-accionistas-de-twitter.gif\" data-dt-lazy-src=\"https:\/\/icdn.dtcn.com\/image\/digitaltrends_es\/elon-musk-speaks-at-satellite-conference-in-washington-dc-1024x683.jpg\" onerror=\"dti_load_error(this)\" class=\"wp-image-896675 size-full dt-lazy-load dt-lazy-pending\" alt><figcaption id=\"caption-attachment-896675\" class=\"wp-caption-text\"><span class=\"credit\">Getty Images<\/span><\/figcaption><\/figure>\n<p>Seg\u00fan Rasella, el incumplimiento por parte del magnate provoc\u00f3 que las acciones de la empresa no subieran de precio. De este modo, \u00e9l pudo obtener un porcentaje de participaci\u00f3n a un costo m\u00e1s bajo, mientras que las acciones del resto de inversores perd\u00edan valor.<\/p>\n<p><a href=\"https:\/\/www.documentcloud.org\/documents\/21583990-marc-bain-rasella-v-musk\" target=\"_blank\" rel=\"noopener\">La demanda<\/a> especifica que Musk gan\u00f3 $143 millones d\u00f3lares al comprar las acciones de Twitter a un precio menor, un movimiento que lo convirti\u00f3 en el mayor accionista individual de la compa\u00f1\u00eda con 9.2 por ciento del total.<\/p>\n<h2>Los demandantes exigen un juicio con jurado por da\u00f1os<\/h2>\n<p>La demanda de Rasella tiene car\u00e1cter colectivo, pues act\u00faa en nombre de los inversores de Twitter que vendieron acciones durante el periodo en el que Musk no notific\u00f3 la compra y, en consecuencia, perdieron las ganancias de las que se habr\u00edan beneficiado si Musk hubiera revelado su inversi\u00f3n dentro del plazo indicado.<\/p>\n<p>Los demandantes exigen un juicio con jurado por da\u00f1os compensatorios y punitivos por montos que no han sido especificados.<\/p>\n<p>La SEC a\u00fan no ha hecho ning\u00fan comentario p\u00fablico sobre las medidas que podr\u00eda tomar contra Musk por no cumplir con la normativa. El magnate de origen sudafricano tampoco se ha pronunciado al respecto.<\/p>\n<h4 class=\"b-editors-recs-title h-editors-recs-title\"> Recomendaciones del editor\t<\/h4>\n<p> <span id=\"publisher-md\" itemprop=\"publisher\" itemscope itemtype=\"https:\/\/schema.org\/Organization\"> <span itemprop=\"url\" itemtype=\"https:\/\/schema.org\/Url\" content=\"https:\/\/es.digitaltrends.com\"> <span itemprop=\"logo\" itemscope itemtype=\"https:\/\/schema.org\/ImageObject\"> <meta itemprop=\"url\" content=\"https:\/\/cdn.dtcn.com\/dt\/dt-logo-small.png\"> <meta itemprop=\"width\" content=\"0\"> <meta itemprop=\"height\" content=\"0\"> <\/span> <meta itemprop=\"name\" content=\"Digital Trends Espa\u00f1ol\"> <\/span> <span itemprop=\"image\" itemscope itemtype=\"https:\/\/schema.org\/ImageObject\"> <meta itemprop=\"url\" content=\"https:\/\/icdn.dtcn.com\/image\/digitaltrends_es\/elon-musk-speaks-at-satellite-conference-in-washington-dc.jpg\"> <\/span> <\/span><\/p>\n","protected":false},"excerpt":{"rendered":"<p>Elon Musk podr\u00eda volver a los tribunales por su reciente compra de casi 10 por ciento de las acciones de Twitter. Otro inversor de la red social present\u00f3 una demanda contra Musk en la que lo acusa de ocultar informaci\u00f3n al resto de accionistas para obtener mayores ganancias. El inversor es Marc Bain Rasella, quien [&hellip;]<\/p>\n","protected":false},"author":1,"featured_media":56801,"comment_status":"closed","ping_status":"closed","sticky":false,"template":"","format":"standard","meta":[],"categories":[26],"tags":[],"_links":{"self":[{"href":"http:\/\/cordobadirecto.com\/index.php\/wp-json\/wp\/v2\/posts\/56800"}],"collection":[{"href":"http:\/\/cordobadirecto.com\/index.php\/wp-json\/wp\/v2\/posts"}],"about":[{"href":"http:\/\/cordobadirecto.com\/index.php\/wp-json\/wp\/v2\/types\/post"}],"author":[{"embeddable":true,"href":"http:\/\/cordobadirecto.com\/index.php\/wp-json\/wp\/v2\/users\/1"}],"replies":[{"embeddable":true,"href":"http:\/\/cordobadirecto.com\/index.php\/wp-json\/wp\/v2\/comments?post=56800"}],"version-history":[{"count":0,"href":"http:\/\/cordobadirecto.com\/index.php\/wp-json\/wp\/v2\/posts\/56800\/revisions"}],"wp:featuredmedia":[{"embeddable":true,"href":"http:\/\/cordobadirecto.com\/index.php\/wp-json\/wp\/v2\/media\/56801"}],"wp:attachment":[{"href":"http:\/\/cordobadirecto.com\/index.php\/wp-json\/wp\/v2\/media?parent=56800"}],"wp:term":[{"taxonomy":"category","embeddable":true,"href":"http:\/\/cordobadirecto.com\/index.php\/wp-json\/wp\/v2\/categories?post=56800"},{"taxonomy":"post_tag","embeddable":true,"href":"http:\/\/cordobadirecto.com\/index.php\/wp-json\/wp\/v2\/tags?post=56800"}],"curies":[{"name":"wp","href":"https:\/\/api.w.org\/{rel}","templated":true}]}}