{"id":5688,"date":"2021-05-01T14:15:00","date_gmt":"2021-05-01T14:15:00","guid":{"rendered":"http:\/\/cordobadirecto.com\/index.php\/2021\/05\/01\/cavallo-recomendo-descongelar-tarifas-para-bajar-la-inflacion\/"},"modified":"2021-05-01T14:15:00","modified_gmt":"2021-05-01T14:15:00","slug":"cavallo-recomendo-descongelar-tarifas-para-bajar-la-inflacion","status":"publish","type":"post","link":"http:\/\/cordobadirecto.com\/index.php\/2021\/05\/01\/cavallo-recomendo-descongelar-tarifas-para-bajar-la-inflacion\/","title":{"rendered":"Cavallo recomend\u00f3 descongelar tarifas para bajar la inflaci\u00f3n"},"content":{"rendered":"<p>El exministro de <b>Econom\u00eda<\/b> tambi\u00e9n dijo que la suba de los precios internacionales de las materias primas deber\u00eda utilizarse para pagar la deuda con el&nbsp;&#8230; <\/p>\n","protected":false},"excerpt":{"rendered":"<p>El exministro de Econom\u00eda tambi\u00e9n dijo que la suba de los precios internacionales de las materias primas deber\u00eda utilizarse para pagar la deuda con el&nbsp;&#8230;<\/p>\n","protected":false},"author":1,"featured_media":0,"comment_status":"closed","ping_status":"closed","sticky":false,"template":"","format":"standard","meta":[],"categories":[40],"tags":[],"_links":{"self":[{"href":"http:\/\/cordobadirecto.com\/index.php\/wp-json\/wp\/v2\/posts\/5688"}],"collection":[{"href":"http:\/\/cordobadirecto.com\/index.php\/wp-json\/wp\/v2\/posts"}],"about":[{"href":"http:\/\/cordobadirecto.com\/index.php\/wp-json\/wp\/v2\/types\/post"}],"author":[{"embeddable":true,"href":"http:\/\/cordobadirecto.com\/index.php\/wp-json\/wp\/v2\/users\/1"}],"replies":[{"embeddable":true,"href":"http:\/\/cordobadirecto.com\/index.php\/wp-json\/wp\/v2\/comments?post=5688"}],"version-history":[{"count":0,"href":"http:\/\/cordobadirecto.com\/index.php\/wp-json\/wp\/v2\/posts\/5688\/revisions"}],"wp:attachment":[{"href":"http:\/\/cordobadirecto.com\/index.php\/wp-json\/wp\/v2\/media?parent=5688"}],"wp:term":[{"taxonomy":"category","embeddable":true,"href":"http:\/\/cordobadirecto.com\/index.php\/wp-json\/wp\/v2\/categories?post=5688"},{"taxonomy":"post_tag","embeddable":true,"href":"http:\/\/cordobadirecto.com\/index.php\/wp-json\/wp\/v2\/tags?post=5688"}],"curies":[{"name":"wp","href":"https:\/\/api.w.org\/{rel}","templated":true}]}}