{"id":5699,"date":"2021-05-01T18:14:00","date_gmt":"2021-05-01T18:14:00","guid":{"rendered":"http:\/\/cordobadirecto.com\/index.php\/2021\/05\/01\/al-menos-34-detenidos-durante-las-protestas-del-1-de-mayo-en-paris\/"},"modified":"2021-05-01T18:14:00","modified_gmt":"2021-05-01T18:14:00","slug":"al-menos-34-detenidos-durante-las-protestas-del-1-de-mayo-en-paris","status":"publish","type":"post","link":"http:\/\/cordobadirecto.com\/index.php\/2021\/05\/01\/al-menos-34-detenidos-durante-las-protestas-del-1-de-mayo-en-paris\/","title":{"rendered":"Al menos 34 detenidos durante las protestas del 1\u00b0 de Mayo en Par\u00eds"},"content":{"rendered":"<div class=\"image\" id=\"image\" readability=\"8\"> <img src=\"http:\/\/cordobadirecto.com\/wp-content\/uploads\/2021\/05\/al-menos-34-detenidos-durante-las-protestas-del-1-de-mayo-en-paris.jpg\" alt=\"Una 34 personas fueron detenidas durante las protestas por el D\u00eda Internacional de los Trabajadores en Par\u00eds.\" title=\"Una 34 personas fueron detenidas durante las protestas por el D\u00eda Internacional de los Trabajadores en Par\u00eds.\"><\/p>\n<p>Una 34 personas fueron detenidas durante las protestas por el D\u00eda Internacional de los Trabajadores en Par\u00eds.<\/p>\n<\/div>\n<p>Al menos 34 personas fueron detenidas durante las protestas convocadas por el D\u00eda Internacional de los Trabajadores en Par\u00eds, a la que se sumaron los principales sindicatos y los &#8220;chalecos amarillos&#8221;, entre otros colectivos.<\/p>\n<p>La polic\u00eda reprimi\u00f3 con gases lacrim\u00f3genos y camiones hidrantes la manifestaci\u00f3n en la capital francesa, as\u00ed como algunas de las <strong>marchas convocadas en otras 300 ciudades del pa\u00eds<\/strong> &#8220;por el empleo, los salarios, los servicios p\u00fablicos, la protecci\u00f3n social y las libertades&#8221;.<\/p>\n<p>&#8220;El a\u00f1o pasado hubo frustraci\u00f3n por no poder marchar. Estamos retomando nuestros buenos h\u00e1bitos&#8221;, expres\u00f3 <strong>el secretario general de la CGT, Philippe Martinez, durante la protesta en Par\u00eds.<\/strong><\/p>\n<p>Esa movilizaci\u00f3n fue la m\u00e1s multitudinaria con la <strong>participaci\u00f3n de varios sindicatos, organizaciones estudiantiles y los &#8220;chalecos amarillos&#8221;,<\/strong> el grupo que hace tres a\u00f1os desencaden\u00f3 una ola de protestas antigubernamentales en todo el pa\u00eds por el aumento del precio del combustible.<\/p>\n<p>Los manifestantes, la mayor\u00eda con tapabocas por el coronavirus, llevaban pancartas que dec\u00edan: <strong>&#8220;Queremos vivir, no sobrevivir&#8221;.<\/strong><\/p>\n<div class=\"image\" id=\"image\" readability=\"8\"> <img src=\"http:\/\/cordobadirecto.com\/wp-content\/uploads\/2021\/05\/al-menos-34-detenidos-durante-las-protestas-del-1-de-mayo-en-paris-1.jpg\" alt=\"La polic\u00eda reprimi\u00f3 con gases lacrim\u00f3genos y camiones hidrantes la manifestaci\u00f3n en la capital francesa.\" title=\"La polic\u00eda reprimi\u00f3 con gases lacrim\u00f3genos y camiones hidrantes la manifestaci\u00f3n en la capital francesa.\"><\/p>\n<p>La polic\u00eda reprimi\u00f3 con gases lacrim\u00f3genos y camiones hidrantes la manifestaci\u00f3n en la capital francesa.<\/p>\n<\/div>\n<p>Seg\u00fan la cadena BFMTV, en Par\u00eds la polic\u00eda disolvi\u00f3 una formaci\u00f3n de personas en la avenida Voltaire, tras enfrentamientos en los que un agente tuvo que ser trasladado por las lesiones.<\/p>\n<p><strong>Los choques tambi\u00e9n se repitieron en Lyon<\/strong>, donde se congregaron m\u00e1s de 3.000 personas, inform\u00f3 la agencia de noticias Europa Press.<\/p>\n<p>La prefectura inform\u00f3 que un grupo de 200 personas se enfrent\u00f3 con la polic\u00eda y provoc\u00f3 heridas a 27 agentes, sin detallar si hubo manifestantes lesionados.<\/p>\n<p><strong>Las marchas tambi\u00e9n congregaron a unos 3.500 manifestantes en Marsella, 3.700 en Nantes y 2.000 en Rennes.<\/strong><\/p>\n<p><strong>En Nantes,<\/strong> la polic\u00eda dispers\u00f3 a un grupo de manifestantes con gases lacrim\u00f3genos y camiones hidrantes, seg\u00fan se pudo ver en im\u00e1genes subidas a Twitter por algunos testigos.<\/p>\n","protected":false},"excerpt":{"rendered":"<p>Una 34 personas fueron detenidas durante las protestas por el D\u00eda Internacional de los Trabajadores en Par\u00eds. Al menos 34 personas fueron detenidas durante las protestas convocadas por el D\u00eda Internacional de los Trabajadores en Par\u00eds, a la que se sumaron los principales sindicatos y los &#8220;chalecos amarillos&#8221;, entre otros colectivos. La polic\u00eda reprimi\u00f3 con [&hellip;]<\/p>\n","protected":false},"author":1,"featured_media":5700,"comment_status":"closed","ping_status":"closed","sticky":false,"template":"","format":"standard","meta":[],"categories":[24],"tags":[],"_links":{"self":[{"href":"http:\/\/cordobadirecto.com\/index.php\/wp-json\/wp\/v2\/posts\/5699"}],"collection":[{"href":"http:\/\/cordobadirecto.com\/index.php\/wp-json\/wp\/v2\/posts"}],"about":[{"href":"http:\/\/cordobadirecto.com\/index.php\/wp-json\/wp\/v2\/types\/post"}],"author":[{"embeddable":true,"href":"http:\/\/cordobadirecto.com\/index.php\/wp-json\/wp\/v2\/users\/1"}],"replies":[{"embeddable":true,"href":"http:\/\/cordobadirecto.com\/index.php\/wp-json\/wp\/v2\/comments?post=5699"}],"version-history":[{"count":0,"href":"http:\/\/cordobadirecto.com\/index.php\/wp-json\/wp\/v2\/posts\/5699\/revisions"}],"wp:featuredmedia":[{"embeddable":true,"href":"http:\/\/cordobadirecto.com\/index.php\/wp-json\/wp\/v2\/media\/5700"}],"wp:attachment":[{"href":"http:\/\/cordobadirecto.com\/index.php\/wp-json\/wp\/v2\/media?parent=5699"}],"wp:term":[{"taxonomy":"category","embeddable":true,"href":"http:\/\/cordobadirecto.com\/index.php\/wp-json\/wp\/v2\/categories?post=5699"},{"taxonomy":"post_tag","embeddable":true,"href":"http:\/\/cordobadirecto.com\/index.php\/wp-json\/wp\/v2\/tags?post=5699"}],"curies":[{"name":"wp","href":"https:\/\/api.w.org\/{rel}","templated":true}]}}