{"id":5712,"date":"2021-05-02T09:59:37","date_gmt":"2021-05-02T09:59:37","guid":{"rendered":"http:\/\/cordobadirecto.com\/index.php\/2021\/05\/02\/la-reflexiva-el-piso-del-viento-de-estreno-en-el-festival-de-cine-de-cosquin\/"},"modified":"2021-05-02T09:59:37","modified_gmt":"2021-05-02T09:59:37","slug":"la-reflexiva-el-piso-del-viento-de-estreno-en-el-festival-de-cine-de-cosquin","status":"publish","type":"post","link":"http:\/\/cordobadirecto.com\/index.php\/2021\/05\/02\/la-reflexiva-el-piso-del-viento-de-estreno-en-el-festival-de-cine-de-cosquin\/","title":{"rendered":"La reflexiva &#8220;El piso del viento&#8221;, de estreno en el Festival de Cine de Cosqu\u00edn"},"content":{"rendered":"<div class=\"image\" id=\"image\" readability=\"8\"> <img src=\"http:\/\/cordobadirecto.com\/wp-content\/uploads\/2021\/05\/la-reflexiva-el-piso-del-viento-de-estreno-en-el-festival-de-cine-de-cosquin.jpg\" alt=\"Gustavo Font\u00e1n: &quot;La pel\u00edcula puede sumar infinitas experiencias, las de cada espectador&quot;.\" title=\"Gustavo Font\u00e1n: &quot;La pel\u00edcula puede sumar infinitas experiencias, las de cada espectador&quot;.\"><\/p>\n<p>Gustavo Font\u00e1n: &#8220;La pel\u00edcula puede sumar infinitas experiencias, las de cada espectador&#8221;.<\/p>\n<\/div>\n<p>&#8220;El piso del viento&#8221;, la cinta dirigida por Gloria Peirano y Gustavo Font\u00e1n que a trav\u00e9s de distintas reflexiones de personas que visitan una casa remodelada explora para el cineasta un &#8220;presente que se vuelve siempre complejo, habitado por lo vivido y lanzado hacia adelante por el ansia&#8221;, tendr\u00e1 su estreno mundial este domingo en la jornada de cierre del 10mo. Festival Internacional de Cine Independiente de Cosqu\u00edn.<\/p>\n<p>&#8220;Cada invitado e invitada tuvo la enorme generosidad de volver disponible su generosidad, lo movilizado en cada uno de ellos ten\u00eda que ver con el pasado y con el futuro, la memoria y los planes, y cada persona deja una inscripci\u00f3n en el espacio vac\u00edo, aunque se vaya&#8221;, agreg\u00f3 en di\u00e1logo con T\u00e9lam la escritora Peirano, quien ya hab\u00eda trabajado como guionista en otros proyectos de su pareja.<\/p>\n<p>Adem\u00e1s, Font\u00e1n, realizador de &#8220;El estanque&#8221; (2017) y &#8220;La deuda&#8221; (2019), explic\u00f3 que el filme cobra nuevos sentidos en el actual contexto de pandemia, aunque fue rodado en 2017, &#8220;cuando esta realidad estaba fuera de la posibilidad de ser pensada, aunque ya estaba demasiado cerca, por el da\u00f1o sistem\u00e1tico que caus\u00f3 nuestra especie en la biosfera&#8221;.<\/p>\n<p>&#8220;Ahora la pel\u00edcula se encuentra totalmente transformada para nosotros, y suponemos que tambi\u00e9n lo estar\u00e1 para los espectadores, pero aunque ese efecto no fue buscado, existe y lo recuperamos como tal&#8221;, dijo.<\/p>\n<p>Los 70 minutos que componen &#8220;El piso del viento&#8221; comienzan con una casa vac\u00eda e \u00edntegramente pintada de blanco ubicada en alg\u00fan rinc\u00f3n de Buenos Aires, dispuesta para ser habitada, en la que ingresan una tras otra distintas personas que recorren el espacio mientras dialogan con una narradora que los observa detr\u00e1s de la lente y los invita a hablar sobre el v\u00ednculo con sus propias viviendas y las sensaciones que los rodean en ese momento.<\/p>\n<p>Recuerdos de una juventud en Formosa, otros sobre una infancia en C\u00f3rdoba, una mujer que revive una triste pero apasionante an\u00e9cdota durante la \u00faltima dictadura c\u00edvico-militar de nuestro pa\u00eds, la convivencia con los otros y hasta c\u00e1lculos sobre la luz natural y opiniones sobre d\u00f3nde colocar plantas y muebles en los ambientes se alternan con una fluidez sostenida por un preciso trabajo de sonido y una c\u00e1mara casi voyeurista y sensible que acompa\u00f1a toda la pel\u00edcula.<\/p>\n<p>As\u00ed, en esa t\u00e1bula rasa aparentemente fr\u00eda pero flexible y en un ejercicio art\u00edstico que remite por momentos a la honestidad de una sesi\u00f3n de div\u00e1n, se despliega una serie de pensamientos que hablan del pasado, la nostalgia, la noci\u00f3n de refugio y las inquietudes y expectativas del futuro desde un lugar \u00edntimo y que refleja las experiencias de las invitadas y los invitados en su paso por el lugar.<\/p>\n<p><strong>T\u00e9lam: \u00bfC\u00f3mo dialoga este presente particular con la propuesta del filme? \u00bfSe empalm\u00f3 la producci\u00f3n con el inicio de la pandemia?<\/strong><br \/>Gustavo Font\u00e1n: \u00bfQu\u00e9 significa habitar? \u00bfCu\u00e1l es el v\u00ednculo entre un espacio y una persona? \u00bfCu\u00e1l es la relaci\u00f3n entre un espacio y la memoria? \u00bfQu\u00e9 es una casa? Sabemos que algunas de estas preguntas son motivadas por la pel\u00edcula y ampliadas por el contexto. Nada de todo esto estuvo presente en su concepci\u00f3n, incluso el montaje estuvo listo antes de que tuvi\u00e9semos que quedarnos en nuestras casas, aunque durante la pandemia se termin\u00f3 el sonido y se hicieron las \u00faltimas tareas de posproducci\u00f3n.<\/p>\n<blockquote readability=\"6\">\n<p>&#8220;Hablar del espacio que se habita es necesariamente plantearse tambi\u00e9n la relaci\u00f3n con lo que est\u00e1 afuera&#8221;<span class=\"comilla\">\u201d<\/span><\/p>\n<p><span>Gloria Peinaro<\/span><\/p>\n<\/blockquote>\n<p><strong>T: \u00bfC\u00f3mo describir\u00edan el juego que se da entre ese hogar totalmente blanco con las experiencias de los visitantes?<\/strong><br \/>Gloria Peirano: Hab\u00eda un conjunto de premisas que organizaban el rodaje, a ese espacio deshabitado, sin muebles ni objetos, pero s\u00ed preparado para ser habitado, \u00edbamos a invitar a un conjunto de personas, todas conocidas y elegidas con cuidado, para que lo conozcan. Los filmar\u00edamos desde que entraban, para reparar en las reacciones m\u00e1s espont\u00e1neas, y durante rato prolongado para ver qu\u00e9 suced\u00eda mientras estaban ah\u00ed, qu\u00e9 memoria movilizaba el espacio. Que el espacio fuera blanco era muy significativo en relaci\u00f3n a esas premisas, era el lienzo para una escritura coral.<\/p>\n<p><strong>T: Las \u00faltimas visitantes son dos chicas adolescentes que no hablan del lugar en el que viven sino del colegio al que van, que est\u00e1 tomado. \u00bfPor qu\u00e9 eligieron incluir en el final esa mirada diferente sobre el espacio?<\/strong><br \/>GF: Son j\u00f3venes y para ellas el espacio que se habita, el que estuvo en primer lugar al entrar al piso, era el que compart\u00edan con sus pares. Entrar a ese espacio blanco no produjo en ellas ning\u00fan recuerdo de sus casas, su preocupaci\u00f3n estaba puesta de manera muy fuerte en el colegio tomado, tomado para que pueda ser habitada en otras condiciones. El presente, la acci\u00f3n sobre el presente, el ansia de un mundo mejor. Nos gustaba que la pel\u00edcula diera ese salto, del espacio que se habita de manera \u00edntima al que se habita de manera comunitaria.<\/p>\n<p><strong>T: La narradora hace una \u00faltima reflexi\u00f3n que rompe con las limitaciones f\u00edsicas de la casa. \u00bfC\u00f3mo se relaciona para ustedes ese pasaje de lo interior a lo exterior?<\/strong><br \/>GP: Hablar del espacio que se habita es necesariamente plantearse tambi\u00e9n la relaci\u00f3n con lo que est\u00e1 afuera. Algunas de las personas que llegaron a ese espacio hablaron de &#8220;refugio&#8221;. \u00bfUno se refugia porque siente que hay alguna amenaza afuera, real o imaginaria? El ac\u00e1 toma sentido en relaci\u00f3n al all\u00e1, y tambi\u00e9n puede pasar que el adentro sea inh\u00f3spito, amenazante. Podr\u00edamos seguir as\u00ed, sumando experiencias y pensamientos.<\/p>\n<p><strong>T: \u00bfQu\u00e9 expectativas tienen sobre el estreno en el Festival de Cosqu\u00edn y con el p\u00fablico que vea la pel\u00edcula?<\/strong><br \/>GF: Estamos muy felices de que la pel\u00edcula cierre el querid\u00edsimo festival, el mundo nos lleva a ver las pel\u00edculas en nuestras casas y nos hace perder algo de lo que pasa en las salas y en las calles, eso que excede la pel\u00edcula y que las justifica, siempre del orden de lo humano. En estas condiciones tan extra\u00f1as esperamos que el viento sople desde los dispositivos y los alcance y las alcance. La pel\u00edcula puede sumar infinitas experiencias, las de cada espectador, y ojal\u00e1 les den ganas de abrir esa puerta, la del piso del viento, y ver qu\u00e9 sucede. <\/p>\n","protected":false},"excerpt":{"rendered":"<p>Gustavo Font\u00e1n: &#8220;La pel\u00edcula puede sumar infinitas experiencias, las de cada espectador&#8221;. &#8220;El piso del viento&#8221;, la cinta dirigida por Gloria Peirano y Gustavo Font\u00e1n que a trav\u00e9s de distintas reflexiones de personas que visitan una casa remodelada explora para el cineasta un &#8220;presente que se vuelve siempre complejo, habitado por lo vivido y lanzado [&hellip;]<\/p>\n","protected":false},"author":1,"featured_media":5713,"comment_status":"closed","ping_status":"closed","sticky":false,"template":"","format":"standard","meta":[],"categories":[20],"tags":[],"_links":{"self":[{"href":"http:\/\/cordobadirecto.com\/index.php\/wp-json\/wp\/v2\/posts\/5712"}],"collection":[{"href":"http:\/\/cordobadirecto.com\/index.php\/wp-json\/wp\/v2\/posts"}],"about":[{"href":"http:\/\/cordobadirecto.com\/index.php\/wp-json\/wp\/v2\/types\/post"}],"author":[{"embeddable":true,"href":"http:\/\/cordobadirecto.com\/index.php\/wp-json\/wp\/v2\/users\/1"}],"replies":[{"embeddable":true,"href":"http:\/\/cordobadirecto.com\/index.php\/wp-json\/wp\/v2\/comments?post=5712"}],"version-history":[{"count":0,"href":"http:\/\/cordobadirecto.com\/index.php\/wp-json\/wp\/v2\/posts\/5712\/revisions"}],"wp:featuredmedia":[{"embeddable":true,"href":"http:\/\/cordobadirecto.com\/index.php\/wp-json\/wp\/v2\/media\/5713"}],"wp:attachment":[{"href":"http:\/\/cordobadirecto.com\/index.php\/wp-json\/wp\/v2\/media?parent=5712"}],"wp:term":[{"taxonomy":"category","embeddable":true,"href":"http:\/\/cordobadirecto.com\/index.php\/wp-json\/wp\/v2\/categories?post=5712"},{"taxonomy":"post_tag","embeddable":true,"href":"http:\/\/cordobadirecto.com\/index.php\/wp-json\/wp\/v2\/tags?post=5712"}],"curies":[{"name":"wp","href":"https:\/\/api.w.org\/{rel}","templated":true}]}}