{"id":57137,"date":"2022-05-04T00:12:04","date_gmt":"2022-05-04T00:12:04","guid":{"rendered":"https:\/\/puntoapunto.com.ar\/?p=326644"},"modified":"2022-05-04T00:12:04","modified_gmt":"2022-05-04T00:12:04","slug":"el-comercio-de-cordoba-uno-de-los-primeros-en-oponerse-a-la-extension-de-licencias","status":"publish","type":"post","link":"http:\/\/cordobadirecto.com\/index.php\/2022\/05\/04\/el-comercio-de-cordoba-uno-de-los-primeros-en-oponerse-a-la-extension-de-licencias\/","title":{"rendered":"El Comercio de C\u00f3rdoba, uno de los primeros en oponerse a la extensi\u00f3n de licencias"},"content":{"rendered":"<div class=\"g g-146\">\n<div class=\"g-single a-410\"><a class=\"gofollow\" data-track=\"NDEwLDE0NiwxLDYw\" href=\"https:\/\/www.harmoniechateau.com.ar\/\" target=\"_blank\" rel=\"noopener\"><img src=\"http:\/\/cordobadirecto.com\/wp-content\/uploads\/2022\/05\/el-comercio-de-cordoba-uno-de-los-primeros-en-oponerse-a-la-extension-de-licencias.gif\"><\/a><\/div>\n<\/div>\n<p>El presidente <strong>Alberto Fern\u00e1ndez&nbsp;<\/strong>anunci\u00f3 que enviar\u00e1 al Congreso un proyecto de ley que plantea la <strong>modificaci\u00f3n de las licencias de maternidad y paternidad a nivel nacional.<\/strong> La iniciativa est\u00e1 bautizada como \u201cCuidar en Igualdad\u201d.<\/p>\n<p class=\"com-paragraph --s\">El objetivo es&nbsp;la implementaci\u00f3n de licencia parentales igualitarias, que hab\u00eda&nbsp;sido anunciado el \u00faltimo mes de marzo. \u201cEs hora de igualar a las mujeres y todas las diversidades con los hombres\u201d, advirti\u00f3 el Presidente esta tarde.&nbsp;Fern\u00e1ndez sostuvo que la ley es necesaria \u201cpara que la suerte de las mujeres y los derechos de la igualdad no queden en una declamaci\u00f3n pol\u00edtica\u201d.<\/p>\n<p>Frente a esta nueva iniciativa, la <strong>C\u00e1mara de Comercio de C\u00f3rdoba<\/strong> encendido las alarmas y asegur\u00f3 que es <strong>\u00abcontraproducente e innecesario\u00bb.<\/strong><\/p>\n<p>En dialogo con <em>El Doce<\/em>, <strong>Jos\u00e9 Viale<\/strong>, presidente de la entidad cordobesa que nuclea a los comercios, dijo: \u00abNadie pidi\u00f3 la ampliaci\u00f3n de los d\u00edas. Me parece inoportuno para este momento, porque adem\u00e1s trae consecuencias negativas\u00bb.<\/p>\n<p>Seguidamente plante\u00f3 que \u00abextender las licencias es contraproducente en este momento, si m\u00e1s adelante tenemos la suerte de tener una econom\u00eda m\u00e1s floreciente o con m\u00e1s empleo los podr\u00edamos analizar, pero ahora es inoportuno\u00bb.<\/p>\n<p>Y agreg\u00f3: \u00abahora deber\u00edamos estar favoreciendo la creaci\u00f3n de empleo. <strong>Esta iniciativa trae consecuencia negativas, se va a hacer cada d\u00eda mas dif\u00edcil contratar personas<\/strong>\u00ab.<\/p>\n<p>El proyecto propone elevar la licencia por maternidad de manera progresiva hasta llegar a los 126 d\u00edas. Aplica tanto para trajabadoras bajo la Ley de Contrato de Trabajo, R\u00e9gimen de trabajo agrario, R\u00e9gimen especial de contrato para el Personal de Casas Particulares, trabajadoras de la Administraci\u00f3n P\u00fablica Nacional, monotributistas y Aut\u00f3nomos.<\/p>\n<p class=\"paragraph\">Asimismo, en el caso de las licencias por paternidad, que hoy son de dos d\u00edas corridos a partir del nacimiento, la meta es llevarlas a 15 d\u00edas en primer a\u00f1o de vigencia de la ley; 30 d\u00edas en el segundo, 45 d\u00edas a los 4 a\u00f1os; 60 d\u00edas a los 6 a\u00f1os y 90 d\u00edas a los 8 a\u00f1os.<\/p>\n","protected":false},"excerpt":{"rendered":"<p>El presidente Alberto Fern\u00e1ndez&nbsp;anunci\u00f3 que enviar\u00e1 al Congreso un proyecto de ley que plantea la modificaci\u00f3n de las licencias de maternidad y paternidad a nivel nacional. La iniciativa est\u00e1 bautizada como \u201cCuidar en Igualdad\u201d. El objetivo es&nbsp;la implementaci\u00f3n de licencia parentales igualitarias, que hab\u00eda&nbsp;sido anunciado el \u00faltimo mes de marzo. \u201cEs hora de igualar a [&hellip;]<\/p>\n","protected":false},"author":1,"featured_media":57138,"comment_status":"closed","ping_status":"closed","sticky":false,"template":"","format":"standard","meta":[],"categories":[25],"tags":[],"_links":{"self":[{"href":"http:\/\/cordobadirecto.com\/index.php\/wp-json\/wp\/v2\/posts\/57137"}],"collection":[{"href":"http:\/\/cordobadirecto.com\/index.php\/wp-json\/wp\/v2\/posts"}],"about":[{"href":"http:\/\/cordobadirecto.com\/index.php\/wp-json\/wp\/v2\/types\/post"}],"author":[{"embeddable":true,"href":"http:\/\/cordobadirecto.com\/index.php\/wp-json\/wp\/v2\/users\/1"}],"replies":[{"embeddable":true,"href":"http:\/\/cordobadirecto.com\/index.php\/wp-json\/wp\/v2\/comments?post=57137"}],"version-history":[{"count":0,"href":"http:\/\/cordobadirecto.com\/index.php\/wp-json\/wp\/v2\/posts\/57137\/revisions"}],"wp:featuredmedia":[{"embeddable":true,"href":"http:\/\/cordobadirecto.com\/index.php\/wp-json\/wp\/v2\/media\/57138"}],"wp:attachment":[{"href":"http:\/\/cordobadirecto.com\/index.php\/wp-json\/wp\/v2\/media?parent=57137"}],"wp:term":[{"taxonomy":"category","embeddable":true,"href":"http:\/\/cordobadirecto.com\/index.php\/wp-json\/wp\/v2\/categories?post=57137"},{"taxonomy":"post_tag","embeddable":true,"href":"http:\/\/cordobadirecto.com\/index.php\/wp-json\/wp\/v2\/tags?post=57137"}],"curies":[{"name":"wp","href":"https:\/\/api.w.org\/{rel}","templated":true}]}}