{"id":57247,"date":"2022-05-04T01:11:43","date_gmt":"2022-05-04T01:11:43","guid":{"rendered":"http:\/\/cordobadirecto.com\/index.php\/2022\/05\/04\/vuelta-al-perro-apela-a-la-nostalgia-del-retorno-al-pueblo-de-origen\/"},"modified":"2022-05-04T01:11:43","modified_gmt":"2022-05-04T01:11:43","slug":"vuelta-al-perro-apela-a-la-nostalgia-del-retorno-al-pueblo-de-origen","status":"publish","type":"post","link":"http:\/\/cordobadirecto.com\/index.php\/2022\/05\/04\/vuelta-al-perro-apela-a-la-nostalgia-del-retorno-al-pueblo-de-origen\/","title":{"rendered":"&#8220;Vuelta al perro&#8221; apela a la nostalgia del retorno al pueblo de origen"},"content":{"rendered":"<figure class=\"mb-3\"><img loading=\"lazy\" src=\"http:\/\/cordobadirecto.com\/wp-content\/uploads\/2022\/05\/vuelta-al-perro-apela-a-la-nostalgia-del-retorno-al-pueblo-de-origen.jpg\" width=\"100%\" height=\"100%\" alt=\"Daniel Di Cocco el protagonista de Vuelta al perro\"><figcaption> Daniel Di Cocco, el protagonista de &#8220;Vuelta al perro&#8221;. <\/figcaption><\/figure>\n<p>La comedia dram\u00e1tica <strong>&#8220;Vuelta al perro&#8221;<\/strong>, del director debutante <strong>Nicol\u00e1s Di Cocco<\/strong>, se estrenar\u00e1 en salas este jueves apela a la nostalgia que siente un dramaturgo reconocido que decide volver a su pueblo para revivir la obra de teatro que lo hizo famoso tres d\u00e9cadas atr\u00e1s.<\/p>\n<p>A trav\u00e9s de una tem\u00e1tica recurrente en el cine argentino relativa al regreso al pueblo del protagonista que vive en la ciudad, Di Cocco -junto a <strong>Sebasti\u00e1n Rotstein<\/strong>, que figura como coguionista y codirector- busca explorar la melancol\u00eda de un dramaturgo sesent\u00f3n que vive en la ciudad de Buenos Airesl y quiere regresar al partido bonaerense de Salto, su lugar de origen.<\/p>\n<p>La idea del protagonista es buscar al elenco original de su primera obra exitosa y convencerlos de que participen de su proyecto, por lo que debe reencontrarse con su mejor amigo de la infancia, su amor de la juventud y allegados del pasado.<\/p>\n<figure class=\"mb-3\"><img loading=\"lazy\" src=\"http:\/\/cordobadirecto.com\/wp-content\/uploads\/2022\/05\/vuelta-al-perro-apela-a-la-nostalgia-del-retorno-al-pueblo-de-origen-1.jpg\" width=\"100%\" height=\"100%\" alt=\"Nicols Di Cocco Quera trabajar con el gran grupo de actores saltenses\"><figcaption> Nicol\u00e1s Di Cocco: &#8220;Quer\u00eda trabajar con el gran grupo de actores saltenses&#8221; <\/figcaption><\/figure>\n<p><br open> La pel\u00edcula tiene un elenco conformado por <strong>Daniel Di Cocco, Adriana Ferrer, Marcelo Feo, Alfredo Castellani, Germ\u00e1n de Silva, Marcelo Mininno, Mauricio Minetti, Mariano Gonz\u00e1lez <\/strong>y la participaci\u00f3n de <strong>Cristina Banegas <\/strong>y<strong> Rafael Ferro<\/strong>.<\/p>\n<p>La cinta, podr\u00e1 verse en el Gaumont, el Showcase Norte, el Centro Cultural Municipal de Tapalqu\u00e9, el Teatro Municipal Manuel Belgrano de Rafaela y el Centro Cultural Jos\u00e9 Hern\u00e1ndez de Rawson.<\/p>\n<p>En di\u00e1logo con T\u00e9lam, Di Cocco habl\u00f3 sobre su primera incursi\u00f3n como realizador de cine tras dirigir episodios en telenovelas como <strong>&#8220;Guapas&#8221;, &#8220;Farsantes&#8221; <\/strong>y<strong> &#8220;Once&#8221;<\/strong> -esta \u00faltima para Disney-, adem\u00e1s de <strong>&#8220;El Puntero&#8221;<\/strong>.<\/p>\n<figure class=\"mb-3\"><img loading=\"lazy\" src=\"http:\/\/cordobadirecto.com\/wp-content\/uploads\/2022\/05\/vuelta-al-perro-apela-a-la-nostalgia-del-retorno-al-pueblo-de-origen-2.jpg\" width=\"100%\" height=\"100%\" alt=\"Me ayudaron mis aos de trabajo para la TV donde hacs el doble de escenas por da asegura el debutante\"><figcaption> &#8220;Me ayudaron mis a\u00f1os de trabajo para la TV, donde hac\u00e9s el doble de escenas por d\u00eda&#8221;, asegura el debutante. <\/figcaption><\/figure>\n<p><br open><strong>&#8220;La idea del retorno era explorar las im\u00e1genes de mi ni\u00f1ez en ese pueblo, que es el de mi abuela y donde naci\u00f3 mi pap\u00e1 (Daniel Di Cocco). Explotar la idea del triunfo y del fracaso, del \u00e9xito. \u00bfQui\u00e9n es el que triunf\u00f3? \u00bfEl que se fue o el que se qued\u00f3?&#8221;<\/strong>, explic\u00f3 el director.<\/p>\n<p>Di Cocco agreg\u00f3 al respecto que busc\u00f3<strong> &#8220;contar ese pueblo desde la nostalgia y el afecto, no desde la mirada condescendiente de la Capital&#8221;.<\/strong><\/p>\n<p><strong>&#8220;Adem\u00e1s, quer\u00eda trabajar con el gran grupo de actores saltenses, los cuales segu\u00ed siempre ya que Salto tiene una gran tradici\u00f3n teatral. Adem\u00e1s, amo la arquitectura monumentalista del centro hist\u00f3rico y desde que estudiaba cine pensaba ideas para filmar algo en Salto&#8221;<\/strong>, cont\u00f3 el realizador.<\/p>\n<div class=\"video_repositive\"> <a class=\"video_sticky\" href=\"javascript:void();\" onclick=\"removeStuckVideo(true);\"><i class=\"far fa-window-close\"><\/i><\/a> <\/p>\n<div id=\"out2mhsCiPc\" class=\"video_telam\" readability=\"6\">\n<div class=\"feature_article_inner\" readability=\"32\">\n<p><h2 class=\"text-center\">Trailer &#8220;Vuelta al perro&#8221;<\/h2>\n<\/p><\/div>\n<p>VER VIDEO <i class=\"fas fa-play\"><\/i><\/p>\n<\/p><\/div><\/div>\n<p><strong>T\u00e9lam: \u00bfQu\u00e9 t\u00f3pico o elemento de la pel\u00edcula te pareci\u00f3 mejor logrado?<\/strong><\/p>\n<p>Nicol\u00e1s Di Cocco: Le ten\u00eda mucho miedo a la parte teatral de la pel\u00edcula. C\u00f3mo filmarla para que no sea aburrida, o que no fuera teatro filmado. Vi muchas referencias para tener herramientas a la hora de plantearlas. En cuanto a la m\u00fasica, ten\u00eda muy en claro que no quer\u00eda la t\u00edpica m\u00fasica de pianito y guitarra que uno elegir\u00eda para una pel\u00edcula como esta. Desde el inicio, hablamos con el director de sonido, Martin Blaya, para buscar una m\u00fasica industrial, cercana a la electr\u00f3nica, que nos metiera en este clima de enso\u00f1aci\u00f3n. Finalmente, algo que flota en la pel\u00edcula y me obsesiona, ya que tarde m\u00e1s de 40 a\u00f1os en armar mi \u00f3pera prima: la idea de que no hay tiempo para arrancar algo nuevo en la vida.<\/p>\n<p><strong>T: \u00bfCu\u00e1l fue la mayor dificultad de la producci\u00f3n?<\/strong><\/p>\n<p>NDC: M\u00e1s all\u00e1 de la financiaci\u00f3n, un desaf\u00edo fue la planificaci\u00f3n, f\u00e9rrea y precisa, para aprovechar al m\u00e1ximo los recursos y el tiempo. Me ayudaron mis a\u00f1os de asistente de direcci\u00f3n y de dirigir TV, donde hac\u00e9s el doble de escenas por d\u00eda. Y despu\u00e9s el montaje: tengo la firme convicci\u00f3n que las pel\u00edculas tienen que durar una hora y media. Dejamos afuera m\u00e1s de 30 minutos, entre los que estaban la escena que m\u00e1s me gusta, la que m\u00e1s disfrut\u00e9 fotogr\u00e1ficamente y la que aparece mi hija mayor. Pero cuando saqu\u00e9 esas escenas, sin remordimientos, supe que la pel\u00edcula estaba lista. <\/p>\n","protected":false},"excerpt":{"rendered":"<p>Daniel Di Cocco, el protagonista de &#8220;Vuelta al perro&#8221;. La comedia dram\u00e1tica &#8220;Vuelta al perro&#8221;, del director debutante Nicol\u00e1s Di Cocco, se estrenar\u00e1 en salas este jueves apela a la nostalgia que siente un dramaturgo reconocido que decide volver a su pueblo para revivir la obra de teatro que lo hizo famoso tres d\u00e9cadas atr\u00e1s. [&hellip;]<\/p>\n","protected":false},"author":1,"featured_media":57248,"comment_status":"closed","ping_status":"closed","sticky":false,"template":"","format":"standard","meta":[],"categories":[20],"tags":[],"_links":{"self":[{"href":"http:\/\/cordobadirecto.com\/index.php\/wp-json\/wp\/v2\/posts\/57247"}],"collection":[{"href":"http:\/\/cordobadirecto.com\/index.php\/wp-json\/wp\/v2\/posts"}],"about":[{"href":"http:\/\/cordobadirecto.com\/index.php\/wp-json\/wp\/v2\/types\/post"}],"author":[{"embeddable":true,"href":"http:\/\/cordobadirecto.com\/index.php\/wp-json\/wp\/v2\/users\/1"}],"replies":[{"embeddable":true,"href":"http:\/\/cordobadirecto.com\/index.php\/wp-json\/wp\/v2\/comments?post=57247"}],"version-history":[{"count":0,"href":"http:\/\/cordobadirecto.com\/index.php\/wp-json\/wp\/v2\/posts\/57247\/revisions"}],"wp:featuredmedia":[{"embeddable":true,"href":"http:\/\/cordobadirecto.com\/index.php\/wp-json\/wp\/v2\/media\/57248"}],"wp:attachment":[{"href":"http:\/\/cordobadirecto.com\/index.php\/wp-json\/wp\/v2\/media?parent=57247"}],"wp:term":[{"taxonomy":"category","embeddable":true,"href":"http:\/\/cordobadirecto.com\/index.php\/wp-json\/wp\/v2\/categories?post=57247"},{"taxonomy":"post_tag","embeddable":true,"href":"http:\/\/cordobadirecto.com\/index.php\/wp-json\/wp\/v2\/tags?post=57247"}],"curies":[{"name":"wp","href":"https:\/\/api.w.org\/{rel}","templated":true}]}}