{"id":57249,"date":"2022-05-04T01:11:45","date_gmt":"2022-05-04T01:11:45","guid":{"rendered":"http:\/\/cordobadirecto.com\/index.php\/2022\/05\/04\/el-festival-de-cine-latino-arabe-cumple-10-anos-reuniendo-culturas\/"},"modified":"2022-05-04T01:11:45","modified_gmt":"2022-05-04T01:11:45","slug":"el-festival-de-cine-latino-arabe-cumple-10-anos-reuniendo-culturas","status":"publish","type":"post","link":"http:\/\/cordobadirecto.com\/index.php\/2022\/05\/04\/el-festival-de-cine-latino-arabe-cumple-10-anos-reuniendo-culturas\/","title":{"rendered":"El Festival de Cine Latino-\u00c1rabe cumple 10 a\u00f1os reuniendo culturas"},"content":{"rendered":"<figure class=\"mb-3\"><img loading=\"lazy\" src=\"http:\/\/cordobadirecto.com\/wp-content\/uploads\/2022\/05\/el-festival-de-cine-latino-arabe-cumple-10-anos-reuniendo-culturas.jpg\" width=\"100%\" height=\"100%\" alt=\"Before the Diying of the Light 2020\"><figcaption> &#8220;Before the Diying of the Light&#8221; (2020) <\/figcaption><\/figure>\n<p>Filmes de T\u00fanez, Palestina, L\u00edbano, Marruecos, Egipto, Ecuador, Brasil, Argentina y Uruguay, entre otros pa\u00edses, se ver\u00e1n a partir de este martes y hasta el jueves 19 en el <strong>Festival Internacional de Cine Latino-\u00c1rabe (LatinArab)<\/strong>, que en salas y en formato virtual desarrollar\u00e1 su d\u00e9cima edici\u00f3n.<\/p>\n<p><strong>\u201cLlegar a diez ediciones obedece a que desde un principio nos apoyamos en una visi\u00f3n y en una misi\u00f3n clara y, entendemos que relevante: el conocimiento de la diversidad cultural, los intercambios y la amistad entre los pueblos son parte insoslayable del desarrollo de nuestras sociedades\u201d<\/strong>, asegura a T\u00e9lam <strong>Christian Mouroux<\/strong>, nuevo director del LatinArab.<\/p>\n<p>Mouroux ocupa el lugar de <strong>Edgardo Bechara El Khoury<\/strong>, adem\u00e1s director ejecutivo de Cine F\u00e9rtil, quien falleci\u00f3 por coronavirus en marzo de 2021 a sus 50 a\u00f1os y sobre el que apunta que<strong> \u201cel impacto de la ausencia de Pipo, como llam\u00e1bamos a Edgardo, es inconmensurable\u201d.<\/strong><\/p>\n<p><strong>\u201cSu figura<\/strong> -se\u00f1ala- <strong>es irremplazable: su carisma, su personalidad expansiva pero tambi\u00e9n su generosidad para compartir su conocimiento, con una visi\u00f3n del mundo aguda y audaz, lo hicieron una persona digna de admirar que dej\u00f3 huella. Sol\u00eda decir que no hac\u00eda falta construir puentes entre las culturas, porque esos puentes ya existen, lo que hace falta es descolonizarlos\u201d<\/strong>.<\/p>\n<p>Cin\u00e9polis Recoleta, La Manzana de las Luces, Auditorio de la Universidad del Cine y el Centro Cultural Kirchner ser\u00e1n las sedes presenciales de la muestra, mientras que en formato online se podr\u00e1 ver a trav\u00e9s de las plataformas Vivamos Cultura y Clacso.tv.<\/p>\n<p>La muestra contempla una Competencia de Largometrajes \u00c1rabes entre las que se ver\u00e1n <strong>&#8220;An Unusual Summer&#8221;<\/strong>, de Kamal Aljafari (Palestina, Alemania (2020); <strong>&#8220;Before the Dying of the Light&#8221;<\/strong>, de Ali Essafi Marruecos (2020) y <strong>&#8220;Mapping Lessons&#8221;<\/strong>, de Philip Rizk, Egipto (2020).<\/p>\n<p>Tambi\u00e9n habr\u00e1 una Competencia de Largometrajes Latinoamericanos, de Cortometrajes \u00c1rabes y una Competencia de Cortometrajes Latinoamericanos, panorama LatinArab, con pel\u00edculas de Argentina y Brasil y una retrospectiva con pel\u00edculas que pasaron por las nueve ediciones previas del festival.<\/p>\n<p>Junto con Argentina, el festival se realizar\u00e1 en forma simult\u00e1nea en Santiago de Chile y Niteroi, Brasil.<\/p>\n<p>Sobre la propuesta cinematogr\u00e1fica ofrecida este a\u00f1o, Mar\u00eda Jes\u00fas Santangelo, directora art\u00edstica de la muestra, resalta a T\u00e9lam que <strong>\u201cla primera novedad es la internacionalizaci\u00f3n del festival. Es la primera vez que se realizar\u00e1 de manera simult\u00e1nea con actividades en tres pa\u00edses de Latinoam\u00e9rica\u201d<\/strong>.<\/p>\n<p><strong>\u201cPor otra parte, estar\u00e1n presentes Arab y Tarzan Nasser, directores palestinos, realizadores de \u2018Gaza mon amour\u2019, pel\u00edcula de apertura de esta edici\u00f3n\u201d,<\/strong> agrega Santangelo sobre la pareja creativa oriunda de Gaza y que con su \u00f3pera prima <strong>&#8220;Degrad\u00e9&#8221;<\/strong> lleg\u00f3 a la Semana de la Cr\u00edtica del Festival de Cannes y recibi\u00f3 el Premio a Mejor Pel\u00edcula en el Festival de Cine de Atenas.<\/p>\n<p><strong>T\u00e9lam: \u00bfCreen que la presencia sostenida de LatinArab le permiti\u00f3 conectar con un p\u00fablico, derribar prejuicios?<\/strong><\/p>\n<p>Christian Mouroux: Si logramos darle continuidad a lo largo de 10 a\u00f1os, sin dudas fue gracias al acompa\u00f1amiento del p\u00fablico, que encontr\u00f3 en el festival un espacio no solo para acceder a pel\u00edculas a las que no podr\u00eda acceder de otra manera, en un contexto que se ve inalterado en el que las narrativas de los pa\u00edses \u00e1rabes se ven predominantemente fuera del discurso cinematogr\u00e1fico (y medi\u00e1tico), ya sea mediante la invisibilizaci\u00f3n o bien la demonizaci\u00f3n. El cine es un espejo de nuestro ser en este mundo, nos permite aferrarnos a nuestra humanidad, para reencontrarnos, como dec\u00eda Pipo, con aquellos que no son sino nosotros en otro lugar.<\/p>\n<p><strong>T: \u00bfHay alg\u00fan patr\u00f3n est\u00e9tico o tem\u00e1tico que hoy prime dentro del cine \u00e1rabe o que ustedes prioricen a la hora de mostrar esas producciones en el pa\u00eds?<\/strong><\/p>\n<p>Mar\u00eda Jes\u00fas Santangelo: El cine \u00e1rabe es muy diverso, en lo est\u00e9tico y en lo tem\u00e1tico. Hay pa\u00edses con una industria cinematogr\u00e1fica m\u00e1s desarrollada, como T\u00fanez, Argelia, L\u00edbano, Egipto y Marruecos y otros con una producci\u00f3n m\u00e1s incipiente. En los \u00faltimos a\u00f1os est\u00e1n apareciendo producciones de Jordania, Kuwait, Sud\u00e1n, Arabia Saudita. M\u00e1s all\u00e1 de esa variedad, s\u00ed hay algunas tem\u00e1ticas que es frecuente ver en el cine de los pa\u00edses \u00e1rabes: aspectos territoriales o cuestiones identitarias derivadas de la inmigraci\u00f3n. De todos modos, tambi\u00e9n hay pel\u00edculas que no se dejan encasillar en las idiosincrasias de las sociedades \u00e1rabes y abren preguntas sobre otros aspectos m\u00e1s generales: la juventud y el g\u00e9nero, por ejemplo. <\/p>\n","protected":false},"excerpt":{"rendered":"<p>&#8220;Before the Diying of the Light&#8221; (2020) Filmes de T\u00fanez, Palestina, L\u00edbano, Marruecos, Egipto, Ecuador, Brasil, Argentina y Uruguay, entre otros pa\u00edses, se ver\u00e1n a partir de este martes y hasta el jueves 19 en el Festival Internacional de Cine Latino-\u00c1rabe (LatinArab), que en salas y en formato virtual desarrollar\u00e1 su d\u00e9cima edici\u00f3n. \u201cLlegar a [&hellip;]<\/p>\n","protected":false},"author":1,"featured_media":57250,"comment_status":"closed","ping_status":"closed","sticky":false,"template":"","format":"standard","meta":[],"categories":[20],"tags":[],"_links":{"self":[{"href":"http:\/\/cordobadirecto.com\/index.php\/wp-json\/wp\/v2\/posts\/57249"}],"collection":[{"href":"http:\/\/cordobadirecto.com\/index.php\/wp-json\/wp\/v2\/posts"}],"about":[{"href":"http:\/\/cordobadirecto.com\/index.php\/wp-json\/wp\/v2\/types\/post"}],"author":[{"embeddable":true,"href":"http:\/\/cordobadirecto.com\/index.php\/wp-json\/wp\/v2\/users\/1"}],"replies":[{"embeddable":true,"href":"http:\/\/cordobadirecto.com\/index.php\/wp-json\/wp\/v2\/comments?post=57249"}],"version-history":[{"count":0,"href":"http:\/\/cordobadirecto.com\/index.php\/wp-json\/wp\/v2\/posts\/57249\/revisions"}],"wp:featuredmedia":[{"embeddable":true,"href":"http:\/\/cordobadirecto.com\/index.php\/wp-json\/wp\/v2\/media\/57250"}],"wp:attachment":[{"href":"http:\/\/cordobadirecto.com\/index.php\/wp-json\/wp\/v2\/media?parent=57249"}],"wp:term":[{"taxonomy":"category","embeddable":true,"href":"http:\/\/cordobadirecto.com\/index.php\/wp-json\/wp\/v2\/categories?post=57249"},{"taxonomy":"post_tag","embeddable":true,"href":"http:\/\/cordobadirecto.com\/index.php\/wp-json\/wp\/v2\/tags?post=57249"}],"curies":[{"name":"wp","href":"https:\/\/api.w.org\/{rel}","templated":true}]}}