{"id":57296,"date":"2022-05-03T22:15:23","date_gmt":"2022-05-03T22:15:23","guid":{"rendered":"https:\/\/www.cordoba.gob.ar\/?p=23973"},"modified":"2022-05-03T22:15:23","modified_gmt":"2022-05-03T22:15:23","slug":"muestra-interactiva-sobre-ana-frank-en-el-parque-educativo-sur","status":"publish","type":"post","link":"http:\/\/cordobadirecto.com\/index.php\/2022\/05\/03\/muestra-interactiva-sobre-ana-frank-en-el-parque-educativo-sur\/","title":{"rendered":"Muestra interactiva sobre Ana Frank en el Parque Educativo Sur"},"content":{"rendered":"<div><img src=\"http:\/\/cordobadirecto.com\/wp-content\/uploads\/2022\/05\/muestra-interactiva-sobre-ana-frank-en-el-parque-educativo-sur.jpg\" class=\"ff-og-image-inserted\"><\/div>\n<ul>\n<li><strong>La propuesta es gratuita y funcionar\u00e1 hasta el viernes 13 de mayo.<\/strong><\/li>\n<li><strong>Puede ser visitada todos los d\u00edas, de 8:30 a 21 hs.<\/strong><\/li>\n<li><strong>La iniciativa est\u00e1 destinada a vecinos y alumnos de escuelas primarias y secundarias de la ciudad.<\/strong><\/li>\n<li><strong>En la inauguraci\u00f3n estuvieron presentes m\u00e1s de 400 vecinos y abanderados de 22 escuelas primarias municipales.<\/strong><\/li>\n<\/ul>\n<hr>\n<p>En el parque Educativo Sur, de barrio Congreso, se llev\u00f3 a cabo la apertura de la \u201cMuestra Itinerante Ana Frank: una historia vigente, construcci\u00f3n de convivencia e inclusi\u00f3n y desaf\u00edos frente a la violencia y la discriminaci\u00f3n\u201d.<\/p>\n<p>La muestra fue pensada y dise\u00f1ada por la Fundaci\u00f3n Ana Frank de Amsterdam y se compone de distintos elementos que estimulan al visitante a establecer una cadena de acontecimientos y similitudes entre el pasado y el presente.<\/p>\n<p>La propuesta es coordinada por la Direcci\u00f3n de Parques Educativos de la Secretar\u00eda de Educaci\u00f3n y la Casa Ana Frank Argentina, junto a las escuelas municipales que participan del proyecto.<\/p>\n<p>Los grupos de escuelas que accedan a la exposici\u00f3n ser\u00e1n acompa\u00f1ados y guiados por j\u00f3venes estudiantes de escuelas secundarias, quienes se capacitaron durante todo el mes de abril para llevar a cabo la tarea. Estas visitas se realizan de 8:30 a 12:30 y de 13:30 a 17:30 hs.<\/p>\n<p>A partir de la muestra se pretende movilizar a los visitantes a reflexionar sobre valores y conceptos tales como derechos humanos, convivencia y respeto del pr\u00f3jimo, democracia en el mundo actual, utilizando como hilo conductor el relato de la historia de Ana Frank y su familia.<\/p>\n<p>El acto de inauguraci\u00f3n estuvo encabezado por el vice intendente de la ciudad, Daniel Passerini, quien promovi\u00f3 el encuentro de la comunidad y la importancia de la participaci\u00f3n de vecinos a esta iniciativa.<\/p>\n<p>Adem\u00e1s, mencion\u00f3 que los Parques Educativos y las escuelas tienen un papel fundamental en la construcci\u00f3n de la ciudadan\u00eda y el fortalecimiento de v\u00ednculos desde el respeto, el entendimiento y el di\u00e1logo entre pares.<\/p>\n<p>El secretario de Educaci\u00f3n, Horacio Ferreyra se refiri\u00f3 a la importancia de esta exposici\u00f3n defini\u00e9ndola como \u201c<em>un espacio para aprender en comunidad, desde el di\u00e1logo, la experiencia y el intercambio de conocimientos y saberes que nos sirven para mejorar los lazos sociales<\/em>\u201d.<\/p>\n<p>Adem\u00e1s, el secretario aprovech\u00f3 la ocasi\u00f3n para agradecer a las escuelas municipales que participan del proyecto e invit\u00f3 a que la totalidad de los establecimientos educativos del municipio a que se sumen al proyecto que nos invita a reflexionar sobre nuestro pasado, presente y futuro.<\/p>\n<p>En el acto se hizo entrega de un reconocimiento honor\u00edfico a Edgar Wilferver, sobreviviente del holocausto jud\u00edo, por sus aportes a la lucha y la defensa de los Derechos Humanos.<\/p>\n<p>La muestra recibi\u00f3 el reconocimiento del Concejo Deliberante de la ciudad, por lo que el vice intendente, hizo entrega de una placa alusiva.<\/p>\n<p>La Legislatura de la provincia de C\u00f3rdoba tambi\u00e9n reconoci\u00f3 la muestra. La legisladora y vicepresidenta de la Legislatura, Nadia Fern\u00e1ndez hizo entrega del mismo.<\/p>\n<p>Estuvieron presentes en el acto la subsecretaria de Coordinaci\u00f3n Educativa Mar\u00eda Jos\u00e9 Viola, concejales de la ciudad, funcionarios de las dependencias municipales, representantes de organizaciones sociales, y vecinos de la zona sur.<\/p>\n","protected":false},"excerpt":{"rendered":"<p>La propuesta es gratuita y funcionar\u00e1 hasta el viernes 13 de mayo. Puede ser visitada todos los d\u00edas, de 8:30 a 21 hs. La iniciativa est\u00e1 destinada a vecinos y alumnos de escuelas primarias y secundarias de la ciudad. En la inauguraci\u00f3n estuvieron presentes m\u00e1s de 400 vecinos y abanderados de 22 escuelas primarias municipales. [&hellip;]<\/p>\n","protected":false},"author":1,"featured_media":57297,"comment_status":"closed","ping_status":"closed","sticky":false,"template":"","format":"standard","meta":[],"categories":[44],"tags":[],"_links":{"self":[{"href":"http:\/\/cordobadirecto.com\/index.php\/wp-json\/wp\/v2\/posts\/57296"}],"collection":[{"href":"http:\/\/cordobadirecto.com\/index.php\/wp-json\/wp\/v2\/posts"}],"about":[{"href":"http:\/\/cordobadirecto.com\/index.php\/wp-json\/wp\/v2\/types\/post"}],"author":[{"embeddable":true,"href":"http:\/\/cordobadirecto.com\/index.php\/wp-json\/wp\/v2\/users\/1"}],"replies":[{"embeddable":true,"href":"http:\/\/cordobadirecto.com\/index.php\/wp-json\/wp\/v2\/comments?post=57296"}],"version-history":[{"count":0,"href":"http:\/\/cordobadirecto.com\/index.php\/wp-json\/wp\/v2\/posts\/57296\/revisions"}],"wp:featuredmedia":[{"embeddable":true,"href":"http:\/\/cordobadirecto.com\/index.php\/wp-json\/wp\/v2\/media\/57297"}],"wp:attachment":[{"href":"http:\/\/cordobadirecto.com\/index.php\/wp-json\/wp\/v2\/media?parent=57296"}],"wp:term":[{"taxonomy":"category","embeddable":true,"href":"http:\/\/cordobadirecto.com\/index.php\/wp-json\/wp\/v2\/categories?post=57296"},{"taxonomy":"post_tag","embeddable":true,"href":"http:\/\/cordobadirecto.com\/index.php\/wp-json\/wp\/v2\/tags?post=57296"}],"curies":[{"name":"wp","href":"https:\/\/api.w.org\/{rel}","templated":true}]}}