{"id":57300,"date":"2022-05-04T13:34:00","date_gmt":"2022-05-04T13:34:00","guid":{"rendered":"http:\/\/cordobadirecto.com\/index.php\/2022\/05\/04\/la-union-europea-redoblara-su-ayuda-militar-a-moldavia\/"},"modified":"2022-05-04T13:34:00","modified_gmt":"2022-05-04T13:34:00","slug":"la-union-europea-redoblara-su-ayuda-militar-a-moldavia","status":"publish","type":"post","link":"http:\/\/cordobadirecto.com\/index.php\/2022\/05\/04\/la-union-europea-redoblara-su-ayuda-militar-a-moldavia\/","title":{"rendered":"La Uni\u00f3n Europea redoblar\u00e1 su ayuda militar a Moldavia"},"content":{"rendered":"<figure class=\"mb-3\"><img loading=\"lazy\" src=\"http:\/\/cordobadirecto.com\/wp-content\/uploads\/2022\/05\/la-union-europea-redoblara-su-ayuda-militar-a-moldavia.jpg\" width=\"100%\" height=\"100%\" alt=\"Moldavia es una antigua repblica sovitica de 25 millones de habitantes ubicada entre Ucrania y Rumania\"><figcaption> Moldavia es una antigua rep\u00fablica sovi\u00e9tica de 2,5 millones de habitantes ubicada entre Ucrania y Rumania. <\/figcaption><\/figure>\n<p><strong>La Uni\u00f3n Europea<\/strong> (UE) dijo este mi\u00e9rcoles que <strong>va a &#8220;aumentar<\/strong> de manera considerable&#8221; <strong>su apoyo militar a Moldavia<\/strong>, luego de varios ataques en una regi\u00f3n separatista prorrusa de ese pa\u00eds que hacen temer que se vea arrastrado a la guerra en la vecina Ucrania.<\/p>\n<p>&#8220;<strong>Prevemos este a\u00f1o aumentar de manera considerable nuestro apoyo a Moldavia<\/strong> entregando equipamiento militar a sus fuerzas armadas&#8221;, <strong>declar\u00f3 el presidente del Consejo Europeo, Charles Michel<\/strong>, durante una visita a la capital moldava, Chisinau.<\/p>\n<p>&#8220;La UE es completamente solidaria con Moldavia. Es nuestro deber europeo ayudar y apoyar a su pa\u00eds y aumentar nuestro apoyo a su estabilidad, seguridad e integridad territorial&#8221;, agreg\u00f3 en conferencia de prensa con la presidenta moldava Maia Sandu.<\/p>\n<p>Moldavia, una antigua rep\u00fablica sovi\u00e9tica de 2,5 millones de habitantes ubicada entre Ucrania y Rumania, teme ser desestabilizada por la guerra que desgarra a Ucrania, tras la invasi\u00f3n de las tropas rusas en febrero.<\/p>\n<p>Para aumentar sus preocupaciones, una serie de explosiones sacudi\u00f3 la semana pasada Transnistria, una regi\u00f3n separatista apoyada por Rusia que hizo secesi\u00f3n tras una breve guerra en 1992.<\/p>\n<p>Los separatistas dijeron que algunas de las explosiones fueron resultado de ataques ucranianos.<\/p>\n<p>Rusia, que tiene desplegados unos 1.500 militares en Transnistria, dijo estar &#8220;alarmada&#8221; por esos &#8220;actos terroristas&#8221; e indic\u00f3 que segu\u00eda de cerca la situaci\u00f3n.<\/p>\n<figure class=\"mb-3\"><img loading=\"lazy\" src=\"http:\/\/cordobadirecto.com\/wp-content\/uploads\/2022\/05\/la-union-europea-redoblara-su-ayuda-militar-a-moldavia-1.jpg\" width=\"100%\" height=\"100%\" alt=\"Los anuncios se hicieron con la presencia de la presidenta moldava Maia Sandu\"><figcaption> Los anuncios se hicieron con la presencia de la presidenta moldava Maia Sandu. <\/figcaption><\/figure>\n<p>Sandu dijo que Moldavia no ve amenazas inminentes pero que se est\u00e1 preparando para cualquier eventualidad.<\/p>\n<p>\u201cNo vemos ninguna amenaza inminente para el futuro m\u00e1s pr\u00f3ximo, pero por supuesto tenemos planes de contingencia para tales escenarios, que son menos optimistas o que son pesimistas\u201d, declar\u00f3 a los periodistas.<\/p>\n<p>La presidenta repiti\u00f3 su descripci\u00f3n de los disturbios como \u201cprovocaciones\u201d de los separatistas, y dijo que la polic\u00eda de Moldavia estaba haciendo lo que pod\u00eda en su lado del r\u00edo Dniester para garantizar la estabilidad, inform\u00f3 la agencia de noticias AFP.<\/p>\n<p>Moldavia ha dado un giro pol\u00edtico prooccidental decisivo desde que Sandu asumi\u00f3 el cargo a finales de 2020, derrotando a un candidato alineado con Mosc\u00fa.<\/p>\n<p>El Gobierno de Sandu solicit\u00f3 la adhesi\u00f3n a la UE el 3 de marzo de este a\u00f1o, una semana despu\u00e9s de que Rusia invadiera Ucrania.<\/p>\n<p>En Moldavia est\u00e1n prohibidos los noticieros rusos, y en las \u00faltimas semanas se prohibi\u00f3 el lazo naranja y negro que llevan los partidarios de la invasi\u00f3n rusa, tras una votaci\u00f3n parlamentaria boicoteada por la oposici\u00f3n prorrusa.<\/p>\n<p>Michel afirm\u00f3 que la UE est\u00e1 trabajando intensamente para evaluar la solicitud de adhesi\u00f3n de Moldavia al bloque, aunque calific\u00f3 el procedimiento de \u201ccomplejo\u201d.<\/p>\n","protected":false},"excerpt":{"rendered":"<p>Moldavia es una antigua rep\u00fablica sovi\u00e9tica de 2,5 millones de habitantes ubicada entre Ucrania y Rumania. La Uni\u00f3n Europea (UE) dijo este mi\u00e9rcoles que va a &#8220;aumentar de manera considerable&#8221; su apoyo militar a Moldavia, luego de varios ataques en una regi\u00f3n separatista prorrusa de ese pa\u00eds que hacen temer que se vea arrastrado a [&hellip;]<\/p>\n","protected":false},"author":1,"featured_media":57301,"comment_status":"closed","ping_status":"closed","sticky":false,"template":"","format":"standard","meta":[],"categories":[24],"tags":[],"_links":{"self":[{"href":"http:\/\/cordobadirecto.com\/index.php\/wp-json\/wp\/v2\/posts\/57300"}],"collection":[{"href":"http:\/\/cordobadirecto.com\/index.php\/wp-json\/wp\/v2\/posts"}],"about":[{"href":"http:\/\/cordobadirecto.com\/index.php\/wp-json\/wp\/v2\/types\/post"}],"author":[{"embeddable":true,"href":"http:\/\/cordobadirecto.com\/index.php\/wp-json\/wp\/v2\/users\/1"}],"replies":[{"embeddable":true,"href":"http:\/\/cordobadirecto.com\/index.php\/wp-json\/wp\/v2\/comments?post=57300"}],"version-history":[{"count":0,"href":"http:\/\/cordobadirecto.com\/index.php\/wp-json\/wp\/v2\/posts\/57300\/revisions"}],"wp:featuredmedia":[{"embeddable":true,"href":"http:\/\/cordobadirecto.com\/index.php\/wp-json\/wp\/v2\/media\/57301"}],"wp:attachment":[{"href":"http:\/\/cordobadirecto.com\/index.php\/wp-json\/wp\/v2\/media?parent=57300"}],"wp:term":[{"taxonomy":"category","embeddable":true,"href":"http:\/\/cordobadirecto.com\/index.php\/wp-json\/wp\/v2\/categories?post=57300"},{"taxonomy":"post_tag","embeddable":true,"href":"http:\/\/cordobadirecto.com\/index.php\/wp-json\/wp\/v2\/tags?post=57300"}],"curies":[{"name":"wp","href":"https:\/\/api.w.org\/{rel}","templated":true}]}}