{"id":57435,"date":"2022-05-04T22:39:59","date_gmt":"2022-05-04T22:39:59","guid":{"rendered":"https:\/\/www.espinof.com\/series-de-ficcion\/salvados-campana-cancelada-forma-inesperada-reboot-mitica-serie-no-tendra-temporada-3"},"modified":"2022-05-04T22:39:59","modified_gmt":"2022-05-04T22:39:59","slug":"salvados-por-la-campana-es-cancelada-de-forma-inesperada-el-reboot-de-la-mitica-serie-no-tendra-temporada-3","status":"publish","type":"post","link":"http:\/\/cordobadirecto.com\/index.php\/2022\/05\/04\/salvados-por-la-campana-es-cancelada-de-forma-inesperada-el-reboot-de-la-mitica-serie-no-tendra-temporada-3\/","title":{"rendered":"&#8216;Salvados por la campana&#8217; es cancelada de forma inesperada: el reboot de la m\u00edtica serie no tendr\u00e1 temporada 3"},"content":{"rendered":"<p>Menuda sorpresa negativa acaba de darnos <strong>Peacock<\/strong>, pues acaba de saberse que la plataforma de streaming ha decidido cancelar <a href=\"https:\/\/www.espinof.com\/tag\/salvados-por-la-campana\">&#8216;Salvados por la campana&#8217;<\/a>. De esta forma, el reboot de <a href=\"https:\/\/www.espinof.com\/series-de-ficcion\/salvados-por-la-campana-nostalgia-tv\">la m\u00edtica serie juvenil<\/a> no tendr\u00e1 temporada 3.<\/p>\n<p><!-- BREAK 1 --><\/p>\n<h2>Contra pron\u00f3stico<\/h2>\n<p>La noticia llega pr\u00e1cticamente seis meses despu\u00e9s del estreno de la segunda tanda de episodios y un mes despu\u00e9s de haber conseguido el premio a la mejor comedia en los GLAAD Media Awards. <strong>Todo hac\u00eda pensar en que Peacock seguir\u00eda adelante con ella pero finalmente no ha sido el caso.<\/strong><\/p>\n<p><!-- BREAK 2 --> <\/p>\n<div class=\"article-asset article-asset-normal article-asset-center\">\n<div class=\"desvio-container\">\n<div class=\"desvio\">\n<div class=\"desvio-figure js-desvio-figure\"> <a href=\"https:\/\/www.espinof.com\/actores-y-actrices\/asi-fue-turbulenta-vida-dustin-diamond-dejar-ser-screech-bancarrota-porno-carcel-unas-polemicas-memorias\"> <img alt=\"As\u00ed fue la turbulenta vida de Dustin Diamond tras dejar de ser Screech: bancarrota, porno, c\u00e1rcel y unas pol\u00e9micas memorias\" src=\"http:\/\/cordobadirecto.com\/wp-content\/uploads\/2022\/05\/salvados-por-la-campana-es-cancelada-de-forma-inesperada-el-reboot-de-la-mitica-serie-no-tendra-temporada-3.jpg\"> <\/a> <\/div><\/div><\/div>\n<\/div>\n<p>Desde Peacock se ha lanzado un mensaje asegurando que &#8220;<em>estamos muy orgullosos de haber sido el hogar de esta iteraci\u00f3n de &#8216;Salvados por la Campana&#8217;, tanto para los nuevos como para los antiguos fans<\/em>&#8220;, pero <strong>se ve que no les compensaba seguir con ella.<\/strong><\/p>\n<p><!-- BREAK 3 --><\/p>\n<p>Lo que s\u00ed est\u00e1 claro es que los responsables de la serie no ten\u00edan pensado cerrar la historia aqu\u00ed, pues, entre otras cosas, al final de la segunda se hac\u00eda menci\u00f3n a Stacey Carosi, el personaje que <strong>Leah Remini<\/strong> interpret\u00f3 en la tercera temporada de &#8216;Salvados por la campana&#8217;. Y hasta uno de los productores ejecutivos de la serie <a href=\"https:\/\/tvline.com\/2021\/11\/26\/saved-by-the-bell-leah-remini-returning-stacey-carosi-malibu-sands-season-3\/\">afirm\u00f3<\/a> que le encantar\u00eda contar con ella para una tercera temporada que ya nunca veremos.<\/p>\n<p><!-- BREAK 4 --> <\/p>\n","protected":false},"excerpt":{"rendered":"<p>Menuda sorpresa negativa acaba de darnos Peacock, pues acaba de saberse que la plataforma de streaming ha decidido cancelar &#8216;Salvados por la campana&#8217;. De esta forma, el reboot de la m\u00edtica serie juvenil no tendr\u00e1 temporada 3. Contra pron\u00f3stico La noticia llega pr\u00e1cticamente seis meses despu\u00e9s del estreno de la segunda tanda de episodios y [&hellip;]<\/p>\n","protected":false},"author":1,"featured_media":57436,"comment_status":"closed","ping_status":"closed","sticky":false,"template":"","format":"standard","meta":[],"categories":[17],"tags":[],"_links":{"self":[{"href":"http:\/\/cordobadirecto.com\/index.php\/wp-json\/wp\/v2\/posts\/57435"}],"collection":[{"href":"http:\/\/cordobadirecto.com\/index.php\/wp-json\/wp\/v2\/posts"}],"about":[{"href":"http:\/\/cordobadirecto.com\/index.php\/wp-json\/wp\/v2\/types\/post"}],"author":[{"embeddable":true,"href":"http:\/\/cordobadirecto.com\/index.php\/wp-json\/wp\/v2\/users\/1"}],"replies":[{"embeddable":true,"href":"http:\/\/cordobadirecto.com\/index.php\/wp-json\/wp\/v2\/comments?post=57435"}],"version-history":[{"count":0,"href":"http:\/\/cordobadirecto.com\/index.php\/wp-json\/wp\/v2\/posts\/57435\/revisions"}],"wp:featuredmedia":[{"embeddable":true,"href":"http:\/\/cordobadirecto.com\/index.php\/wp-json\/wp\/v2\/media\/57436"}],"wp:attachment":[{"href":"http:\/\/cordobadirecto.com\/index.php\/wp-json\/wp\/v2\/media?parent=57435"}],"wp:term":[{"taxonomy":"category","embeddable":true,"href":"http:\/\/cordobadirecto.com\/index.php\/wp-json\/wp\/v2\/categories?post=57435"},{"taxonomy":"post_tag","embeddable":true,"href":"http:\/\/cordobadirecto.com\/index.php\/wp-json\/wp\/v2\/tags?post=57435"}],"curies":[{"name":"wp","href":"https:\/\/api.w.org\/{rel}","templated":true}]}}