{"id":5763,"date":"2021-05-03T03:56:15","date_gmt":"2021-05-03T03:56:15","guid":{"rendered":"http:\/\/cordobadirecto.com\/index.php\/2021\/05\/03\/cordoba-dijo-que-la-audiencia-publica-no-fue-accesible-a-todos\/"},"modified":"2021-05-03T03:56:15","modified_gmt":"2021-05-03T03:56:15","slug":"cordoba-dijo-que-la-audiencia-publica-no-fue-accesible-a-todos","status":"publish","type":"post","link":"http:\/\/cordobadirecto.com\/index.php\/2021\/05\/03\/cordoba-dijo-que-la-audiencia-publica-no-fue-accesible-a-todos\/","title":{"rendered":"<b>C\u00f3rdoba<\/b> dijo que la audiencia p\u00fablica no fue accesible a todos"},"content":{"rendered":"<p>El intendente de Andalgal\u00e1, Eduardo <b>C\u00f3rdoba<\/b> (Juntos por el Cambio), reclam\u00f3 por la falta de transparencia y publicidad en la audiencia p\u00fablica que&nbsp;&#8230; <\/p>\n","protected":false},"excerpt":{"rendered":"<p>El intendente de Andalgal\u00e1, Eduardo C\u00f3rdoba (Juntos por el Cambio), reclam\u00f3 por la falta de transparencia y publicidad en la audiencia p\u00fablica que&nbsp;&#8230;<\/p>\n","protected":false},"author":1,"featured_media":0,"comment_status":"closed","ping_status":"closed","sticky":false,"template":"","format":"standard","meta":[],"categories":[40],"tags":[],"_links":{"self":[{"href":"http:\/\/cordobadirecto.com\/index.php\/wp-json\/wp\/v2\/posts\/5763"}],"collection":[{"href":"http:\/\/cordobadirecto.com\/index.php\/wp-json\/wp\/v2\/posts"}],"about":[{"href":"http:\/\/cordobadirecto.com\/index.php\/wp-json\/wp\/v2\/types\/post"}],"author":[{"embeddable":true,"href":"http:\/\/cordobadirecto.com\/index.php\/wp-json\/wp\/v2\/users\/1"}],"replies":[{"embeddable":true,"href":"http:\/\/cordobadirecto.com\/index.php\/wp-json\/wp\/v2\/comments?post=5763"}],"version-history":[{"count":0,"href":"http:\/\/cordobadirecto.com\/index.php\/wp-json\/wp\/v2\/posts\/5763\/revisions"}],"wp:attachment":[{"href":"http:\/\/cordobadirecto.com\/index.php\/wp-json\/wp\/v2\/media?parent=5763"}],"wp:term":[{"taxonomy":"category","embeddable":true,"href":"http:\/\/cordobadirecto.com\/index.php\/wp-json\/wp\/v2\/categories?post=5763"},{"taxonomy":"post_tag","embeddable":true,"href":"http:\/\/cordobadirecto.com\/index.php\/wp-json\/wp\/v2\/tags?post=5763"}],"curies":[{"name":"wp","href":"https:\/\/api.w.org\/{rel}","templated":true}]}}