{"id":5764,"date":"2021-05-03T04:53:18","date_gmt":"2021-05-03T04:53:18","guid":{"rendered":"http:\/\/www.bbc.com\/mundo\/noticias-internacional-56935706"},"modified":"2021-05-03T04:53:18","modified_gmt":"2021-05-03T04:53:18","slug":"por-que-irlanda-se-dividio-en-dos-hace-100-anos","status":"publish","type":"post","link":"http:\/\/cordobadirecto.com\/index.php\/2021\/05\/03\/por-que-irlanda-se-dividio-en-dos-hace-100-anos\/","title":{"rendered":"Por qu\u00e9 Irlanda se dividi\u00f3 en dos hace 100 a\u00f1os"},"content":{"rendered":"<div dir=\"ltr\" class=\"e1j2237y6 bbc-q4ibpr e57qer20\">\n<div class=\"bbc-1atl7vu e1c9i7u14\">\n<ul role=\"list\" class=\"bbc-cdrraw e1c9i7u12\">\n<li role=\"listitem\" class=\"bbc-1a3w4ok e1c9i7u11\">Norberto Paredes @norbertparedes<\/li>\n<li role=\"listitem\" class=\"bbc-1p92jtu e1c9i7u10\">BBC News Mundo<\/li>\n<\/ul>\n<\/div>\n<\/div>\n<p><time datetime=\"2021-05-03\" class=\"bbc-14xtggo e4zesg50\">5 horas<\/time><\/p>\n<div dir=\"ltr\" class=\"bbc-1ka88fa e57qer20\">\n<figure class=\"bbc-1qdcvv9 e6bmn90\">\n<div dir=\"ltr\" class=\"bbc-172p16q e57qer20\">\n<div dir=\"ltr\" class=\"bbc-189y18v e57qer20\" readability=\"6.5\">\n<div data-e2e=\"image-placeholder\" class=\"bbc-1k5hvrj e1whu0\" readability=\"8\"><img srcset=\"http:\/\/cordobadirecto.com\/wp-content\/uploads\/2021\/05\/por-que-irlanda-se-dividio-en-dos-hace-100-anos-11.jpg 240w, http:\/\/cordobadirecto.com\/wp-content\/uploads\/2021\/05\/por-que-irlanda-se-dividio-en-dos-hace-100-anos-12.jpg 320w, http:\/\/cordobadirecto.com\/wp-content\/uploads\/2021\/05\/por-que-irlanda-se-dividio-en-dos-hace-100-anos-13.jpg 480w, http:\/\/cordobadirecto.com\/wp-content\/uploads\/2021\/05\/por-que-irlanda-se-dividio-en-dos-hace-100-anos-14.jpg 624w, http:\/\/cordobadirecto.com\/wp-content\/uploads\/2021\/05\/por-que-irlanda-se-dividio-en-dos-hace-100-anos-15.jpg 800w\" alt=\"Banderas de Irlanda y Reino Unido.\" src=\"http:\/\/cordobadirecto.com\/wp-content\/uploads\/2021\/05\/por-que-irlanda-se-dividio-en-dos-hace-100-anos.jpg\" width=\"976\" class=\"bbc-fat2bc e1enwo3v0\"><\/p>\n<p role=\"text\" class=\"bbc-1s1cxbv etq3yw90\"><span class=\"bbc-1gnhmg2 e1yt7oin0\">Fuente de la imagen, <\/span><span lang=\"en-GB\">Getty Images<\/span><\/p>\n<\/div>\n<\/div>\n<\/div>\n<\/figure>\n<\/div>\n<div dir=\"ltr\" class=\"bbc-19j92fr e57qer20\" readability=\"8\">\n<p dir=\"ltr\" class=\"bbc-bm53ic e1cc2ql70\"><b>Hasta principios de la d\u00e9cada de 1920, Irlanda y Gran Breta\u00f1a eran un mismo pa\u00eds. <\/b><\/p>\n<\/div>\n<div dir=\"ltr\" class=\"bbc-19j92fr e57qer20\" readability=\"8\">\n<p dir=\"ltr\" class=\"bbc-bm53ic e1cc2ql70\">Pero no todos los irlandeses estaban felices con la uni\u00f3n y muchos emprendieron una larga y sangrienta lucha para independizarse de Londres. <\/p>\n<\/div>\n<div dir=\"ltr\" class=\"bbc-19j92fr e57qer20\" readability=\"12\">\n<p dir=\"ltr\" class=\"bbc-bm53ic e1cc2ql70\">Un siglo despu\u00e9s, la isla est\u00e1 dividida en dos naciones: <b>Irlanda del Norte<\/b>, parte de Reino Unido, y la Rep\u00fablica de Irlanda, en el sur. <\/p>\n<\/div>\n<div dir=\"ltr\" class=\"bbc-19j92fr e57qer20\" readability=\"11\">\n<p dir=\"ltr\" class=\"bbc-bm53ic e1cc2ql70\">La partici\u00f3n fue concretada en 1921, pero las tensiones en el norte perduraron por muchas d\u00e9cadas y se recrudecieron con el inicio del conflicto norirland\u00e9s en 1968, que desat\u00f3 una ola de violencia y se prolong\u00f3 por 30 a\u00f1os. <\/p>\n<\/div>\n<div dir=\"ltr\" class=\"bbc-19j92fr e57qer20\" readability=\"9\">\n<p dir=\"ltr\" class=\"bbc-bm53ic e1cc2ql70\">Tras miles de bajas irlandesas y brit\u00e1nicas, el Acuerdo de Viernes Santo en 1998 le puso fin al conflicto. <\/p>\n<\/div>\n<div dir=\"ltr\" class=\"bbc-19j92fr e57qer20\" readability=\"8\">\n<p dir=\"ltr\" class=\"bbc-bm53ic e1cc2ql70\">Pero, <b>\u00bfc\u00f3mo y por qu\u00e9 la isla termin\u00f3 partida en dos?<\/b><\/p>\n<\/div>\n<div dir=\"ltr\" class=\"bbc-19j92fr e57qer20\" readability=\"9\">\n<p dir=\"ltr\" class=\"bbc-bm53ic e1cc2ql70\">La complicada y turbulenta historia entre Londres y Dubl\u00edn comenz\u00f3 con la primera intervenci\u00f3n cambro-normanda en Irlanda que se produjo en 1167 y se consolid\u00f3 cuando el entonces rey Enrique II de Inglaterra desembarc\u00f3 con un gran ej\u00e9rcito en 1171.<\/p>\n<\/div>\n<div dir=\"ltr\" class=\"bbc-19j92fr e57qer20\"><img srcset=\"http:\/\/cordobadirecto.com\/wp-content\/uploads\/2021\/05\/por-que-irlanda-se-dividio-en-dos-hace-100-anos-1.png 640w, http:\/\/cordobadirecto.com\/wp-content\/uploads\/2021\/05\/por-que-irlanda-se-dividio-en-dos-hace-100-anos.png 816w\" src=\"http:\/\/cordobadirecto.com\/wp-content\/uploads\/2021\/05\/por-que-irlanda-se-dividio-en-dos-hace-100-anos.png\" alt=\"Map\" id=\"include-1\" class=\"bbc-yfiktt e1enwo3v0\"><\/div>\n<div dir=\"ltr\" class=\"bbc-19j92fr e57qer20\" readability=\"9\">\n<p dir=\"ltr\" class=\"bbc-bm53ic e1cc2ql70\">Consecuentemente, gran parte de la isla pas\u00f3 a ser un se\u00f1or\u00edo gobernado por la monarqu\u00eda brit\u00e1nica y despu\u00e9s un Reino que era b\u00e1sicamente un Estado cliente de Londres. <\/p>\n<\/div>\n<div dir=\"ltr\" class=\"bbc-19j92fr e57qer20\" readability=\"10\">\n<p dir=\"ltr\" class=\"bbc-bm53ic e1cc2ql70\">Finalmente en 1800 se fund\u00f3 el <b>Reino Unido de Gran Breta\u00f1a e Irlanda<\/b>, tras la aprobaci\u00f3n del Acta de Uni\u00f3n por parte del Parlamento irland\u00e9s, en Dubl\u00edn. <\/p>\n<\/div>\n<div dir=\"ltr\" class=\"bbc-19j92fr e57qer20\" readability=\"9\">\n<p dir=\"ltr\" class=\"bbc-bm53ic e1cc2ql70\">Pero desde sus inicios y a lo largo del siglo XIX, hubo una fuerte oposici\u00f3n en Irlanda que poco a poco se transform\u00f3 en una violenta insurrecci\u00f3n. <\/p>\n<\/div>\n<div dir=\"ltr\" class=\"bbc-19j92fr e57qer20\" readability=\"7\">\n<p dir=\"ltr\" class=\"bbc-bm53ic e1cc2ql70\">Hubo incluso est\u00e9riles intentos de restablecer el Reino de Irlanda. <\/p>\n<\/div>\n<p><h2 id=\"La-lucha-por-m\u00e1s-autonom\u00eda\" tabindex=\"-1\" class=\"bbc-l3e97o e14hemmw0\">La lucha por m\u00e1s autonom\u00eda<\/h2>\n<\/p>\n<div dir=\"ltr\" class=\"bbc-19j92fr e57qer20\" readability=\"15\">\n<p dir=\"ltr\" class=\"bbc-bm53ic e1cc2ql70\">En ese contexto, a finales de siglo, nace el movimiento &#8220;Home Rule&#8221; (<b>autogobierno<\/b>), que abogaba por m\u00e1s autonom\u00eda y la creaci\u00f3n de un parlamento irland\u00e9s dentro de Reino Unido, para asuntos internos, mientras que los asuntos imperiales seguir\u00edan trat\u00e1ndose en Westminster, Londres. <\/p>\n<\/div>\n<div dir=\"ltr\" class=\"ek1plzs1 bbc-9m7iam e57qer20\">\n<figure class=\"bbc-1qdcvv9 e6bmn90\">\n<div dir=\"ltr\" class=\"bbc-vx18wi e57qer20\">\n<div dir=\"ltr\" class=\"bbc-rprdln e57qer20\" readability=\"6.5\">\n<div data-e2e=\"image-placeholder\" class=\"bbc-1ve91qc e1whu0\" readability=\"8\"><noscript><img srcset=\"http:\/\/cordobadirecto.com\/wp-content\/uploads\/2021\/05\/por-que-irlanda-se-dividio-en-dos-hace-100-anos-16.jpg 240w, http:\/\/cordobadirecto.com\/wp-content\/uploads\/2021\/05\/por-que-irlanda-se-dividio-en-dos-hace-100-anos-17.jpg 320w, http:\/\/cordobadirecto.com\/wp-content\/uploads\/2021\/05\/por-que-irlanda-se-dividio-en-dos-hace-100-anos-18.jpg 412w\" alt=\"Mapa de Irlanda y Reino Unido\" src=\"http:\/\/cordobadirecto.com\/wp-content\/uploads\/2021\/05\/por-que-irlanda-se-dividio-en-dos-hace-100-anos-1.jpg\" width=\"412\" class=\"bbc-fat2bc e1enwo3v0\"><\/noscript><\/p>\n<p role=\"text\" class=\"bbc-1s1cxbv etq3yw90\"><span class=\"bbc-1gnhmg2 e1yt7oin0\">Fuente de la imagen, <\/span><span lang=\"en-GB\">Getty Images<\/span><\/p>\n<\/div>\n<\/div>\n<div dir=\"ltr\" class=\"bbc-3edg7g e57qer20\" readability=\"6\"><figcaption dir=\"ltr\" class=\"bbc-1t9zlwf eede9f50\" readability=\"2\"><span class=\"bbc-1gnhmg2 e1yt7oin0\">Pie de foto, <\/span><\/p>\n<p>Reino Unido de Gran Breta\u00f1a e Irlanda fue fundado en 1800.<\/p>\n<\/figcaption><\/div>\n<\/div>\n<\/figure>\n<\/div>\n<div dir=\"ltr\" class=\"bbc-19j92fr e57qer20\" readability=\"10\">\n<p dir=\"ltr\" class=\"bbc-bm53ic e1cc2ql70\">Niamh Gallagher, profesora de historia moderna brit\u00e1nica e irlandesa de la Universidad de Cambridge, destaca que los l\u00edderes del movimiento &#8220;Home Rule&#8221; no ped\u00edan independencia. <\/p>\n<\/div>\n<div dir=\"ltr\" class=\"bbc-19j92fr e57qer20\" readability=\"9\">\n<p dir=\"ltr\" class=\"bbc-bm53ic e1cc2ql70\">&#8220;Ped\u00edan un <b>grado de devoluci\u00f3n (de poderes)<\/b> dentro de Reino Unido. Un poco como lo que hoy tienen Escocia o Gales&#8221;, le dice a BBC Mundo <\/p>\n<\/div>\n<div dir=\"ltr\" class=\"bbc-19j92fr e57qer20\" readability=\"10\">\n<p dir=\"ltr\" class=\"bbc-bm53ic e1cc2ql70\">Pero tambi\u00e9n hab\u00eda nacionalistas irlandeses, principalmente <b>cat\u00f3licos<\/b>, que quer\u00edan separarse por completo de Reino Unido.<\/p>\n<\/div>\n<div dir=\"ltr\" class=\"bbc-19j92fr e57qer20\" readability=\"10\">\n<p dir=\"ltr\" class=\"bbc-bm53ic e1cc2ql70\">Al otro lado del espectro pol\u00edtico se encontraban los <b>unionistas<\/b>, protestantes en su mayor\u00eda, que viv\u00edan principalmente en el noreste de Irlanda.<\/p>\n<\/div>\n<div dir=\"ltr\" class=\"bbc-19j92fr e57qer20\" readability=\"7\">\n<p dir=\"ltr\" class=\"bbc-bm53ic e1cc2ql70\">Eran leales a la corona brit\u00e1nica y tem\u00edan convertirse en minor\u00eda en una Irlanda independiente.<\/p>\n<\/div>\n<div dir=\"ltr\" class=\"bbc-19j92fr e57qer20\" readability=\"9\">\n<p dir=\"ltr\" class=\"bbc-bm53ic e1cc2ql70\">En la d\u00e9cada de 1870, cada vez m\u00e1s pol\u00edticos brit\u00e1nicos consideraban que Irlanda deb\u00eda tener una mayor voz en sus asuntos internos. <\/p>\n<\/div>\n<div dir=\"ltr\" class=\"bbc-19j92fr e57qer20\" readability=\"12\">\n<p dir=\"ltr\" class=\"bbc-bm53ic e1cc2ql70\">Y l\u00edderes, como el exprimer ministro brit\u00e1nico William Gladstone, apoyaban la creaci\u00f3n de un &#8220;<b>gobierno aut\u00f3nomo<\/b>&#8221; en Irlanda e intentaron, sin \u00e9xito, aprobar leyes para darle m\u00e1s autonom\u00eda. <\/p>\n<\/div>\n<p><h2 id=\"Formaci\u00f3n-de-milicias\" tabindex=\"-1\" class=\"bbc-l3e97o e14hemmw0\">Formaci\u00f3n de milicias<\/h2>\n<\/p>\n<div dir=\"ltr\" class=\"bbc-19j92fr e57qer20\" readability=\"9\">\n<p dir=\"ltr\" class=\"bbc-bm53ic e1cc2ql70\">No obstante, la elecci\u00f3n general de 1910 cambi\u00f3 el panorama pol\u00edtico: los nacionalistas irlandeses ganaron la mayor\u00eda de los esca\u00f1os de Irlanda. <\/p>\n<\/div>\n<div dir=\"ltr\" class=\"bbc-1ka88fa e57qer20\">\n<figure class=\"bbc-1qdcvv9 e6bmn90\">\n<div dir=\"ltr\" class=\"bbc-172p16q e57qer20\">\n<div dir=\"ltr\" class=\"bbc-189y18v e57qer20\" readability=\"6.5\">\n<div data-e2e=\"image-placeholder\" class=\"bbc-1k5hvrj e1whu0\" readability=\"8\"><noscript><img srcset=\"http:\/\/cordobadirecto.com\/wp-content\/uploads\/2021\/05\/por-que-irlanda-se-dividio-en-dos-hace-100-anos-19.jpg 240w, http:\/\/cordobadirecto.com\/wp-content\/uploads\/2021\/05\/por-que-irlanda-se-dividio-en-dos-hace-100-anos-20.jpg 320w, http:\/\/cordobadirecto.com\/wp-content\/uploads\/2021\/05\/por-que-irlanda-se-dividio-en-dos-hace-100-anos-21.jpg 480w, http:\/\/cordobadirecto.com\/wp-content\/uploads\/2021\/05\/por-que-irlanda-se-dividio-en-dos-hace-100-anos-22.jpg 624w, http:\/\/cordobadirecto.com\/wp-content\/uploads\/2021\/05\/por-que-irlanda-se-dividio-en-dos-hace-100-anos-23.jpg 800w\" alt=\"El 1 de septiembre de 1912, los unionistas de \u00dalster salieron a las calles a protestar en contra del tercer proyecto del ley de autonom\u00eda de 1912 presentado por el primer ministro brit\u00e1nico Herbert Asquith.\" src=\"http:\/\/cordobadirecto.com\/wp-content\/uploads\/2021\/05\/por-que-irlanda-se-dividio-en-dos-hace-100-anos-2.jpg\" width=\"976\" class=\"bbc-fat2bc e1enwo3v0\"><\/noscript><\/p>\n<p role=\"text\" class=\"bbc-1s1cxbv etq3yw90\"><span class=\"bbc-1gnhmg2 e1yt7oin0\">Fuente de la imagen, <\/span><span lang=\"en-GB\">Getty Images<\/span><\/p>\n<\/div>\n<\/div>\n<div dir=\"ltr\" class=\"bbc-3edg7g e57qer20\" readability=\"7.5\"><figcaption dir=\"ltr\" class=\"bbc-1t9zlwf eede9f50\" readability=\"5\"><span class=\"bbc-1gnhmg2 e1yt7oin0\">Pie de foto, <\/span><\/p>\n<p>El 1 de septiembre de 1912, los unionistas de \u00dalster salieron a las calles a protestar en contra del tercer proyecto del ley de autonom\u00eda de 1912 presentado por el primer ministro brit\u00e1nico Herbert Asquith.<\/p>\n<\/figcaption><\/div>\n<\/div>\n<\/figure>\n<\/div>\n<div dir=\"ltr\" class=\"bbc-19j92fr e57qer20\" readability=\"8\">\n<p dir=\"ltr\" class=\"bbc-bm53ic e1cc2ql70\">Fue un voto que sirvi\u00f3 para ejercer m\u00e1s presi\u00f3n sobre Londres y exigirles que les devolviera algunos poderes. <\/p>\n<\/div>\n<div dir=\"ltr\" class=\"bbc-19j92fr e57qer20\" readability=\"10\">\n<p dir=\"ltr\" class=\"bbc-bm53ic e1cc2ql70\">As\u00ed fue como el entonces primer ministro Herbert Asquith present\u00f3 el tercer proyecto del<b> ley de autonom\u00eda de <\/b><b>1912<\/b>, cuya firma se retras\u00f3 hasta 1914 y luego fue suspendida tras el estallido de la Primera Guerra Mundial.<\/p>\n<\/div>\n<div dir=\"ltr\" class=\"bbc-19j92fr e57qer20\" readability=\"11\">\n<p dir=\"ltr\" class=\"bbc-bm53ic e1cc2ql70\"><b>Horrorizados<\/b> ante el proyecto de ley que los alejar\u00eda de Londres, los unionistas firmaron inmediatamente una petici\u00f3n en protesta y fundaron la Ulster Volunteers, una milicia cuyo objetivo era bloquear un autogobierno nacional en Irlanda. <\/p>\n<\/div>\n<div dir=\"ltr\" class=\"bbc-19j92fr e57qer20\" readability=\"11\">\n<p dir=\"ltr\" class=\"bbc-bm53ic e1cc2ql70\">Para enero de 1913, la Ulster Volunteers ya contaba con cerca de 100.000 miembros y hab\u00edan logrado contrabandear decenas de <b>miles de rifles desde Alemania<\/b> hasta \u00dalster, una provincia hist\u00f3rica en el norte de Irlanda. <\/p>\n<\/div>\n<div dir=\"ltr\" class=\"bbc-19j92fr e57qer20\" readability=\"11\">\n<p dir=\"ltr\" class=\"bbc-bm53ic e1cc2ql70\">Al observar lo que estaba sucediendo en \u00dalster, un grupo de nacionalistas se prepar\u00f3 para defender el autogobierno y fund\u00f3 ese mismo a\u00f1o la organizaci\u00f3n paramilitar Voluntarios Irlandeses, que <b>tambi\u00e9n se arm\u00f3<\/b>. <\/p>\n<\/div>\n<div dir=\"ltr\" class=\"ek1plzs1 bbc-9m7iam e57qer20\">\n<figure class=\"bbc-1qdcvv9 e6bmn90\">\n<div dir=\"ltr\" class=\"bbc-vx18wi e57qer20\">\n<div dir=\"ltr\" class=\"bbc-rprdln e57qer20\" readability=\"6.5\">\n<div data-e2e=\"image-placeholder\" class=\"bbc-1ve91qc e1whu0\" readability=\"8\"><noscript><img srcset=\"http:\/\/cordobadirecto.com\/wp-content\/uploads\/2021\/05\/por-que-irlanda-se-dividio-en-dos-hace-100-anos-24.jpg 240w, http:\/\/cordobadirecto.com\/wp-content\/uploads\/2021\/05\/por-que-irlanda-se-dividio-en-dos-hace-100-anos-25.jpg 320w, http:\/\/cordobadirecto.com\/wp-content\/uploads\/2021\/05\/por-que-irlanda-se-dividio-en-dos-hace-100-anos-26.jpg 412w\" alt=\"Mapa de Irlanda.\" src=\"http:\/\/cordobadirecto.com\/wp-content\/uploads\/2021\/05\/por-que-irlanda-se-dividio-en-dos-hace-100-anos-3.jpg\" width=\"412\" class=\"bbc-fat2bc e1enwo3v0\"><\/noscript><\/p>\n<p role=\"text\" class=\"bbc-1s1cxbv etq3yw90\"><span class=\"bbc-1gnhmg2 e1yt7oin0\">Fuente de la imagen, <\/span><span lang=\"en-GB\">Getty Images<\/span><\/p>\n<\/div>\n<\/div>\n<\/div>\n<\/figure>\n<\/div>\n<div dir=\"ltr\" class=\"bbc-19j92fr e57qer20\" readability=\"8\">\n<p dir=\"ltr\" class=\"bbc-bm53ic e1cc2ql70\">Las tensiones aumentaron entre nacionalistas y unionistas hasta tal punto que Irlanda estaba al borde de la guerra civil.<\/p>\n<\/div>\n<p><h2 id=\"Dos-eventos-determinantes\" tabindex=\"-1\" class=\"bbc-l3e97o e14hemmw0\">Dos eventos determinantes<\/h2>\n<\/p>\n<div dir=\"ltr\" class=\"bbc-19j92fr e57qer20\" readability=\"13\">\n<p dir=\"ltr\" class=\"bbc-bm53ic e1cc2ql70\">Para intentar aliviar las tensiones, en la C\u00e1mara de los Lores, en Londres, se sugiri\u00f3 un plan de partici\u00f3n temporal, en el que seis condados de la provincia de \u00dalster seguir\u00edan siendo gobernados por Reino Unido.<\/p>\n<\/div>\n<div dir=\"ltr\" class=\"bbc-19j92fr e57qer20\" readability=\"8\">\n<p dir=\"ltr\" class=\"bbc-bm53ic e1cc2ql70\">El estallido de la Primera Guerra Mundial hab\u00eda hecho que las tensiones disminuyeran; tanto los nacionalistas como los unionistas hab\u00edan tomado las armas contra los alemanes.<\/p>\n<\/div>\n<div dir=\"ltr\" class=\"bbc-19j92fr e57qer20\" readability=\"11\">\n<p dir=\"ltr\" class=\"bbc-bm53ic e1cc2ql70\">Pero a dos a\u00f1os del comienzo de la guerra, el 24 de abril de 1916 ocurri\u00f3 una rebeli\u00f3n en Dubl\u00edn que trascendi\u00f3 como el <b>Alzamiento de Pascua<\/b>, cuyo objetivo era poner fin al dominio brit\u00e1nico en Irlanda y establecer una rep\u00fablica independiente. <\/p>\n<\/div>\n<div dir=\"ltr\" class=\"bbc-19j92fr e57qer20\" readability=\"9\">\n<p dir=\"ltr\" class=\"bbc-bm53ic e1cc2ql70\">El ej\u00e9rcito brit\u00e1nico logr\u00f3 en cinco d\u00edas controlar la insurrecci\u00f3n que dej\u00f3 116 muertos, 368 heridos y nueve desaparecidos. <\/p>\n<\/div>\n<div dir=\"ltr\" class=\"bbc-19j92fr e57qer20\" readability=\"8\">\n<p dir=\"ltr\" class=\"bbc-bm53ic e1cc2ql70\">La historiadora Niamh Gallagher asegura que <b>1916 y 1918<\/b> fueron a\u00f1os determinantes en el futuro de Irlanda. <\/p>\n<\/div>\n<div dir=\"ltr\" class=\"bbc-19j92fr e57qer20\" readability=\"10\">\n<p dir=\"ltr\" class=\"bbc-bm53ic e1cc2ql70\">Y es que, a pesar de su fracaso militar, el Alzamiento de Pascua puede considerarse como un punto importante en la eventual creaci\u00f3n de la Rep\u00fablica de Irlanda. <\/p>\n<\/div>\n<div dir=\"ltr\" class=\"bbc-1ka88fa e57qer20\">\n<figure class=\"bbc-1qdcvv9 e6bmn90\">\n<div dir=\"ltr\" class=\"bbc-172p16q e57qer20\">\n<div dir=\"ltr\" class=\"bbc-189y18v e57qer20\" readability=\"6.5\">\n<div data-e2e=\"image-placeholder\" class=\"bbc-1k5hvrj e1whu0\" readability=\"8\"><noscript><img srcset=\"http:\/\/cordobadirecto.com\/wp-content\/uploads\/2021\/05\/por-que-irlanda-se-dividio-en-dos-hace-100-anos-27.jpg 240w, http:\/\/cordobadirecto.com\/wp-content\/uploads\/2021\/05\/por-que-irlanda-se-dividio-en-dos-hace-100-anos-28.jpg 320w, http:\/\/cordobadirecto.com\/wp-content\/uploads\/2021\/05\/por-que-irlanda-se-dividio-en-dos-hace-100-anos-29.jpg 480w, http:\/\/cordobadirecto.com\/wp-content\/uploads\/2021\/05\/por-que-irlanda-se-dividio-en-dos-hace-100-anos-30.jpg 624w, http:\/\/cordobadirecto.com\/wp-content\/uploads\/2021\/05\/por-que-irlanda-se-dividio-en-dos-hace-100-anos-31.jpg 800w\" alt=\"Los disturbios del Alzamiento de Pascua ocasionaron grandes da\u00f1os en Dubl\u00edn.\" src=\"http:\/\/cordobadirecto.com\/wp-content\/uploads\/2021\/05\/por-que-irlanda-se-dividio-en-dos-hace-100-anos-4.jpg\" width=\"976\" class=\"bbc-fat2bc e1enwo3v0\"><\/noscript><\/p>\n<p role=\"text\" class=\"bbc-1s1cxbv etq3yw90\"><span class=\"bbc-1gnhmg2 e1yt7oin0\">Fuente de la imagen, <\/span><span lang=\"en-GB\">Getty Images<\/span><\/p>\n<\/div>\n<\/div>\n<div dir=\"ltr\" class=\"bbc-3edg7g e57qer20\" readability=\"6\"><figcaption dir=\"ltr\" class=\"bbc-1t9zlwf eede9f50\" readability=\"2\"><span class=\"bbc-1gnhmg2 e1yt7oin0\">Pie de foto, <\/span><\/p>\n<p>Los disturbios del Alzamiento de Pascua ocasionaron grandes da\u00f1os en Dubl\u00edn.<\/p>\n<\/figcaption><\/div>\n<\/div>\n<\/figure>\n<\/div>\n<div dir=\"ltr\" class=\"bbc-19j92fr e57qer20\" readability=\"8\">\n<p dir=\"ltr\" class=\"bbc-bm53ic e1cc2ql70\">Mientras que en las elecciones generales de Irlanda de diciembre de 1918 el partido nacionalista <b>Sinn F\u00e9in<\/b> gan\u00f3 73 esca\u00f1os de 105.<\/p>\n<\/div>\n<div dir=\"ltr\" class=\"bbc-19j92fr e57qer20\" readability=\"11\">\n<p dir=\"ltr\" class=\"bbc-bm53ic e1cc2ql70\">Tras esa victoria, sus diputados se negaron a sentarse en Londres y, en cambio, fundaron a principios de 1919 el D\u00e1il \u00c9ireann: su propio parlamento en Dubl\u00edn. <\/p>\n<\/div>\n<p><h2 id=\"La-guerra-de-independencia-\" tabindex=\"-1\" class=\"bbc-l3e97o e14hemmw0\">La guerra de independencia <\/h2>\n<\/p>\n<div dir=\"ltr\" class=\"bbc-19j92fr e57qer20\" readability=\"11\">\n<p dir=\"ltr\" class=\"bbc-bm53ic e1cc2ql70\">En su primera sesi\u00f3n parlamentaria, el 21 de enero de 1919, el Sinn F\u00e9in declar\u00f3 la independencia de Irlanda, ratificando la Proclamaci\u00f3n de la Rep\u00fablica Irlandesa de 1916. <\/p>\n<\/div>\n<div dir=\"ltr\" class=\"bbc-19j92fr e57qer20\" readability=\"8\">\n<p dir=\"ltr\" class=\"bbc-bm53ic e1cc2ql70\">Pero el gobierno brit\u00e1nico <b>se opuso<\/b> y su negativa a aceptar la declaraci\u00f3n desencaden\u00f3 ese mismo d\u00eda la Guerra de Independencia de Irlanda.<\/p>\n<\/div>\n<div dir=\"ltr\" class=\"bbc-19j92fr e57qer20\" readability=\"10\">\n<p dir=\"ltr\" class=\"bbc-bm53ic e1cc2ql70\">El Sinn F\u00e9in transform\u00f3 la organizaci\u00f3n Voluntarios Irlandeses en el Ej\u00e9rcito Republicano Irland\u00e9s (IRA, por sus siglas en ingl\u00e9s), quienes iniciaron una <b>guerra de guerrillas<\/b>. <\/p>\n<\/div>\n<div dir=\"ltr\" class=\"bbc-19j92fr e57qer20\" readability=\"10\">\n<p dir=\"ltr\" class=\"bbc-bm53ic e1cc2ql70\">Los violentos enfrentamientos hicieron que el primer ministro brit\u00e1nico, David Lloyd George, creara un comit\u00e9 para encontrar una soluci\u00f3n.<\/p>\n<\/div>\n<div dir=\"ltr\" class=\"bbc-1ka88fa e57qer20\">\n<figure class=\"bbc-1qdcvv9 e6bmn90\">\n<div dir=\"ltr\" class=\"bbc-172p16q e57qer20\">\n<div dir=\"ltr\" class=\"bbc-189y18v e57qer20\" readability=\"6.5\">\n<div data-e2e=\"image-placeholder\" class=\"bbc-1k5hvrj e1whu0\" readability=\"8\"><noscript><img srcset=\"http:\/\/cordobadirecto.com\/wp-content\/uploads\/2021\/05\/por-que-irlanda-se-dividio-en-dos-hace-100-anos-32.jpg 240w, http:\/\/cordobadirecto.com\/wp-content\/uploads\/2021\/05\/por-que-irlanda-se-dividio-en-dos-hace-100-anos-33.jpg 320w, http:\/\/cordobadirecto.com\/wp-content\/uploads\/2021\/05\/por-que-irlanda-se-dividio-en-dos-hace-100-anos-34.jpg 480w, http:\/\/cordobadirecto.com\/wp-content\/uploads\/2021\/05\/por-que-irlanda-se-dividio-en-dos-hace-100-anos-35.jpg 624w, http:\/\/cordobadirecto.com\/wp-content\/uploads\/2021\/05\/por-que-irlanda-se-dividio-en-dos-hace-100-anos-36.jpg 800w\" alt=\"La Guerra de Independencia Irlandesa dur\u00f3 dos a\u00f1os, dej\u00f3 m\u00e1s de mil muertos e inmensas p\u00e9rdidas materiales.\" src=\"http:\/\/cordobadirecto.com\/wp-content\/uploads\/2021\/05\/por-que-irlanda-se-dividio-en-dos-hace-100-anos-5.jpg\" width=\"976\" class=\"bbc-fat2bc e1enwo3v0\"><\/noscript><\/p>\n<p role=\"text\" class=\"bbc-1s1cxbv etq3yw90\"><span class=\"bbc-1gnhmg2 e1yt7oin0\">Fuente de la imagen, <\/span><span lang=\"en-GB\">Getty Images<\/span><\/p>\n<\/div>\n<\/div>\n<div dir=\"ltr\" class=\"bbc-3edg7g e57qer20\" readability=\"7\"><figcaption dir=\"ltr\" class=\"bbc-1t9zlwf eede9f50\" readability=\"4\"><span class=\"bbc-1gnhmg2 e1yt7oin0\">Pie de foto, <\/span><\/p>\n<p>La Guerra de Independencia Irlandesa dur\u00f3 dos a\u00f1os, dej\u00f3 m\u00e1s de mil muertos e inmensas p\u00e9rdidas materiales.<\/p>\n<\/figcaption><\/div>\n<\/div>\n<\/figure>\n<\/div>\n<div dir=\"ltr\" class=\"bbc-19j92fr e57qer20\" readability=\"10\">\n<p dir=\"ltr\" class=\"bbc-bm53ic e1cc2ql70\">S\u00f3lo en junio de 1920, veinte personas murieron en la ciudad de Londonderry, en el norte de la isla.<\/p>\n<\/div>\n<div dir=\"ltr\" class=\"bbc-19j92fr e57qer20\" readability=\"8\">\n<p dir=\"ltr\" class=\"bbc-bm53ic e1cc2ql70\">Pero el foco del derramamiento de sangre fue <b>Belfast<\/b>, la capital de Irlanda del Norte. <\/p>\n<\/div>\n<div dir=\"ltr\" class=\"bbc-19j92fr e57qer20\" readability=\"7\">\n<p dir=\"ltr\" class=\"bbc-bm53ic e1cc2ql70\">M\u00e1s de 450 personas fallecieron en esa ciudad entre junio de 1920 y julio de 1922.<\/p>\n<\/div>\n<p><h2 id=\"La-r\u00e1pida-soluci\u00f3n\" tabindex=\"-1\" class=\"bbc-l3e97o e14hemmw0\">La &#8220;r\u00e1pida&#8221; soluci\u00f3n<\/h2>\n<\/p>\n<div dir=\"ltr\" class=\"bbc-19j92fr e57qer20\" readability=\"12\">\n<p dir=\"ltr\" class=\"bbc-bm53ic e1cc2ql70\">Niamh Gallagher, de la Universidad de Cambridge, explica que, en ese contexto, Londres necesitaba encontrar una soluci\u00f3n r\u00e1pida al conflicto. <\/p>\n<\/div>\n<div dir=\"ltr\" class=\"bbc-19j92fr e57qer20\" readability=\"10\">\n<p dir=\"ltr\" class=\"bbc-bm53ic e1cc2ql70\">Desde 1912, el gobierno brit\u00e1nico baraj\u00f3 una amplia variedad de opciones para Irlanda, una de ellas era dividir la isla. <\/p>\n<\/div>\n<div dir=\"ltr\" class=\"bbc-19j92fr e57qer20\" readability=\"10\">\n<p dir=\"ltr\" class=\"bbc-bm53ic e1cc2ql70\">&#8220;En 1919-1920, la partici\u00f3n se convirti\u00f3 en la soluci\u00f3n preferida para la llamada &#8216;cuesti\u00f3n irlandesa&#8217;, aunque no se hab\u00eda acordado d\u00f3nde estar\u00eda exactamente la frontera&#8221;. <\/p>\n<\/div>\n<div dir=\"ltr\" class=\"bbc-19j92fr e57qer20\" readability=\"13\">\n<p dir=\"ltr\" class=\"bbc-bm53ic e1cc2ql70\">Las recomendaciones del comit\u00e9, encargado por el gobierno brit\u00e1nico y presidido por el unionista Walter Long, formaron las bases del <b>Acta del Gobierno de Irlanda de 1920<\/b>, con la que la isla seguir\u00eda unida a Gran Breta\u00f1a, pero se le devolver\u00edan ciertos poderes.<\/p>\n<\/div>\n<div dir=\"ltr\" class=\"bbc-19j92fr e57qer20\" readability=\"7\">\n<p dir=\"ltr\" class=\"bbc-bm53ic e1cc2ql70\">Con esta ley se logr\u00f3 la ansiada autonom\u00eda en Irlanda.<\/p>\n<\/div>\n<div dir=\"ltr\" class=\"bbc-19j92fr e57qer20\" readability=\"11\">\n<p dir=\"ltr\" class=\"bbc-bm53ic e1cc2ql70\">Pero, seg\u00fan el mismo acta, la isla ser\u00eda dividida en <b>Irlanda del Norte e Irlanda del Sur<\/b>, que m\u00e1s tarde se transformar\u00eda en el Estado Libre de Irlanda.<\/p>\n<\/div>\n<p><h2 id=\"Una-soluci\u00f3n-controvertida\" tabindex=\"-1\" class=\"bbc-l3e97o e14hemmw0\">Una soluci\u00f3n controvertida<\/h2>\n<\/p>\n<div dir=\"ltr\" class=\"bbc-19j92fr e57qer20\" readability=\"8\">\n<p dir=\"ltr\" class=\"bbc-bm53ic e1cc2ql70\">El Acta del Gobierno de Irlanda de 1920 no dej\u00f3 satisfechos ni a los nacionalistas ni a todos los unionistas. <\/p>\n<\/div>\n<div dir=\"ltr\" class=\"bbc-19j92fr e57qer20\">\n<figure class=\"bbc-1qdcvv9 e6bmn90\">\n<div dir=\"ltr\" class=\"bbc-37mmq3 e57qer20\">\n<div dir=\"ltr\" class=\"bbc-189y18v e57qer20\" readability=\"6.5\">\n<div data-e2e=\"image-placeholder\" class=\"bbc-zt0c33 e1whu0\" readability=\"8\"><noscript><img srcset=\"http:\/\/cordobadirecto.com\/wp-content\/uploads\/2021\/05\/por-que-irlanda-se-dividio-en-dos-hace-100-anos-37.jpg 240w, http:\/\/cordobadirecto.com\/wp-content\/uploads\/2021\/05\/por-que-irlanda-se-dividio-en-dos-hace-100-anos-38.jpg 320w, http:\/\/cordobadirecto.com\/wp-content\/uploads\/2021\/05\/por-que-irlanda-se-dividio-en-dos-hace-100-anos-39.jpg 480w, http:\/\/cordobadirecto.com\/wp-content\/uploads\/2021\/05\/por-que-irlanda-se-dividio-en-dos-hace-100-anos-40.jpg 549w\" alt=\"Irlandeses manifestando en contra de la partici\u00f3n de Irlanda a las afueras de Downing Street, la residencia del primer ministro brit\u00e1nico en Londres.\" src=\"http:\/\/cordobadirecto.com\/wp-content\/uploads\/2021\/05\/por-que-irlanda-se-dividio-en-dos-hace-100-anos-6.jpg\" width=\"549\" class=\"bbc-fat2bc e1enwo3v0\"><\/noscript><\/p>\n<p role=\"text\" class=\"bbc-1s1cxbv etq3yw90\"><span class=\"bbc-1gnhmg2 e1yt7oin0\">Fuente de la imagen, <\/span><span lang=\"en-GB\">Getty Images<\/span><\/p>\n<\/div>\n<\/div>\n<div dir=\"ltr\" class=\"bbc-3edg7g e57qer20\" readability=\"7\"><figcaption dir=\"ltr\" class=\"bbc-1t9zlwf eede9f50\" readability=\"4\"><span class=\"bbc-1gnhmg2 e1yt7oin0\">Pie de foto, <\/span><\/p>\n<p>Irlandeses manifestando en contra de la partici\u00f3n de Irlanda a las afueras de Downing Street, la residencia del primer ministro brit\u00e1nico en Londres.<\/p>\n<\/figcaption><\/div>\n<\/div>\n<\/figure>\n<\/div>\n<div dir=\"ltr\" class=\"bbc-19j92fr e57qer20\" readability=\"9\">\n<p dir=\"ltr\" class=\"bbc-bm53ic e1cc2ql70\">&#8220;<b>No se consult\u00f3 a la gente<\/b> ni a los diferentes grupos. Se hizo eficazmente a puerta cerrada&#8221;, destaca Gallagher.<\/p>\n<\/div>\n<div dir=\"ltr\" class=\"bbc-19j92fr e57qer20\" readability=\"9\">\n<p dir=\"ltr\" class=\"bbc-bm53ic e1cc2ql70\">Muchos unionistas de \u00dalster apoyaban la ley, pero no todos: algunos quer\u00edan nueve condados en lugar de seis. <\/p>\n<\/div>\n<div dir=\"ltr\" class=\"bbc-19j92fr e57qer20\" readability=\"10\">\n<p dir=\"ltr\" class=\"bbc-bm53ic e1cc2ql70\">Los cat\u00f3licos del norte no la apoyaban en absoluto, se convirtieron en una minor\u00eda dentro de la nueva Irlanda del Norte y fueron vistos por el nuevo gobierno unionista m\u00e1s como un problema durante las d\u00e9cadas que siguieron.<\/p>\n<\/div>\n<div dir=\"ltr\" class=\"bbc-19j92fr e57qer20\" readability=\"10\">\n<p dir=\"ltr\" class=\"bbc-bm53ic e1cc2ql70\">Para Gallagher, la partici\u00f3n era una soluci\u00f3n dise\u00f1ada para pueblos homog\u00e9neos, pero en la isla no hab\u00eda tal homogeneidad. <\/p>\n<\/div>\n<div dir=\"ltr\" class=\"bbc-19j92fr e57qer20\" readability=\"15\">\n<p dir=\"ltr\" class=\"bbc-bm53ic e1cc2ql70\">&#8220;Gran parte de los nacionalistas, que eran mayor\u00eda en Irlanda, no apoyaban el acta y tampoco lo hac\u00edan la mayor\u00eda de los protestantes que viv\u00edan en el sur de la isla y en los tres condados sure\u00f1os de \u00dalster, que no fueron incluidos en Irlanda del Norte, porque <b>se quedar\u00edan fuera de Reino Unido<\/b>&#8220;, se\u00f1ala la historiadora.<\/p>\n<\/div>\n<div dir=\"ltr\" class=\"bbc-19j92fr e57qer20\" readability=\"13\">\n<p dir=\"ltr\" class=\"bbc-bm53ic e1cc2ql70\">&#8220;Los republicanos irlandeses, del norte y del sur, nunca han aceptado (la partici\u00f3n). Si hubo un grupo que sali\u00f3 satisfecho fueron los unionistas de \u00dalster, quienes no estaban completamente convencidos, pero estaban preparados para hacer que funcionara&#8221;. <\/p>\n<\/div>\n<p><h2 id=\"Estado-Libre-Irland\u00e9s\" tabindex=\"-1\" class=\"bbc-l3e97o e14hemmw0\">Estado Libre Irland\u00e9s<\/h2>\n<\/p>\n<div dir=\"ltr\" class=\"bbc-19j92fr e57qer20\" readability=\"10\">\n<p dir=\"ltr\" class=\"bbc-bm53ic e1cc2ql70\">El costo de la guerra y la destrucci\u00f3n aumentaban r\u00e1pidamente, en un periodo en que el gobierno brit\u00e1nico necesitaba lidiar con los m\u00faltiples problemas sociales y la <b>depresi\u00f3n econ\u00f3mica<\/b> que hab\u00eda dejado la Primera Guerra Mundial.<\/p>\n<\/div>\n<div dir=\"ltr\" class=\"bbc-1ka88fa e57qer20\">\n<figure class=\"bbc-1qdcvv9 e6bmn90\">\n<div dir=\"ltr\" class=\"bbc-172p16q e57qer20\">\n<div dir=\"ltr\" class=\"bbc-189y18v e57qer20\" readability=\"6.5\">\n<div data-e2e=\"image-placeholder\" class=\"bbc-1k5hvrj e1whu0\" readability=\"8\"><noscript><img srcset=\"http:\/\/cordobadirecto.com\/wp-content\/uploads\/2021\/05\/por-que-irlanda-se-dividio-en-dos-hace-100-anos-41.jpg 240w, http:\/\/cordobadirecto.com\/wp-content\/uploads\/2021\/05\/por-que-irlanda-se-dividio-en-dos-hace-100-anos-42.jpg 320w, http:\/\/cordobadirecto.com\/wp-content\/uploads\/2021\/05\/por-que-irlanda-se-dividio-en-dos-hace-100-anos-43.jpg 480w, http:\/\/cordobadirecto.com\/wp-content\/uploads\/2021\/05\/por-que-irlanda-se-dividio-en-dos-hace-100-anos-44.jpg 624w, http:\/\/cordobadirecto.com\/wp-content\/uploads\/2021\/05\/por-que-irlanda-se-dividio-en-dos-hace-100-anos-45.jpg 800w\" alt=\"Despu\u00e9s de firmar el Tratado anglo-irland\u00e9s que estableci\u00f3 el Estado Libre, el l\u00edder del Sinn Fein Michael Collins se dirigi\u00f3 a la multitud en Dubl\u00edn.\" src=\"http:\/\/cordobadirecto.com\/wp-content\/uploads\/2021\/05\/por-que-irlanda-se-dividio-en-dos-hace-100-anos-7.jpg\" width=\"976\" class=\"bbc-fat2bc e1enwo3v0\"><\/noscript><\/p>\n<p role=\"text\" class=\"bbc-1s1cxbv etq3yw90\"><span class=\"bbc-1gnhmg2 e1yt7oin0\">Fuente de la imagen, <\/span><span lang=\"en-GB\">Getty Images<\/span><\/p>\n<\/div>\n<\/div>\n<div dir=\"ltr\" class=\"bbc-3edg7g e57qer20\" readability=\"7\"><figcaption dir=\"ltr\" class=\"bbc-1t9zlwf eede9f50\" readability=\"4\"><span class=\"bbc-1gnhmg2 e1yt7oin0\">Pie de foto, <\/span><\/p>\n<p>Despu\u00e9s de firmar el Tratado anglo-irland\u00e9s que estableci\u00f3 el Estado Libre, el l\u00edder del Sinn Fein Michael Collins se dirigi\u00f3 a la multitud en Dubl\u00edn.<\/p>\n<\/figcaption><\/div>\n<\/div>\n<\/figure>\n<\/div>\n<div dir=\"ltr\" class=\"bbc-19j92fr e57qer20\" readability=\"7\">\n<p dir=\"ltr\" class=\"bbc-bm53ic e1cc2ql70\">As\u00ed que tanto el rey como los principales l\u00edderes religiosos pidieron el fin de la violencia.<\/p>\n<\/div>\n<div dir=\"ltr\" class=\"bbc-19j92fr e57qer20\" readability=\"15\">\n<p dir=\"ltr\" class=\"bbc-bm53ic e1cc2ql70\">Tras meses de negociaciones, el <b>Tratado anglo-irland\u00e9s<\/b> de 1922 marc\u00f3 el fin de la guerra, permitiendo la creaci\u00f3n del Estado Libre Irland\u00e9s, que tendr\u00eda su propio gobierno, parlamento, ej\u00e9rcito, pero que seguir\u00eda formando parte del Imperio brit\u00e1nico. <\/p>\n<\/div>\n<div dir=\"ltr\" class=\"bbc-19j92fr e57qer20\" readability=\"9\">\n<p dir=\"ltr\" class=\"bbc-bm53ic e1cc2ql70\">Muchos nacionalistas no apoyaban el tratado, pero sent\u00edan que era un paso m\u00e1s hacia la independencia y el parlamento termin\u00f3 aprob\u00e1ndolo por una estrecha mayor\u00eda. <\/p>\n<\/div>\n<div dir=\"ltr\" class=\"bbc-19j92fr e57qer20\" readability=\"11\">\n<p dir=\"ltr\" class=\"bbc-bm53ic e1cc2ql70\">Por su parte, los unionistas de \u00dalster sent\u00edan que el tratado violaba el Acta del Gobierno de Irlanda de 1920 y <b>se <\/b><b>separaron<\/b> del Estado Libre Irland\u00e9s pocos d\u00edas despu\u00e9s de su creaci\u00f3n, en diciembre de 1922. <\/p>\n<\/div>\n<p><h2 id=\"Una-partici\u00f3n-marcada-por-dos-extremos\" tabindex=\"-1\" class=\"bbc-l3e97o e14hemmw0\">Una partici\u00f3n &#8220;marcada por dos extremos&#8221;<\/h2>\n<\/p>\n<div dir=\"ltr\" class=\"bbc-19j92fr e57qer20\" readability=\"12\">\n<p dir=\"ltr\" class=\"bbc-bm53ic e1cc2ql70\">Pero en v\u00edsperas de la entrada en vigor del pol\u00e9mico pacto estall\u00f3 una <b>sangrienta <\/b><b>guerra civil<\/b> que enfrent\u00f3 a las fuerzas del gobierno provisional, que apoyaban el tratado, y al IRA, que lo rechazaba. <\/p>\n<\/div>\n<div dir=\"ltr\" class=\"bbc-19j92fr e57qer20\" readability=\"8\">\n<p dir=\"ltr\" class=\"bbc-bm53ic e1cc2ql70\">Los enfrentamientos se prolongaron hasta 1923 y dejaron miles de muertos y profundas heridas en las sociedades en ambos lados de la frontera norirlandesa. <\/p>\n<\/div>\n<div dir=\"ltr\" class=\"bbc-19j92fr e57qer20\" readability=\"8\">\n<p dir=\"ltr\" class=\"bbc-bm53ic e1cc2ql70\">Finalmente en 1937 se redact\u00f3 la Constituci\u00f3n de Irlanda que <b>fund\u00f3 la Rep\u00fablica<\/b> que conocemos actualmente. <\/p>\n<\/div>\n<div dir=\"ltr\" class=\"bbc-19j92fr e57qer20\" readability=\"10\">\n<p dir=\"ltr\" class=\"bbc-bm53ic e1cc2ql70\">La periodista de la BBC en Irlanda del Norte, Catherine Morrison, considera que la partici\u00f3n de Irlanda y la creaci\u00f3n de Irlanda del Norte hace 100 a\u00f1os estuvo marcada por dos extremos.<\/p>\n<\/div>\n<div dir=\"ltr\" class=\"bbc-1ka88fa e57qer20\">\n<figure class=\"bbc-1qdcvv9 e6bmn90\">\n<div dir=\"ltr\" class=\"bbc-172p16q e57qer20\">\n<div dir=\"ltr\" class=\"bbc-189y18v e57qer20\">\n<div data-e2e=\"image-placeholder\" class=\"bbc-1k5hvrj e1whu0\"><noscript><img srcset=\"http:\/\/cordobadirecto.com\/wp-content\/uploads\/2021\/05\/por-que-irlanda-se-dividio-en-dos-hace-100-anos-46.jpg 240w, http:\/\/cordobadirecto.com\/wp-content\/uploads\/2021\/05\/por-que-irlanda-se-dividio-en-dos-hace-100-anos-47.jpg 320w, http:\/\/cordobadirecto.com\/wp-content\/uploads\/2021\/05\/por-que-irlanda-se-dividio-en-dos-hace-100-anos-48.jpg 480w, http:\/\/cordobadirecto.com\/wp-content\/uploads\/2021\/05\/por-que-irlanda-se-dividio-en-dos-hace-100-anos-49.jpg 624w, http:\/\/cordobadirecto.com\/wp-content\/uploads\/2021\/05\/por-que-irlanda-se-dividio-en-dos-hace-100-anos-50.jpg 800w\" alt=\"Un sacerdote agita un pa\u00f1uelo manchado de sangre mientras cuatro hombres llevan a un hombre herido y ensangrentado por las calles de Londonderry durante The Troubles.\" src=\"http:\/\/cordobadirecto.com\/wp-content\/uploads\/2021\/05\/por-que-irlanda-se-dividio-en-dos-hace-100-anos-8.jpg\" width=\"976\" class=\"bbc-fat2bc e1enwo3v0\"><\/noscript><\/div>\n<\/div>\n<div dir=\"ltr\" class=\"bbc-3edg7g e57qer20\" readability=\"6.5\"><figcaption dir=\"ltr\" class=\"bbc-1t9zlwf eede9f50\" readability=\"3\"><span class=\"bbc-1gnhmg2 e1yt7oin0\">Pie de foto, <\/span><\/p>\n<p>&#8220;The Troubles&#8221; (los problemas) fue un sangriento y traum\u00e1tico conflicto entre unionistas y nacionalistas que dur\u00f3 30 a\u00f1os.<\/p>\n<\/figcaption><\/div>\n<\/div>\n<\/figure>\n<\/div>\n<div dir=\"ltr\" class=\"bbc-19j92fr e57qer20\" readability=\"14\">\n<p dir=\"ltr\" class=\"bbc-bm53ic e1cc2ql70\">&#8220;Por un lado, 1921 fue un a\u00f1o de grandes escenarios pol\u00edticos, de discursos, de pompa y ceremonia. Lejos de todo eso, la gente corriente en el nuevo estado de Irlanda del Norte viv\u00eda sus vidas en un contexto de violencia latente&#8221;, explica. <\/p>\n<\/div>\n<div dir=\"ltr\" class=\"bbc-19j92fr e57qer20\" readability=\"8\">\n<p dir=\"ltr\" class=\"bbc-bm53ic e1cc2ql70\">Y a partir de 1922, esa violencia se convirti\u00f3 en &#8220;una paz inc\u00f3moda&#8221;. <\/p>\n<\/div>\n<div dir=\"ltr\" class=\"bbc-19j92fr e57qer20\" readability=\"9\">\n<p dir=\"ltr\" class=\"bbc-bm53ic e1cc2ql70\">&#8220;Pero el malestar sectario ser\u00eda una caracter\u00edstica peligrosa de Irlanda del Norte durante las pr\u00f3ximas d\u00e9cadas&#8221;, a\u00f1ade. <\/p>\n<\/div>\n<p><h2 id=\"Una-Irlanda-Unida\" tabindex=\"-1\" class=\"bbc-l3e97o e14hemmw0\">\u00bfUna Irlanda Unida?<\/h2>\n<\/p>\n<div dir=\"ltr\" class=\"bbc-19j92fr e57qer20\" readability=\"13\">\n<p dir=\"ltr\" class=\"bbc-bm53ic e1cc2ql70\">De hecho, ese malestar sectario se intensific\u00f3 a lo largo de los a\u00f1os y las tensiones comunitarias aumentaron en Irlanda del Norte con campa\u00f1as de desobediencia civil que dieron origen a &#8220;The Troubles&#8221; (los problemas), un<b> sangriento y traum\u00e1tico conflicto<\/b> entre unionistas y nacionalistas, que dur\u00f3 30 a\u00f1os y termin\u00f3 con la firma del Acuerdo de Viernes Santo en 1998.<\/p>\n<\/div>\n<div dir=\"ltr\" class=\"bbc-19j92fr e57qer20\" readability=\"8\">\n<p dir=\"ltr\" class=\"bbc-bm53ic e1cc2ql70\">La historiadora Niamh Gallagher cree importante destacar que tras la firma del acta de 1920 a\u00fan exist\u00eda la posibilidad de revisar la frontera entre Irlanda del Norte e Irlanda del Sur.<\/p>\n<\/div>\n<div dir=\"ltr\" class=\"bbc-1ka88fa e57qer20\">\n<figure class=\"bbc-1qdcvv9 e6bmn90\">\n<div dir=\"ltr\" class=\"bbc-172p16q e57qer20\">\n<div dir=\"ltr\" class=\"bbc-189y18v e57qer20\" readability=\"6.5\">\n<div data-e2e=\"image-placeholder\" class=\"bbc-1k5hvrj e1whu0\" readability=\"8\"><noscript><img srcset=\"http:\/\/cordobadirecto.com\/wp-content\/uploads\/2021\/05\/por-que-irlanda-se-dividio-en-dos-hace-100-anos-51.jpg 240w, http:\/\/cordobadirecto.com\/wp-content\/uploads\/2021\/05\/por-que-irlanda-se-dividio-en-dos-hace-100-anos-52.jpg 320w, http:\/\/cordobadirecto.com\/wp-content\/uploads\/2021\/05\/por-que-irlanda-se-dividio-en-dos-hace-100-anos-53.jpg 480w, http:\/\/cordobadirecto.com\/wp-content\/uploads\/2021\/05\/por-que-irlanda-se-dividio-en-dos-hace-100-anos-54.jpg 624w, http:\/\/cordobadirecto.com\/wp-content\/uploads\/2021\/05\/por-que-irlanda-se-dividio-en-dos-hace-100-anos-55.jpg 800w\" alt=\"Joven ante un incendio en las protestas en Irlanda del Norte\" src=\"http:\/\/cordobadirecto.com\/wp-content\/uploads\/2021\/05\/por-que-irlanda-se-dividio-en-dos-hace-100-anos-9.jpg\" width=\"976\" class=\"bbc-fat2bc e1enwo3v0\"><\/noscript><\/p>\n<p role=\"text\" class=\"bbc-1s1cxbv etq3yw90\"><span class=\"bbc-1gnhmg2 e1yt7oin0\">Fuente de la imagen, <\/span><span lang=\"en-GB\">Getty Images<\/span><\/p>\n<\/div>\n<\/div>\n<div dir=\"ltr\" class=\"bbc-3edg7g e57qer20\" readability=\"7\"><figcaption dir=\"ltr\" class=\"bbc-1t9zlwf eede9f50\" readability=\"4\"><span class=\"bbc-1gnhmg2 e1yt7oin0\">Pie de foto, <\/span><\/p>\n<p>Irlanda del Norte vivi\u00f3 en abril una de las peores olas de violencia en a\u00f1os. L\u00edderes unionistas vincularon la violencia a tensiones acumuladas por la frontera del mar de Irlanda impuesta como resultado del acuerdo del Brexit.<\/p>\n<\/figcaption><\/div>\n<\/div>\n<\/figure>\n<\/div>\n<div dir=\"ltr\" class=\"bbc-19j92fr e57qer20\" readability=\"8\">\n<p dir=\"ltr\" class=\"bbc-bm53ic e1cc2ql70\">&#8220;En 1924-1925 se le encarg\u00f3 a un comit\u00e9 que revisara la frontera. Al final sus hallazgos fueron suprimidos y la frontera que se hab\u00eda decidido en el acta de 1920 qued\u00f3 all\u00ed&#8221;. <\/p>\n<\/div>\n<div dir=\"ltr\" class=\"bbc-19j92fr e57qer20\" readability=\"10\">\n<p dir=\"ltr\" class=\"bbc-bm53ic e1cc2ql70\">A cien a\u00f1os de la partici\u00f3n de Irlanda, muchas personas en ambos lados de la frontera creen que en el futuro esta podr\u00eda desaparecer, d\u00e1ndole paso a una Irlanda Unida. <\/p>\n<\/div>\n<div dir=\"ltr\" class=\"bbc-19j92fr e57qer20\" readability=\"9\">\n<p dir=\"ltr\" class=\"bbc-bm53ic e1cc2ql70\">Seg\u00fan una encuesta encargada por el programa Spotlight de la BBC, una peque\u00f1a mayor\u00eda en Irlanda del Norte cree que la regi\u00f3n se habr\u00e1 <b>separado de Reino Unido en 25 a\u00f1os<\/b>.<\/p>\n<\/div>\n<div dir=\"ltr\" class=\"bbc-19j92fr e57qer20\" readability=\"9\">\n<p dir=\"ltr\" class=\"bbc-bm53ic e1cc2ql70\">El 49% de los encuestados dijo que votar\u00edan por permanecer en Reino Unido si hubiera una encuesta fronteriza hoy, mientras que el 43% respaldar\u00eda una Irlanda unida y el 8% no sabe.<\/p>\n<\/div>\n<div dir=\"ltr\" class=\"bbc-19j92fr e57qer20\" readability=\"9\">\n<p dir=\"ltr\" class=\"bbc-bm53ic e1cc2ql70\">Pero cuando se les pregunt\u00f3 si pensaban que en 25 a\u00f1os Irlanda del Norte continuar\u00eda formando parte de Reino Unido, el 51% de las personas en la regi\u00f3n dijo que no. <\/p>\n<\/div>\n<div dir=\"ltr\" class=\"bbc-19j92fr e57qer20\" readability=\"10\">\n<p dir=\"ltr\" class=\"bbc-bm53ic e1cc2ql70\">&#8220;En realidad, ning\u00fan partido pol\u00edtico ha elaborado un caso convincente para atraer a votantes del &#8216;otro lado'&#8221;, se\u00f1ala Gallagher.<\/p>\n<\/div>\n<div dir=\"ltr\" class=\"bbc-19j92fr e57qer20\" readability=\"13\">\n<p dir=\"ltr\" class=\"bbc-bm53ic e1cc2ql70\">&#8220;D\u00e9cadas sin comunicaci\u00f3n entre el norte y el sur, &#8220;The Troubles&#8221; (&#8230;), adem\u00e1s de los niveles considerables de desconfianza del &#8216;otro lado&#8217;, han hecho que los partidos nunca hayan trabajado duro para ir m\u00e1s all\u00e1 de su base de votantes&#8221;, prosigue. <\/p>\n<\/div>\n<div dir=\"ltr\" class=\"bbc-19j92fr e57qer20\" readability=\"8\">\n<p dir=\"ltr\" class=\"bbc-bm53ic e1cc2ql70\">&#8220;Pero los pr\u00f3ximos a\u00f1os nos indicar\u00e1n cu\u00e1nto \u00e9xito tienen los partidos vendiendo una Uni\u00f3n (de la isla) o <b>una nueva Irlanda<\/b>&#8220;. <\/p>\n<\/div>\n<div dir=\"ltr\" class=\"bbc-1ka88fa e57qer20\">\n<figure class=\"bbc-1qdcvv9 e6bmn90\">\n<div dir=\"ltr\" class=\"bbc-172p16q e57qer20\">\n<div dir=\"ltr\" class=\"bbc-189y18v e57qer20\">\n<div data-e2e=\"image-placeholder\" class=\"bbc-367mqz e1whu0\"><noscript><img srcset=\"http:\/\/cordobadirecto.com\/wp-content\/uploads\/2021\/05\/por-que-irlanda-se-dividio-en-dos-hace-100-anos-56.jpg 240w, http:\/\/cordobadirecto.com\/wp-content\/uploads\/2021\/05\/por-que-irlanda-se-dividio-en-dos-hace-100-anos-57.jpg 320w, http:\/\/cordobadirecto.com\/wp-content\/uploads\/2021\/05\/por-que-irlanda-se-dividio-en-dos-hace-100-anos-58.jpg 464w\" alt=\"L\u00ednea\" src=\"http:\/\/cordobadirecto.com\/wp-content\/uploads\/2021\/05\/por-que-irlanda-se-dividio-en-dos-hace-100-anos-10.jpg\" width=\"464\" class=\"bbc-fat2bc e1enwo3v0\"><\/noscript><\/div>\n<\/div>\n<\/div>\n<\/figure>\n<\/div>\n<div dir=\"ltr\" class=\"bbc-19j92fr e57qer20\" readability=\"8\">\n<p dir=\"ltr\" class=\"bbc-bm53ic e1cc2ql70\"><i class=\"bbc-h1y5j7 ewc4zcb0\">Ahora puedes recibir notificaciones de BBC Mundo. Descarga la nueva versi\u00f3n de nuestra app y act\u00edvalas para no perderte nuestro mejor contenido.<\/i><\/p>\n<\/div>\n","protected":false},"excerpt":{"rendered":"<p>Norberto Paredes @norbertparedes BBC News Mundo 5 horas Fuente de la imagen, Getty Images Hasta principios de la d\u00e9cada de 1920, Irlanda y Gran Breta\u00f1a eran un mismo pa\u00eds. Pero no todos los irlandeses estaban felices con la uni\u00f3n y muchos emprendieron una larga y sangrienta lucha para independizarse de Londres. Un siglo despu\u00e9s, la [&hellip;]<\/p>\n","protected":false},"author":1,"featured_media":5765,"comment_status":"closed","ping_status":"closed","sticky":false,"template":"","format":"standard","meta":[],"categories":[24],"tags":[],"_links":{"self":[{"href":"http:\/\/cordobadirecto.com\/index.php\/wp-json\/wp\/v2\/posts\/5764"}],"collection":[{"href":"http:\/\/cordobadirecto.com\/index.php\/wp-json\/wp\/v2\/posts"}],"about":[{"href":"http:\/\/cordobadirecto.com\/index.php\/wp-json\/wp\/v2\/types\/post"}],"author":[{"embeddable":true,"href":"http:\/\/cordobadirecto.com\/index.php\/wp-json\/wp\/v2\/users\/1"}],"replies":[{"embeddable":true,"href":"http:\/\/cordobadirecto.com\/index.php\/wp-json\/wp\/v2\/comments?post=5764"}],"version-history":[{"count":0,"href":"http:\/\/cordobadirecto.com\/index.php\/wp-json\/wp\/v2\/posts\/5764\/revisions"}],"wp:featuredmedia":[{"embeddable":true,"href":"http:\/\/cordobadirecto.com\/index.php\/wp-json\/wp\/v2\/media\/5765"}],"wp:attachment":[{"href":"http:\/\/cordobadirecto.com\/index.php\/wp-json\/wp\/v2\/media?parent=5764"}],"wp:term":[{"taxonomy":"category","embeddable":true,"href":"http:\/\/cordobadirecto.com\/index.php\/wp-json\/wp\/v2\/categories?post=5764"},{"taxonomy":"post_tag","embeddable":true,"href":"http:\/\/cordobadirecto.com\/index.php\/wp-json\/wp\/v2\/tags?post=5764"}],"curies":[{"name":"wp","href":"https:\/\/api.w.org\/{rel}","templated":true}]}}