{"id":5866,"date":"2021-05-04T21:07:03","date_gmt":"2021-05-04T21:07:03","guid":{"rendered":"https:\/\/cordoba.gob.ar\/?p=8951"},"modified":"2021-05-04T21:07:03","modified_gmt":"2021-05-04T21:07:03","slug":"comienzan-los-talleres-artisticos-recreativos-para-personas-con-discapacidad","status":"publish","type":"post","link":"http:\/\/cordobadirecto.com\/index.php\/2021\/05\/04\/comienzan-los-talleres-artisticos-recreativos-para-personas-con-discapacidad\/","title":{"rendered":"Comienzan los Talleres Art\u00edsticos Recreativos para personas con discapacidad"},"content":{"rendered":"<div><img src=\"http:\/\/cordobadirecto.com\/wp-content\/uploads\/2021\/05\/comienzan-los-talleres-artisticos-recreativos-para-personas-con-discapacidad.png\" class=\"ff-og-image-inserted\"><\/div>\n<ul>\n<li><strong>Orientado a j\u00f3venes y adultos mayores de 18 a\u00f1os, las inscripciones se extienden hasta finales de mayo o hasta completar cupo, haciendo click en este <a href=\"https:\/\/docs.google.com\/forms\/d\/e\/1FAIpQLSe10-VKjiBe4onMsDcVxg5RzVhFmTrX9MZY2xOA_28XZHhAKg\/viewform\">formulario<\/a>&nbsp;<\/strong><\/li>\n<\/ul>\n<hr>\n<p>Desde la Secretar\u00eda de Pol\u00edticas Sociales, Inclusi\u00f3n y Convivencia, lanzaron los Talleres Art\u00edsticos Recreativos para personas con discapacidad en la Casona Municipal, orientados a j\u00f3venes y adultos mayores de 18 a\u00f1os que finalizaron su etapa escolar.<\/p>\n<p>Este programa, que surge a trav\u00e9s de la Direcci\u00f3n de Protecci\u00f3n de Derechos, Participaci\u00f3n e Inclusi\u00f3n de las Personas con Discapacidad, propone incorporar espacios de capacitaci\u00f3n y formaci\u00f3n mediante encuentros dirigidos al descubrimiento de la capacidad creativa y expresiva, facilitando la inserci\u00f3n e interacci\u00f3n de las personas con discapacidad en diferentes \u00e1mbitos culturales; con vistas a promover la superaci\u00f3n, colaboraci\u00f3n, responsabilidad, disciplina e independencia.<\/p>\n<p>La modalidad de las capacitaciones ser\u00e1 de un encuentro semanal en el per\u00edodo de cuatro meses, dict\u00e1ndose en dos oportunidades a lo largo del a\u00f1o.<\/p>\n<p>Las actividades art\u00edsticas y los horarios se detallan en el siguiente cronograma:<\/p>\n<table class=\" alignleft\" width=\"509\">\n<tbody readability=\"1\">\n<tr>\n<td width=\"133\"><strong>Taller<\/strong><\/td>\n<td width=\"125\"><strong>D\u00eda<\/strong><\/td>\n<td width=\"125\"><strong>Hora<\/strong><\/td>\n<td width=\"126\"><strong>Cupo<\/strong><\/td>\n<\/tr>\n<tr>\n<td width=\"133\">Manualidades y Escultura<\/td>\n<td width=\"125\">Lunes<\/td>\n<td width=\"125\">10 a 13 hs.<\/td>\n<td width=\"126\">18 Personas<\/td>\n<\/tr>\n<tr>\n<td rowspan=\"2\" width=\"133\">Fotograf\u00eda<\/td>\n<td width=\"125\">Mi\u00e9rcoles<\/td>\n<td width=\"125\">10 a 10:50 hs.<\/td>\n<td width=\"126\">10 Personas<\/td>\n<\/tr>\n<tr>\n<td width=\"125\">Mi\u00e9rcoles<\/td>\n<td width=\"125\">11:10 a 12 hs.<\/td>\n<td width=\"126\">10 Personas<\/td>\n<\/tr>\n<tr readability=\"2\">\n<td rowspan=\"2\" width=\"133\">TICs (Tecnolog\u00edas de Informaci\u00f3n y Comunicaciones)<\/td>\n<td width=\"125\">Jueves<\/td>\n<td width=\"125\">10 a 10:50 hs.<\/td>\n<td width=\"126\">10 Personas<\/td>\n<\/tr>\n<tr>\n<td width=\"125\">Jueves<\/td>\n<td width=\"125\">11:10 a 12 hs.<\/td>\n<td width=\"126\">10 Personas<\/td>\n<\/tr>\n<tr>\n<td rowspan=\"2\" width=\"133\">Movimiento y Ritmos<\/td>\n<td width=\"125\">Viernes<\/td>\n<td width=\"125\">10 a 10:50 hs.<\/td>\n<td width=\"126\">18 Personas<\/td>\n<\/tr>\n<tr>\n<td width=\"125\">Viernes<\/td>\n<td width=\"125\">11:10 a 12 hs.<\/td>\n<td width=\"126\">18 Personas<\/td>\n<\/tr>\n<tr>\n<td width=\"133\">Manualidades y Escultura<\/td>\n<td width=\"125\">Viernes<\/td>\n<td width=\"125\">12 a 15:00 hs.<\/td>\n<td width=\"126\">18 Personas<\/td>\n<\/tr>\n<\/tbody>\n<\/table>\n","protected":false},"excerpt":{"rendered":"<p>Orientado a j\u00f3venes y adultos mayores de 18 a\u00f1os, las inscripciones se extienden hasta finales de mayo o hasta completar cupo, haciendo click en este formulario&nbsp; Desde la Secretar\u00eda de Pol\u00edticas Sociales, Inclusi\u00f3n y Convivencia, lanzaron los Talleres Art\u00edsticos Recreativos para personas con discapacidad en la Casona Municipal, orientados a j\u00f3venes y adultos mayores de [&hellip;]<\/p>\n","protected":false},"author":1,"featured_media":5867,"comment_status":"closed","ping_status":"closed","sticky":false,"template":"","format":"standard","meta":[],"categories":[44],"tags":[],"_links":{"self":[{"href":"http:\/\/cordobadirecto.com\/index.php\/wp-json\/wp\/v2\/posts\/5866"}],"collection":[{"href":"http:\/\/cordobadirecto.com\/index.php\/wp-json\/wp\/v2\/posts"}],"about":[{"href":"http:\/\/cordobadirecto.com\/index.php\/wp-json\/wp\/v2\/types\/post"}],"author":[{"embeddable":true,"href":"http:\/\/cordobadirecto.com\/index.php\/wp-json\/wp\/v2\/users\/1"}],"replies":[{"embeddable":true,"href":"http:\/\/cordobadirecto.com\/index.php\/wp-json\/wp\/v2\/comments?post=5866"}],"version-history":[{"count":0,"href":"http:\/\/cordobadirecto.com\/index.php\/wp-json\/wp\/v2\/posts\/5866\/revisions"}],"wp:featuredmedia":[{"embeddable":true,"href":"http:\/\/cordobadirecto.com\/index.php\/wp-json\/wp\/v2\/media\/5867"}],"wp:attachment":[{"href":"http:\/\/cordobadirecto.com\/index.php\/wp-json\/wp\/v2\/media?parent=5866"}],"wp:term":[{"taxonomy":"category","embeddable":true,"href":"http:\/\/cordobadirecto.com\/index.php\/wp-json\/wp\/v2\/categories?post=5866"},{"taxonomy":"post_tag","embeddable":true,"href":"http:\/\/cordobadirecto.com\/index.php\/wp-json\/wp\/v2\/tags?post=5866"}],"curies":[{"name":"wp","href":"https:\/\/api.w.org\/{rel}","templated":true}]}}