{"id":5877,"date":"2021-05-04T22:07:11","date_gmt":"2021-05-04T22:07:11","guid":{"rendered":"http:\/\/www.bbc.com\/mundo\/noticias-america-latina-56989232"},"modified":"2021-05-04T22:07:11","modified_gmt":"2021-05-04T22:07:11","slug":"protestas-en-colombia-como-la-violencia-se-tomo-las-calles-del-pais-y-por-que-cali-fue-el-epicentro-durante-dias","status":"publish","type":"post","link":"http:\/\/cordobadirecto.com\/index.php\/2021\/05\/04\/protestas-en-colombia-como-la-violencia-se-tomo-las-calles-del-pais-y-por-que-cali-fue-el-epicentro-durante-dias\/","title":{"rendered":"Protestas en Colombia: c\u00f3mo la violencia se tom\u00f3 las calles del pa\u00eds (y por qu\u00e9 Cali fue el epicentro durante d\u00edas)"},"content":{"rendered":"<div dir=\"ltr\" class=\"e1j2237y6 bbc-q4ibpr e57qer20\">\n<div class=\"bbc-1atl7vu e1c9i7u14\">\n<ul role=\"list\" class=\"bbc-cdrraw e1c9i7u12\">\n<li role=\"listitem\" class=\"bbc-1a3w4ok e1c9i7u11\">Daniel Pardo<\/li>\n<li role=\"listitem\" class=\"bbc-1p92jtu e1c9i7u10\">Corresponsal de BBC Mundo en Colombia<\/li>\n<\/ul>\n<\/div>\n<\/div>\n<p><time datetime=\"2021-05-04\" class=\"bbc-14xtggo e4zesg50\">4 mayo 2021<\/time><\/p>\n<div dir=\"ltr\" class=\"bbc-1ka88fa e57qer20\">\n<figure class=\"bbc-1qdcvv9 e6bmn90\">\n<div dir=\"ltr\" class=\"bbc-172p16q e57qer20\">\n<div dir=\"ltr\" class=\"bbc-189y18v e57qer20\" readability=\"6.5\">\n<div data-e2e=\"image-placeholder\" class=\"bbc-1k5hvrj e1whu0\" readability=\"8\"><img srcset=\"http:\/\/cordobadirecto.com\/wp-content\/uploads\/2021\/05\/protestas-en-colombia-como-la-violencia-se-tomo-las-calles-del-pais-y-por-que-cali-fue-el-epicentro-durante-dias-6.jpg 240w, http:\/\/cordobadirecto.com\/wp-content\/uploads\/2021\/05\/protestas-en-colombia-como-la-violencia-se-tomo-las-calles-del-pais-y-por-que-cali-fue-el-epicentro-durante-dias-7.jpg 320w, http:\/\/cordobadirecto.com\/wp-content\/uploads\/2021\/05\/protestas-en-colombia-como-la-violencia-se-tomo-las-calles-del-pais-y-por-que-cali-fue-el-epicentro-durante-dias-8.jpg 480w, http:\/\/cordobadirecto.com\/wp-content\/uploads\/2021\/05\/protestas-en-colombia-como-la-violencia-se-tomo-las-calles-del-pais-y-por-que-cali-fue-el-epicentro-durante-dias-9.jpg 624w, http:\/\/cordobadirecto.com\/wp-content\/uploads\/2021\/05\/protestas-en-colombia-como-la-violencia-se-tomo-las-calles-del-pais-y-por-que-cali-fue-el-epicentro-durante-dias-10.jpg 800w\" alt=\"Un manifestante es impactado por un cocktail molotov durante las protestas en Cali, Colombia, el 3 de mayo.\" src=\"http:\/\/cordobadirecto.com\/wp-content\/uploads\/2021\/05\/protestas-en-colombia-como-la-violencia-se-tomo-las-calles-del-pais-y-por-que-cali-fue-el-epicentro-durante-dias.jpg\" width=\"976\" class=\"bbc-fat2bc e1enwo3v0\"><\/p>\n<p role=\"text\" class=\"bbc-1s1cxbv etq3yw90\"><span class=\"bbc-1gnhmg2 e1yt7oin0\">Fuente de la imagen, <\/span><span lang=\"en-GB\">Getty Images<\/span><\/p>\n<\/div>\n<\/div>\n<div dir=\"ltr\" class=\"bbc-3edg7g e57qer20\" readability=\"6\"><figcaption dir=\"ltr\" class=\"bbc-1t9zlwf eede9f50\" readability=\"2\"><span class=\"bbc-1gnhmg2 e1yt7oin0\">Pie de foto, <\/span><\/p>\n<p>Cali se convirti\u00f3 en el epicentro de las protestas.<\/p>\n<\/figcaption><\/div>\n<\/div>\n<\/figure>\n<\/div>\n<div dir=\"ltr\" class=\"bbc-19j92fr e57qer20\" readability=\"11\">\n<p dir=\"ltr\" class=\"bbc-bm53ic e1cc2ql70\"><b>Los residentes de la Comuna 20 de Cali, el primer y m\u00e1s grande barrio informal de la tercera ciudad de Colombia, organizaron una velat\u00f3n el lunes 3 de mayo en honor a los manifestantes muertos tras cinco d\u00edas de violentas protestas.<\/b><\/p>\n<\/div>\n<div dir=\"ltr\" class=\"bbc-19j92fr e57qer20\" readability=\"11\">\n<p dir=\"ltr\" class=\"bbc-bm53ic e1cc2ql70\">&#8220;Hab\u00eda ni\u00f1os y madres, era un ambiente familiar&#8221;, recuerda Kevin Reyes, un l\u00edder social en la zona. La celebraci\u00f3n se hab\u00eda tomado la rotonda que conecta al barrio con el resto de la ciudad.<\/p>\n<\/div>\n<div dir=\"ltr\" class=\"bbc-19j92fr e57qer20\" readability=\"10\">\n<p dir=\"ltr\" class=\"bbc-bm53ic e1cc2ql70\">&#8220;Hacia a las 8:30 p. m. empezamos a escuchar que ven\u00eda el Esmad (el Escuadr\u00f3n M\u00f3vil Antidisturbios)\u2026 luego lleg\u00f3 un helic\u00f3ptero en el que sonaba el himno nacional y se emit\u00eda una luz reflectora como si estuviera buscando gente&#8221;, recuerda.<\/p>\n<\/div>\n<div dir=\"ltr\" class=\"bbc-19j92fr e57qer20\" readability=\"8\">\n<p dir=\"ltr\" class=\"bbc-bm53ic e1cc2ql70\">Y ah\u00ed empez\u00f3 un enfrentamiento en el que Reyes vio &#8220;polic\u00edas y militares encapuchados disparando <b>armas semiautom\u00e1ticas y fusiles<\/b>&#8220;.<\/p>\n<\/div>\n<div dir=\"ltr\" class=\"bbc-19j92fr e57qer20\" readability=\"11\">\n<p dir=\"ltr\" class=\"bbc-bm53ic e1cc2ql70\">El martes, la comunidad de Silo\u00e9, como tambi\u00e9n se conoce al barrio, cuenta varios fallecidos y desaparecidos. Ahora esperan realizar una nueva velat\u00f3n en su honor.<\/p>\n<\/div>\n<div dir=\"ltr\" class=\"bbc-19j92fr e57qer20\" readability=\"8\">\n<p dir=\"ltr\" class=\"bbc-bm53ic e1cc2ql70\">Colombia entr\u00f3 hace una semana en una espiral de protestas y enfrentamientos violentos entre manifestantes y fuerza p\u00fablica. Choques in\u00e9ditos en su historia reciente por su alcance y constancia.<\/p>\n<\/div>\n<div dir=\"ltr\" class=\"bbc-19j92fr e57qer20\" readability=\"9\">\n<p dir=\"ltr\" class=\"bbc-bm53ic e1cc2ql70\">Los datos disponibles son preliminares y <b>no est\u00e1n consolidados<\/b>. La Defensor\u00eda del Pueblo contabilizaba este martes m\u00e1s de 19 muertos, 89 desaparecidos y miles de heridos.<\/p>\n<\/div>\n<div dir=\"ltr\" class=\"bbc-19j92fr e57qer20\" readability=\"9\">\n<p dir=\"ltr\" class=\"bbc-bm53ic e1cc2ql70\">Pero solo en Silo\u00e9 el lunes, por ejemplo, la alcald\u00eda de Cali contabiliz\u00f3 cinco muertos.<\/p>\n<\/div>\n<div dir=\"ltr\" class=\"bbc-1ka88fa e57qer20\">\n<figure class=\"bbc-1qdcvv9 e6bmn90\">\n<div dir=\"ltr\" class=\"bbc-172p16q e57qer20\">\n<div dir=\"ltr\" class=\"bbc-189y18v e57qer20\" readability=\"6.5\">\n<div data-e2e=\"image-placeholder\" class=\"bbc-1k5hvrj e1whu0\" readability=\"8\"><noscript><img srcset=\"http:\/\/cordobadirecto.com\/wp-content\/uploads\/2021\/05\/protestas-en-colombia-como-la-violencia-se-tomo-las-calles-del-pais-y-por-que-cali-fue-el-epicentro-durante-dias-11.jpg 240w, http:\/\/cordobadirecto.com\/wp-content\/uploads\/2021\/05\/protestas-en-colombia-como-la-violencia-se-tomo-las-calles-del-pais-y-por-que-cali-fue-el-epicentro-durante-dias-12.jpg 320w, http:\/\/cordobadirecto.com\/wp-content\/uploads\/2021\/05\/protestas-en-colombia-como-la-violencia-se-tomo-las-calles-del-pais-y-por-que-cali-fue-el-epicentro-durante-dias-13.jpg 480w, http:\/\/cordobadirecto.com\/wp-content\/uploads\/2021\/05\/protestas-en-colombia-como-la-violencia-se-tomo-las-calles-del-pais-y-por-que-cali-fue-el-epicentro-durante-dias-14.jpg 624w, http:\/\/cordobadirecto.com\/wp-content\/uploads\/2021\/05\/protestas-en-colombia-como-la-violencia-se-tomo-las-calles-del-pais-y-por-que-cali-fue-el-epicentro-durante-dias-15.jpg 800w\" alt=\"Un agente de polic\u00eda da una patada a un\" src=\"http:\/\/cordobadirecto.com\/wp-content\/uploads\/2021\/05\/protestas-en-colombia-como-la-violencia-se-tomo-las-calles-del-pais-y-por-que-cali-fue-el-epicentro-durante-dias-1.jpg\" width=\"976\" class=\"bbc-fat2bc e1enwo3v0\"><\/noscript><\/p>\n<p role=\"text\" class=\"bbc-1s1cxbv etq3yw90\"><span class=\"bbc-1gnhmg2 e1yt7oin0\">Fuente de la imagen, <\/span><span lang=\"en-GB\">Getty Images<\/span><\/p>\n<\/div>\n<\/div>\n<div dir=\"ltr\" class=\"bbc-3edg7g e57qer20\" readability=\"6.5\"><figcaption dir=\"ltr\" class=\"bbc-1t9zlwf eede9f50\" readability=\"3\"><span class=\"bbc-1gnhmg2 e1yt7oin0\">Pie de foto, <\/span><\/p>\n<p>Lo que empez\u00f3 como una protesta contra un proyecto de ley se ha convertido en un escenario de violencia entre parte y parte que tiene paralizado al pa\u00eds.<\/p>\n<\/figcaption><\/div>\n<\/div>\n<\/figure>\n<\/div>\n<div dir=\"ltr\" class=\"bbc-19j92fr e57qer20\" readability=\"10\">\n<p dir=\"ltr\" class=\"bbc-bm53ic e1cc2ql70\">La escalada de la violencia en todo el pa\u00eds \u2014con Cali como epicentro pero tambi\u00e9n en municipios peque\u00f1os y de tama\u00f1o medio\u2014 tiene las principales carreteras bloqueadas, decenas de peajes destrozados y cientos de edificios p\u00fablicos y privados quemados.<\/p>\n<\/div>\n<div dir=\"ltr\" class=\"bbc-19j92fr e57qer20\" readability=\"12\">\n<p dir=\"ltr\" class=\"bbc-bm53ic e1cc2ql70\">El gobierno de Iv\u00e1n Duque, que propuso este martes <b>una mesa de negociaci\u00f3n<\/b> con todos los sectores incluyendo manifestantes, atribuye la violencia a infiltrados de grupos guerrilleros y terroristas, as\u00ed como a v\u00e1ndalos que aprovechan para saquear el comercio.<\/p>\n<\/div>\n<div dir=\"ltr\" class=\"bbc-19j92fr e57qer20\" readability=\"13\">\n<p dir=\"ltr\" class=\"bbc-bm53ic e1cc2ql70\">Los cr\u00edticos, sin embargo, hablan de masacres a mano del Estado tras el anuncio del mandatario de militarizar las calles. El general en jefe del ej\u00e9rcito, Eduardo Zapateiro, lleg\u00f3 a Cali para liderar lo que llama la &#8220;recuperaci\u00f3n de la ciudad&#8221;.<\/p>\n<\/div>\n<div dir=\"ltr\" class=\"bbc-19j92fr e57qer20\" readability=\"9\">\n<p dir=\"ltr\" class=\"bbc-bm53ic e1cc2ql70\">Mientras tanto, cientos de videos que cada quien parece interpretar seg\u00fan su posici\u00f3n vuelan por las redes sociales y los chats de vecinos para amplificar la zozobra que inunda al pa\u00eds.<\/p>\n<\/div>\n<p><h2 id=\"Violencia-comunitaria\" tabindex=\"-1\" class=\"bbc-l3e97o e14hemmw0\">&#8220;Violencia comunitaria&#8221;<\/h2>\n<\/p>\n<div dir=\"ltr\" class=\"bbc-19j92fr e57qer20\" readability=\"10\">\n<p dir=\"ltr\" class=\"bbc-bm53ic e1cc2ql70\">En otra zona de Cali, una m\u00e1s acomodada conocida como Ciudad Jard\u00edn, el lunes en la noche tambi\u00e9n se reuni\u00f3 la comunidad local en la calle.<\/p>\n<\/div>\n<div dir=\"ltr\" class=\"bbc-19j92fr e57qer20\" readability=\"7\">\n<p dir=\"ltr\" class=\"bbc-bm53ic e1cc2ql70\">Estacionaron decenas de camionetas en las calles para evitar la entrada del &#8220;vandalaje&#8221;.<\/p>\n<\/div>\n<div dir=\"ltr\" class=\"bbc-19j92fr e57qer20\" readability=\"10\">\n<p dir=\"ltr\" class=\"bbc-bm53ic e1cc2ql70\">Y reportaron: &#8220;Todo el mundo est\u00e1 con chaleco antibalas, fierros (armas) y aqu\u00ed estamos todos (\u2026) <b>preparados para repeler cualquier enemigo<\/b>&#8220;, se oye en uno de los videos que recogi\u00f3 BBC Mundo.<\/p>\n<\/div>\n<div dir=\"ltr\" class=\"bbc-19j92fr e57qer20\" readability=\"9\">\n<p dir=\"ltr\" class=\"bbc-bm53ic e1cc2ql70\">Dos testigos de los enfrentamientos en Cali dijeron a BBC Mundo temer por la salida a las calles de grupos de civiles armados que buscan apoyar a la fuerza p\u00fablica en su lucha contra los llamados &#8220;v\u00e1ndalos&#8221;.<\/p>\n<\/div>\n<div dir=\"ltr\" class=\"bbc-1ka88fa e57qer20\">\n<figure class=\"bbc-1qdcvv9 e6bmn90\">\n<div dir=\"ltr\" class=\"bbc-172p16q e57qer20\">\n<div dir=\"ltr\" class=\"bbc-189y18v e57qer20\">\n<div data-e2e=\"image-placeholder\" class=\"bbc-1k5hvrj e1whu0\"><noscript><img srcset=\"http:\/\/cordobadirecto.com\/wp-content\/uploads\/2021\/05\/protestas-en-colombia-como-la-violencia-se-tomo-las-calles-del-pais-y-por-que-cali-fue-el-epicentro-durante-dias-16.jpg 240w, http:\/\/cordobadirecto.com\/wp-content\/uploads\/2021\/05\/protestas-en-colombia-como-la-violencia-se-tomo-las-calles-del-pais-y-por-que-cali-fue-el-epicentro-durante-dias-17.jpg 320w, http:\/\/cordobadirecto.com\/wp-content\/uploads\/2021\/05\/protestas-en-colombia-como-la-violencia-se-tomo-las-calles-del-pais-y-por-que-cali-fue-el-epicentro-durante-dias-18.jpg 480w, http:\/\/cordobadirecto.com\/wp-content\/uploads\/2021\/05\/protestas-en-colombia-como-la-violencia-se-tomo-las-calles-del-pais-y-por-que-cali-fue-el-epicentro-durante-dias-19.jpg 624w, http:\/\/cordobadirecto.com\/wp-content\/uploads\/2021\/05\/protestas-en-colombia-como-la-violencia-se-tomo-las-calles-del-pais-y-por-que-cali-fue-el-epicentro-durante-dias-20.jpg 800w\" alt=\"Un manifestante en las protestas en Cali con fuego detr\u00e1s.\" src=\"http:\/\/cordobadirecto.com\/wp-content\/uploads\/2021\/05\/protestas-en-colombia-como-la-violencia-se-tomo-las-calles-del-pais-y-por-que-cali-fue-el-epicentro-durante-dias-2.jpg\" width=\"976\" class=\"bbc-fat2bc e1enwo3v0\"><\/noscript><\/p>\n<p role=\"text\" class=\"bbc-1s1cxbv etq3yw90\"><span class=\"bbc-1gnhmg2 e1yt7oin0\">Fuente de la imagen, <\/span><span lang=\"en-GB\">EPA<\/span><\/p>\n<\/div>\n<\/div>\n<div dir=\"ltr\" class=\"bbc-3edg7g e57qer20\" readability=\"7\"><figcaption dir=\"ltr\" class=\"bbc-1t9zlwf eede9f50\" readability=\"4\"><span class=\"bbc-1gnhmg2 e1yt7oin0\">Pie de foto, <\/span><\/p>\n<p>Cali, la tercera ciudad del pa\u00eds, ha sido el epicentro m\u00e1s cruento.<\/p>\n<\/figcaption><\/div>\n<\/div>\n<\/figure>\n<\/div>\n<div dir=\"ltr\" class=\"bbc-19j92fr e57qer20\" readability=\"12\">\n<p dir=\"ltr\" class=\"bbc-bm53ic e1cc2ql70\">&#8220;Hay grupos de civiles que piden desescalamiento de la violencia&#8221;, dice Katherine Aguirre, experta en derechos humanos de la ciudad. &#8220;Pero tambi\u00e9n hemos visto grupos de ciudadanos que han empezado a disparar desde sus casas, de vigilantismo estimulado por el flujo de armas en la ciudad&#8221;.<\/p>\n<\/div>\n<div dir=\"ltr\" class=\"bbc-19j92fr e57qer20\" readability=\"14\">\n<p dir=\"ltr\" class=\"bbc-bm53ic e1cc2ql70\">Jorge Restrepo, director del CERAC, un centro de estudios, a\u00f1ade: &#8220;La evidencia que hemos podido analizar muestra que en Cali <b>hubo una violencia comunitaria<\/b> en la que la fuerza p\u00fablica se desbord\u00f3. Fueron incidentes de reacci\u00f3n descontrolada, pero no programadas y dirigida en contra de civiles&#8221;.<\/p>\n<\/div>\n<div dir=\"ltr\" class=\"bbc-19j92fr e57qer20\" readability=\"9\">\n<p dir=\"ltr\" class=\"bbc-bm53ic e1cc2ql70\">Cali tiene un flujo de armas inusual: aunque no existen cifras consolidadas de armas por habitante, las autoridades incautan cientos cada mes.<\/p>\n<\/div>\n<div dir=\"ltr\" class=\"bbc-19j92fr e57qer20\" readability=\"13\">\n<p dir=\"ltr\" class=\"bbc-bm53ic e1cc2ql70\">Adem\u00e1s, pese a que logr\u00f3 reducir los homicidios en un 30% en las \u00faltimas dos d\u00e9cadas, la capital del Valle del Cauca es la m\u00e1s peligrosa de Colombia con 45,1 homicidios por cada 100.000 habitantes en 2019, seg\u00fan cifras oficiales.<\/p>\n<\/div>\n<div dir=\"ltr\" class=\"bbc-19j92fr e57qer20\" readability=\"11\">\n<p dir=\"ltr\" class=\"bbc-bm53ic e1cc2ql70\">Parte de su incapacidad de acabar con la violencia se debe a que se encuentra ubicada entre tres de regiones <b>afectadas por el conflicto, el narcotr\u00e1fico y el desplazamiento<\/b>: el Choc\u00f3, el Cauca y el Valle del Cauca.<\/p>\n<\/div>\n<div dir=\"ltr\" class=\"bbc-19j92fr e57qer20\" readability=\"10\">\n<p dir=\"ltr\" class=\"bbc-bm53ic e1cc2ql70\">Y eso, seg\u00fan los expertos, ha contribuido a que la versi\u00f3n m\u00e1s violenta de esta nueva ola de protesta se d\u00e9 en esa ciudad.<\/p>\n<\/div>\n<p><h2 id=\"La-sensaci\u00f3n-de-encierro-que-se-toma-al-pa\u00eds\" tabindex=\"-1\" class=\"bbc-l3e97o e14hemmw0\">La sensaci\u00f3n de encierro que se toma al pa\u00eds<\/h2>\n<\/p>\n<div dir=\"ltr\" class=\"bbc-19j92fr e57qer20\" readability=\"11\">\n<p dir=\"ltr\" class=\"bbc-bm53ic e1cc2ql70\">La sensaci\u00f3n de encierro que ha producido el covid-19, cuyas cifras de contagios y muertes est\u00e1n ahora en su<b> peor <\/b><b>momento <\/b><b>desde el inici\u00f3 la pandemia <\/b>en Colombia, se ha visto de manifiesto esta semana con las protestas.<\/p>\n<\/div>\n<div dir=\"ltr\" class=\"bbc-19j92fr e57qer20\" readability=\"13\">\n<p dir=\"ltr\" class=\"bbc-bm53ic e1cc2ql70\">Si bien muchos est\u00e1n en las calles protestando, la mayor\u00eda est\u00e1 su casa, pendientes de los chats y las redes, sin poder salir. Los camiones no pueden llegar a las ciudades. Los anaqueles en los supermercados empiezan a mostrar una escasez rara para un pa\u00eds acostumbrado a la estabilidad pol\u00edtica y econ\u00f3mica.<\/p>\n<\/div>\n<div dir=\"ltr\" class=\"bbc-19j92fr e57qer20\" readability=\"7\">\n<p dir=\"ltr\" class=\"bbc-bm53ic e1cc2ql70\">Pero ahora Colombia parece entrar a territorios desconocidos.<\/p>\n<\/div>\n<div dir=\"ltr\" class=\"bbc-1ka88fa e57qer20\">\n<figure class=\"bbc-1qdcvv9 e6bmn90\">\n<div dir=\"ltr\" class=\"bbc-172p16q e57qer20\">\n<div dir=\"ltr\" class=\"bbc-189y18v e57qer20\" readability=\"6.5\">\n<div data-e2e=\"image-placeholder\" class=\"bbc-1k5hvrj e1whu0\" readability=\"8\"><noscript><img srcset=\"http:\/\/cordobadirecto.com\/wp-content\/uploads\/2021\/05\/protestas-en-colombia-como-la-violencia-se-tomo-las-calles-del-pais-y-por-que-cali-fue-el-epicentro-durante-dias-21.jpg 240w, http:\/\/cordobadirecto.com\/wp-content\/uploads\/2021\/05\/protestas-en-colombia-como-la-violencia-se-tomo-las-calles-del-pais-y-por-que-cali-fue-el-epicentro-durante-dias-22.jpg 320w, http:\/\/cordobadirecto.com\/wp-content\/uploads\/2021\/05\/protestas-en-colombia-como-la-violencia-se-tomo-las-calles-del-pais-y-por-que-cali-fue-el-epicentro-durante-dias-23.jpg 480w, http:\/\/cordobadirecto.com\/wp-content\/uploads\/2021\/05\/protestas-en-colombia-como-la-violencia-se-tomo-las-calles-del-pais-y-por-que-cali-fue-el-epicentro-durante-dias-24.jpg 624w, http:\/\/cordobadirecto.com\/wp-content\/uploads\/2021\/05\/protestas-en-colombia-como-la-violencia-se-tomo-las-calles-del-pais-y-por-que-cali-fue-el-epicentro-durante-dias-25.jpg 800w\" alt=\"La polic\u00eda intenta desbloquear las carreteras y avenidas tomadas por los manifestantes en Cali.\" src=\"http:\/\/cordobadirecto.com\/wp-content\/uploads\/2021\/05\/protestas-en-colombia-como-la-violencia-se-tomo-las-calles-del-pais-y-por-que-cali-fue-el-epicentro-durante-dias-3.jpg\" width=\"976\" class=\"bbc-fat2bc e1enwo3v0\"><\/noscript><\/p>\n<p role=\"text\" class=\"bbc-1s1cxbv etq3yw90\"><span class=\"bbc-1gnhmg2 e1yt7oin0\">Fuente de la imagen, <\/span><span lang=\"en-GB\">Getty Images<\/span><\/p>\n<\/div>\n<\/div>\n<div dir=\"ltr\" class=\"bbc-3edg7g e57qer20\" readability=\"6\"><figcaption dir=\"ltr\" class=\"bbc-1t9zlwf eede9f50\" readability=\"2\"><span class=\"bbc-1gnhmg2 e1yt7oin0\">Pie de foto, <\/span><\/p>\n<p>La polic\u00eda intenta desbloquear las carreteras y avenidas tomadas por los manifestantes en Cali.<\/p>\n<\/figcaption><\/div>\n<\/div>\n<\/figure>\n<\/div>\n<div dir=\"ltr\" class=\"bbc-19j92fr e57qer20\" readability=\"10\">\n<p dir=\"ltr\" class=\"bbc-bm53ic e1cc2ql70\">Las protestas de noviembre de 2019 fueron relativamente pac\u00edficas con un saldo de cuatro muertos. Luego las de septiembre de 2020 dejaron <b>13 muertos en solo dos d\u00edas de manifestaciones <\/b>en Bogot\u00e1. Ahora las cifras de fallecidos est\u00e1n por encima de 20 y los militares est\u00e1n en las calles reprimiendo.<\/p>\n<\/div>\n<div dir=\"ltr\" class=\"bbc-19j92fr e57qer20\" readability=\"10\">\n<p dir=\"ltr\" class=\"bbc-bm53ic e1cc2ql70\">&#8220;Claramente hay un escalamiento de la violencia&#8221;, dice Alberto S\u00e1nchez Galeano, un cale\u00f1o experto en Seguridad que asesora gobiernos locales.<\/p>\n<\/div>\n<div dir=\"ltr\" class=\"bbc-19j92fr e57qer20\" readability=\"11\">\n<p dir=\"ltr\" class=\"bbc-bm53ic e1cc2ql70\">&#8220;Y lo que creo que esto manifiesta es que seguimos intentando arreglar con polic\u00edas lo que da\u00f1amos con malas pol\u00edticas&#8221;, explica. &#8220;No resuelves con polic\u00edas el mal manejo de una reforma tributaria en pandemia&#8221;, explica sobre la medida de Duque que dispar\u00f3 esta \u00faltima ola de protestas.<\/p>\n<\/div>\n<div dir=\"ltr\" class=\"bbc-19j92fr e57qer20\" readability=\"12\">\n<p dir=\"ltr\" class=\"bbc-bm53ic e1cc2ql70\">Muchos de los expertos en seguridad llevan a\u00f1os denunciando el mal estado de la polic\u00eda en el pa\u00eds, que tiene <b>d\u00e9ficits de personal y equipamiento<\/b><b>,<\/b>y es utilizada para operaciones como desalojos, cumplimento de cuarentenas o alteraci\u00f3n del orden p\u00fablico.<\/p>\n<\/div>\n<div dir=\"ltr\" class=\"bbc-19j92fr e57qer20\" readability=\"8\">\n<p dir=\"ltr\" class=\"bbc-bm53ic e1cc2ql70\">&#8220;La falta de liderazgo pol\u00edtico lo termina asumiendo la polic\u00eda&#8221;, se queja S\u00e1nchez Galeano.<\/p>\n<\/div>\n<div dir=\"ltr\" class=\"bbc-19j92fr e57qer20\" readability=\"13\">\n<p dir=\"ltr\" class=\"bbc-bm53ic e1cc2ql70\">En efecto, durante los \u00faltimos d\u00edas la falta de informaci\u00f3n consolidada sobre lo que ocurre en las calles, sobre todo en Cali, ha contribuido a la <b>sensaci\u00f3n de zozobra<\/b> y profundizado la polarizaci\u00f3n entre los colombianos, apuntan los analistas.<\/p>\n<\/div>\n<div dir=\"ltr\" class=\"bbc-1ka88fa e57qer20\">\n<figure class=\"bbc-1qdcvv9 e6bmn90\">\n<div dir=\"ltr\" class=\"bbc-172p16q e57qer20\">\n<div dir=\"ltr\" class=\"bbc-189y18v e57qer20\" readability=\"6.5\">\n<div data-e2e=\"image-placeholder\" class=\"bbc-1k5hvrj e1whu0\" readability=\"8\"><noscript><img srcset=\"http:\/\/cordobadirecto.com\/wp-content\/uploads\/2021\/05\/protestas-en-colombia-como-la-violencia-se-tomo-las-calles-del-pais-y-por-que-cali-fue-el-epicentro-durante-dias-26.jpg 240w, http:\/\/cordobadirecto.com\/wp-content\/uploads\/2021\/05\/protestas-en-colombia-como-la-violencia-se-tomo-las-calles-del-pais-y-por-que-cali-fue-el-epicentro-durante-dias-27.jpg 320w, http:\/\/cordobadirecto.com\/wp-content\/uploads\/2021\/05\/protestas-en-colombia-como-la-violencia-se-tomo-las-calles-del-pais-y-por-que-cali-fue-el-epicentro-durante-dias-28.jpg 480w, http:\/\/cordobadirecto.com\/wp-content\/uploads\/2021\/05\/protestas-en-colombia-como-la-violencia-se-tomo-las-calles-del-pais-y-por-que-cali-fue-el-epicentro-durante-dias-29.jpg 624w, http:\/\/cordobadirecto.com\/wp-content\/uploads\/2021\/05\/protestas-en-colombia-como-la-violencia-se-tomo-las-calles-del-pais-y-por-que-cali-fue-el-epicentro-durante-dias-30.jpg 800w\" alt=\"Manifestantes en Cali, Colombia, el 3 de mayo.\" src=\"http:\/\/cordobadirecto.com\/wp-content\/uploads\/2021\/05\/protestas-en-colombia-como-la-violencia-se-tomo-las-calles-del-pais-y-por-que-cali-fue-el-epicentro-durante-dias-4.jpg\" width=\"976\" class=\"bbc-fat2bc e1enwo3v0\"><\/noscript><\/p>\n<p role=\"text\" class=\"bbc-1s1cxbv etq3yw90\"><span class=\"bbc-1gnhmg2 e1yt7oin0\">Fuente de la imagen, <\/span><span lang=\"en-GB\">Getty Images<\/span><\/p>\n<\/div>\n<\/div>\n<div dir=\"ltr\" class=\"bbc-3edg7g e57qer20\" readability=\"7.5\"><figcaption dir=\"ltr\" class=\"bbc-1t9zlwf eede9f50\" readability=\"5\"><span class=\"bbc-1gnhmg2 e1yt7oin0\">Pie de foto, <\/span><\/p>\n<p>La falta de informaci\u00f3n consolidada sobre lo que ocurre en las calles, sobre todo en Cali, ha contribuido a la sensaci\u00f3n de zozobra.<\/p>\n<\/figcaption><\/div>\n<\/div>\n<\/figure>\n<\/div>\n<div dir=\"ltr\" class=\"bbc-19j92fr e57qer20\" readability=\"10\">\n<p dir=\"ltr\" class=\"bbc-bm53ic e1cc2ql70\">La incertidumbre <b>se toma un pa\u00eds<\/b> hasta el punto de que incluso defensores de derechos humanos internacionales son confundidos por manifestantes o, en la jerga de sus cr\u00edticos, &#8220;v\u00e1ndalos&#8221;. <\/p>\n<\/div>\n<div dir=\"ltr\" class=\"bbc-19j92fr e57qer20\" readability=\"10\">\n<p dir=\"ltr\" class=\"bbc-bm53ic e1cc2ql70\">Ocurri\u00f3 el lunes en una protesta en un barrio conocido como La Luna, de Cali, que fue reprimida por las fuerzas de seguridad.<\/p>\n<\/div>\n<div dir=\"ltr\" class=\"bbc-19j92fr e57qer20\" readability=\"8\">\n<p dir=\"ltr\" class=\"bbc-bm53ic e1cc2ql70\">All\u00ed lleg\u00f3 una comisi\u00f3n de funcionarios de organizaciones para tratar de verificar una denuncia de abuso.<\/p>\n<\/div>\n<div dir=\"ltr\" class=\"bbc-19j92fr e57qer20\" readability=\"13\">\n<p dir=\"ltr\" class=\"bbc-bm53ic e1cc2ql70\">&#8220;Miembros de la comisi\u00f3n recibieron<b> amenazas y agresiones<\/b>, as\u00ed como disparos por parte de la polic\u00eda, sin que nadie resultara impactado&#8221;, report\u00f3 Juliette de Rivero, representante en Colombia de la Alta Comisionada de la ONU para los Derechos Humanos.<\/p>\n<\/div>\n<div dir=\"ltr\" class=\"bbc-19j92fr e57qer20\" readability=\"7\">\n<p dir=\"ltr\" class=\"bbc-bm53ic e1cc2ql70\">La comisi\u00f3n tuvo que refugiarse durante varias horas en una casa para evitar el fuego cruzado.<\/p>\n<\/div>\n<div dir=\"ltr\" class=\"bbc-19j92fr e57qer20\" readability=\"8\">\n<p dir=\"ltr\" class=\"bbc-bm53ic e1cc2ql70\">El famoso hotel La Luna de Cali fue incendiado y sus hu\u00e9spedes declararon a los medios que las escenas parec\u00edan sacadas de una pel\u00edcula: &#8220;Casi nos queman vivos&#8221;.<\/p>\n<\/div>\n<div dir=\"ltr\" class=\"bbc-1ka88fa e57qer20\">\n<figure class=\"bbc-1qdcvv9 e6bmn90\">\n<div dir=\"ltr\" class=\"bbc-172p16q e57qer20\">\n<div dir=\"ltr\" class=\"bbc-189y18v e57qer20\">\n<div data-e2e=\"image-placeholder\" class=\"bbc-uhmmqj e1whu0\"><noscript><img srcset=\"http:\/\/cordobadirecto.com\/wp-content\/uploads\/2021\/05\/protestas-en-colombia-como-la-violencia-se-tomo-las-calles-del-pais-y-por-que-cali-fue-el-epicentro-durante-dias-31.jpg 240w, http:\/\/cordobadirecto.com\/wp-content\/uploads\/2021\/05\/protestas-en-colombia-como-la-violencia-se-tomo-las-calles-del-pais-y-por-que-cali-fue-el-epicentro-durante-dias-32.jpg 320w, http:\/\/cordobadirecto.com\/wp-content\/uploads\/2021\/05\/protestas-en-colombia-como-la-violencia-se-tomo-las-calles-del-pais-y-por-que-cali-fue-el-epicentro-durante-dias-33.jpg 480w, http:\/\/cordobadirecto.com\/wp-content\/uploads\/2021\/05\/protestas-en-colombia-como-la-violencia-se-tomo-las-calles-del-pais-y-por-que-cali-fue-el-epicentro-durante-dias-34.jpg 624w\" alt=\"raya\" src=\"http:\/\/cordobadirecto.com\/wp-content\/uploads\/2021\/05\/protestas-en-colombia-como-la-violencia-se-tomo-las-calles-del-pais-y-por-que-cali-fue-el-epicentro-durante-dias-5.jpg\" width=\"624\" class=\"bbc-fat2bc e1enwo3v0\"><\/noscript><\/div>\n<\/div>\n<\/div>\n<\/figure>\n<\/div>\n<div dir=\"ltr\" class=\"bbc-19j92fr e57qer20\" readability=\"8\">\n<p dir=\"ltr\" class=\"bbc-bm53ic e1cc2ql70\"><i class=\"bbc-h1y5j7 ewc4zcb0\">Recuerda que puedes recibir notificaciones de BBC News Mundo. Descarga nuestra app y act\u00edvalas para no perderte nuestro mejor contenido.<\/i><\/p>\n<\/div>\n","protected":false},"excerpt":{"rendered":"<p>Daniel Pardo Corresponsal de BBC Mundo en Colombia 4 mayo 2021 Fuente de la imagen, Getty Images Pie de foto, Cali se convirti\u00f3 en el epicentro de las protestas. Los residentes de la Comuna 20 de Cali, el primer y m\u00e1s grande barrio informal de la tercera ciudad de Colombia, organizaron una velat\u00f3n el lunes [&hellip;]<\/p>\n","protected":false},"author":1,"featured_media":5878,"comment_status":"closed","ping_status":"closed","sticky":false,"template":"","format":"standard","meta":[],"categories":[24],"tags":[],"_links":{"self":[{"href":"http:\/\/cordobadirecto.com\/index.php\/wp-json\/wp\/v2\/posts\/5877"}],"collection":[{"href":"http:\/\/cordobadirecto.com\/index.php\/wp-json\/wp\/v2\/posts"}],"about":[{"href":"http:\/\/cordobadirecto.com\/index.php\/wp-json\/wp\/v2\/types\/post"}],"author":[{"embeddable":true,"href":"http:\/\/cordobadirecto.com\/index.php\/wp-json\/wp\/v2\/users\/1"}],"replies":[{"embeddable":true,"href":"http:\/\/cordobadirecto.com\/index.php\/wp-json\/wp\/v2\/comments?post=5877"}],"version-history":[{"count":0,"href":"http:\/\/cordobadirecto.com\/index.php\/wp-json\/wp\/v2\/posts\/5877\/revisions"}],"wp:featuredmedia":[{"embeddable":true,"href":"http:\/\/cordobadirecto.com\/index.php\/wp-json\/wp\/v2\/media\/5878"}],"wp:attachment":[{"href":"http:\/\/cordobadirecto.com\/index.php\/wp-json\/wp\/v2\/media?parent=5877"}],"wp:term":[{"taxonomy":"category","embeddable":true,"href":"http:\/\/cordobadirecto.com\/index.php\/wp-json\/wp\/v2\/categories?post=5877"},{"taxonomy":"post_tag","embeddable":true,"href":"http:\/\/cordobadirecto.com\/index.php\/wp-json\/wp\/v2\/tags?post=5877"}],"curies":[{"name":"wp","href":"https:\/\/api.w.org\/{rel}","templated":true}]}}