{"id":58886,"date":"2022-05-14T02:20:06","date_gmt":"2022-05-14T02:20:06","guid":{"rendered":"http:\/\/cordobadirecto.com\/index.php\/2022\/05\/14\/dibujos-animados-y-actualidad-charla-con-isabel-macias-miguel-rur-y-juan-francisco-paez\/"},"modified":"2022-05-14T02:20:06","modified_gmt":"2022-05-14T02:20:06","slug":"dibujos-animados-y-actualidad-charla-con-isabel-macias-miguel-rur-y-juan-francisco-paez","status":"publish","type":"post","link":"http:\/\/cordobadirecto.com\/index.php\/2022\/05\/14\/dibujos-animados-y-actualidad-charla-con-isabel-macias-miguel-rur-y-juan-francisco-paez\/","title":{"rendered":"Dibujos animados y actualidad: charla con Isabel Mac\u00edas, Miguel Rur y Juan Francisco P\u00e1ez"},"content":{"rendered":"<figure class=\"mb-3\"><img loading=\"lazy\" src=\"http:\/\/cordobadirecto.com\/wp-content\/uploads\/2022\/05\/dibujos-animados-y-actualidad-charla-con-isabel-macias-miguel-rur-y-juan-francisco-paez.jpg\" width=\"100%\" height=\"100%\" alt=\"Pez Los chicos consumen mucho contenido audiovisual y se forman mucho mirando animacin Captura Pantalla\"><figcaption> P\u00e1ez: &#8220;Los chicos consumen mucho contenido audiovisual y se forman mucho mirando animaci\u00f3n&#8221; (Captura Pantalla) <\/figcaption><\/figure>\n<p> &nbsp;<\/p>\n<p>En el espacio de la Agencia T\u00e9lam en la Feria, tres importantes referentes de la animaci\u00f3n, Isabel Mac\u00edas, Miguel Rur y Juan Francisco P\u00e1ez profundizaron sobre la situaci\u00f3n actual del sector, la pandemia y lo que se viene.&nbsp;<\/p>\n<p>&#8220;Luca, Encanto, por dar ejemplos, no se pueden menospreciar ni decir que se hacen as\u00ed nom\u00e1s. <strong>Fue la animaci\u00f3n la que durante la pandemia sostuvo al sector, no pararon de producir contenidos&#8221;<\/strong>, reflexion\u00f3 periodista de la agencia Tom\u00e1s Eliaschev, quien moder\u00f3 el encuentro.&nbsp;<\/p>\n<p>Juan Francisco P\u00e1ez asegur\u00f3: <strong>\u201cEs muy importante la animaci\u00f3n en las infancias.<\/strong> Sali\u00f3 una nota la semana pasada sobre las 10 pel\u00edculas m\u00e1s vistas en Argentina en la historia del cine, y 7 son animadas, Toy Story y dem\u00e1s. Los chicos consumen mucho y se forman mucho mirando animaci\u00f3n. No prestarle atenci\u00f3n al contenido que ven es un error. Como si diera lo mismo si ven Pepa Pig, una peli de Disney o un video de &#8216;unboxing&#8217; (youtubers que se filman abriendo paquetes) de Youtube. No da lo mismo lo que ven. No da lo mismo si ven Zamba o Pepa Pig, no es lo mismo porque es parte de la formaci\u00f3n. Despu\u00e9s los padres se ragan las vestidurads por la ESI, y dicen &#8216;a mis hijos los educo yo&#8217; y despu\u00e9s en definitiva, la tablet es la que los educa. Es muy importante el trabajo de Tom\u00e1s, el trabajo de los que trabajan para difundir la animaci\u00f3n\u201d.<\/p>\n<p><strong>\u201cQue sea animado no significa que sea inocente ni para ni\u00f1os. Puede ser terriblemente sesgado en su posici\u00f3n, por ejemplo se ha utilizado animaci\u00f3n para propagandas b\u00e9licas\u201d<\/strong>, manifest\u00f3 Mac\u00edas.&nbsp;<\/p>\n<p>\u201cDesde Paka Paka tomamos todos los temas. Por ejemplo estamos por estrenar una serie de ESI infantil que se trabaj\u00f3 en conjunto con el Ministerio de Educaci\u00f3n y Salud. Tenemos series de literatura, de historia. <strong>Hay que darle valor, no solo al dibujo animado sino a los contenidos que tienen que ver con las infancias argentinas, de Latinoam\u00e9rica y del mundo.<\/strong> Hoy en d\u00eda, por suerte tenemos un mont\u00f3n de pelis y contenido cultural del mundo que podemos ver m\u00e1s que antes por las pantallas de Youtube y de las plataformas de streaming, nos hacen ver otras t\u00e9cnicas de animaci\u00f3n, est\u00e1 bueno poder ver de todo y eso nos hace mejores personas\u201d, dijo Rur.&nbsp;<\/p>\n<p><strong>Eliaschev: &#8220;\u00bfC\u00f3mo ven hoy la industria de la animaci\u00f3n en Argentina y qu\u00e9 desaf\u00edos tienen?&#8221;<\/strong><br \/><strong>P\u00e1ez:<\/strong> &#8220;Est\u00e1 pasando por un momento clave y junto con el desarrollo inform\u00e1tico fueron dos sectores que no pararon en pandemia. tanto en Argentina como en el resto del mundo. Pasa ahora que quienes trabajamos en animaci\u00f3n, nos cuesta conseguir profesionales porque hay mucha demanda. Hay que verlo como una industria cultural, una oportunidad, pensarlo no solo como proveedores de servicios sino tambi\u00e9n una v\u00eda para contar nuestras historias. Tenemos nuestros ejemplos de Zamba en PakaPaka o Belisario en el planetario de la ciudad de La Plata.&nbsp; Esta \u00faltima es la historia real de un rat\u00f3n que se envi\u00f3 al espacio en los sesenta y se la quiso contar como la de un superh\u00e9roe espacial, proyecto del cual particip\u00e9&#8221;.<\/p>\n<div class=\"jumbotron pt-4 mt-3\" readability=\"22\">\n<h3 class=\"module-title\">Espacios universitarios o terciarios donde estudiar animaci\u00f3n<\/h3>\n<p>Isabel Macias, docente del Instituto de Arte Cinematogr\u00e1fico de Avellaneda, <strong>mencion\u00f3 diferentes casas de estudios p\u00fablicas para formarse en animaci\u00f3n:<\/strong><br \/>-Instituto de Arte Cinematogr\u00e1fico de Avellaneda (IDAC)<br \/>-Universidad Nacional de San Mart\u00edn (UNSAM) con orientaci\u00f3n en efectos especiales y animaci\u00f3n 3D<br \/>-Universidad de la Matanza (UNLaM)<br \/>-Escuela Nacional de Experimentaci\u00f3n y Realizaci\u00f3n Cinematogr\u00e1fico (ENERC). Abri\u00f3 una carrera en 3 comisiones: en Mar del Plata, Comodoro Rivadavia y en Rosario.&nbsp;<\/p>\n<p>Aclar\u00f3 que solo estaba mencionando algunos y que por supuesto que hab\u00eda m\u00e1s a nivel nacional.<\/p>\n<p>&#8220;Tenemos educaci\u00f3n p\u00fablica y nosotros nos acostumbramos a nacer con ella, a que exista desde siempre. Pero tengo aspirantes que vienen desde Bolivia, Colombia, Chile porque no hay educaci\u00f3n p\u00fablica en sus pa\u00edses. Tenemos espacios p\u00fablicos y gratuitos y eso es un acto de soberan\u00eda&#8221;.&nbsp;<\/p>\n<\/p><\/div>\n<p>Por otro lado, Miguel Rur hizo referencia al <strong>Consejo de ni\u00f1os y ni\u00f1as en Pakapaka<\/strong>, que se inaugur\u00f3 el a\u00f1o pasado, en el que menores aportan ideas para generar contenidos en el canal estatal. Ni\u00f1os y ni\u00f1as se mostraron interesados en generar programas sobre la concientizaci\u00f3n del medio ambiente. Rur tambi\u00e9n hizo referencia a las diferentes coproducciones que se han realizado con pa\u00edses de la regi\u00f3n como Per\u00fa, Uruguay o Chile.<\/p>\n<p>Eliaschev, hacia el final de la charla, mencion\u00f3 a El Caballito Valiente, &#8220;que reci\u00e9n se pudo estrenar en democracia. Tiene una escena muy fuerte, cuando el caballito va a denunciar que desaparecieron los caballos del establo del rey y la madre aparec\u00eda con su pa\u00f1uelo blanco. En T\u00e9lam hicimos un trabajo importante, un cruce de dictadura y animaci\u00f3n y c\u00f3mo la dictadura us\u00f3 animaci\u00f3n para hacer su propaganda y c\u00f3mo prohibi\u00f3 obras como &#8216;era una vez el hombre'&#8221;.<br \/>&nbsp;<\/p>\n","protected":false},"excerpt":{"rendered":"<p>P\u00e1ez: &#8220;Los chicos consumen mucho contenido audiovisual y se forman mucho mirando animaci\u00f3n&#8221; (Captura Pantalla) &nbsp; En el espacio de la Agencia T\u00e9lam en la Feria, tres importantes referentes de la animaci\u00f3n, Isabel Mac\u00edas, Miguel Rur y Juan Francisco P\u00e1ez profundizaron sobre la situaci\u00f3n actual del sector, la pandemia y lo que se viene.&nbsp; &#8220;Luca, [&hellip;]<\/p>\n","protected":false},"author":1,"featured_media":58887,"comment_status":"closed","ping_status":"closed","sticky":false,"template":"","format":"standard","meta":[],"categories":[20],"tags":[],"_links":{"self":[{"href":"http:\/\/cordobadirecto.com\/index.php\/wp-json\/wp\/v2\/posts\/58886"}],"collection":[{"href":"http:\/\/cordobadirecto.com\/index.php\/wp-json\/wp\/v2\/posts"}],"about":[{"href":"http:\/\/cordobadirecto.com\/index.php\/wp-json\/wp\/v2\/types\/post"}],"author":[{"embeddable":true,"href":"http:\/\/cordobadirecto.com\/index.php\/wp-json\/wp\/v2\/users\/1"}],"replies":[{"embeddable":true,"href":"http:\/\/cordobadirecto.com\/index.php\/wp-json\/wp\/v2\/comments?post=58886"}],"version-history":[{"count":0,"href":"http:\/\/cordobadirecto.com\/index.php\/wp-json\/wp\/v2\/posts\/58886\/revisions"}],"wp:featuredmedia":[{"embeddable":true,"href":"http:\/\/cordobadirecto.com\/index.php\/wp-json\/wp\/v2\/media\/58887"}],"wp:attachment":[{"href":"http:\/\/cordobadirecto.com\/index.php\/wp-json\/wp\/v2\/media?parent=58886"}],"wp:term":[{"taxonomy":"category","embeddable":true,"href":"http:\/\/cordobadirecto.com\/index.php\/wp-json\/wp\/v2\/categories?post=58886"},{"taxonomy":"post_tag","embeddable":true,"href":"http:\/\/cordobadirecto.com\/index.php\/wp-json\/wp\/v2\/tags?post=58886"}],"curies":[{"name":"wp","href":"https:\/\/api.w.org\/{rel}","templated":true}]}}