{"id":58938,"date":"2022-05-14T15:23:00","date_gmt":"2022-05-14T15:23:00","guid":{"rendered":"http:\/\/cordobadirecto.com\/index.php\/2022\/05\/14\/la-anp-convoco-a-organismos-internacionales-a-investigar-la-muerte-de-la-periodista\/"},"modified":"2022-05-14T15:23:00","modified_gmt":"2022-05-14T15:23:00","slug":"la-anp-convoco-a-organismos-internacionales-a-investigar-la-muerte-de-la-periodista","status":"publish","type":"post","link":"http:\/\/cordobadirecto.com\/index.php\/2022\/05\/14\/la-anp-convoco-a-organismos-internacionales-a-investigar-la-muerte-de-la-periodista\/","title":{"rendered":"La ANP convoc\u00f3 a organismos internacionales a investigar la muerte de la periodista"},"content":{"rendered":"<figure class=\"mb-3\"><img loading=\"lazy\" src=\"http:\/\/cordobadirecto.com\/wp-content\/uploads\/2022\/05\/la-anp-convoco-a-organismos-internacionales-a-investigar-la-muerte-de-la-periodista.jpg\" width=\"100%\" height=\"100%\" alt=\"Foto AFP\"><figcaption> Foto: AFP. <\/figcaption><\/figure>\n<p>La Autoridad Nacional Palestina (ANP) convoc\u00f3 este s\u00e1bado a organismos internacionales a colaborar en la investigaci\u00f3n sobre la muerte esta semana de la periodista Shireen Abu Akleh cuando cubr\u00eda una incursi\u00f3n israel\u00ed en los territorios ocupados de Cisjordania, mientras que la Polic\u00eda de Israel anunci\u00f3 una pesquisa interna sobre la represi\u00f3n durante el funeral tras las cr\u00edticas de varios pa\u00edses.<\/p>\n<p>&#8220;Damos la bienvenida a la participaci\u00f3n de todos los organismos internacionales en la investigaci\u00f3n a trav\u00e9s de la comunicaci\u00f3n con la Fiscal\u00eda palestina especializada&#8221;, anunci\u00f3 el ministro de Asuntos Civiles, Hussein al Sheikh, en su cuenta de Twitter.<\/p>\n<p>La ANP se niega rotundamente a colaborar con Israel en la investigaci\u00f3n por desconfianza y declar\u00f3 que quiere remitir el caso a la Corte Penal Internacional (CPI).<\/p>\n<p>La periodista de 51 a\u00f1os, muy reconocida por su trabajo en la cadena de televisi\u00f3n Al Jazeera, recibi\u00f3 un disparo en la cabeza cuando cubr\u00eda una operaci\u00f3n pese a que portaba chaleco antibalas con el r\u00f3tulo &#8220;Prensa&#8221; y un casco.<\/p>\n<blockquote class><p>La periodista de 51&nbsp; recibi\u00f3 un disparo en la cabeza cuando cubr\u00eda una operaci\u00f3n pese a que portaba chaleco antibalas<\/p><\/blockquote>\n<p>Israel admite la posibilidad de que la comunicadora falleciera por un disparo efectuado por sus propios militares pero mantiene que es imposible sacar conclusiones dado que no puede examinar la bala, en poder de los servicios forenses palestinos.<\/p>\n<p>Para la fiscal\u00eda palestina, en cambio, &#8220;los resultados iniciales de la investigaci\u00f3n mostraron que el \u00fanico origen de los disparos contra Shireen fueron las fuerzas de ocupaci\u00f3n israel\u00edes&#8221;.<\/p>\n<p>&#8220;Lo ocurrido en el funeral (&#8230;) refuerza nuestra posici\u00f3n de rechazo a la participaci\u00f3n de Israel en la investigaci\u00f3n&#8221;, expres\u00f3 Al Sheikh.<\/p>\n<p>Durante el funeral, las fuerzas de Israel reprimieron a una multitud que acompa\u00f1aba el f\u00e9retro, que casi cae al suelo tras una carga de las fuerzas de seguridad contra los asistentes que lo llevaban en hombros.<\/p>\n<p>&#8220;Las im\u00e1genes de la intervenci\u00f3n Policial israel\u00ed en el cortejo f\u00fanebre nos perturbaron profundamente&#8221;, reaccion\u00f3 el secretario de Estado estadounidense Antony Blinken.<\/p>\n<p>La Uni\u00f3n Europea (UE) conden\u00f3 &#8220;el uso desproporcionado de la fuerza y el comportamiento irrespetuoso de la Polic\u00eda israel\u00ed hacia los participantes en el cortejo f\u00fanebre&#8221;.<\/p>\n<p>La representaci\u00f3n francesa en Jerusal\u00e9n dijo que la &#8220;violencia policial&#8221; era &#8220;profundamente chocante&#8221; y el secretario general de la ONU, Ant\u00f3nio Guterres, se mostr\u00f3 &#8220;profundamente perturbado&#8221;.<\/p>\n<p>&#8220;Las fuerzas de ocupaci\u00f3n no s\u00f3lo mataron a Shireen (&#8230;) sino que tambi\u00e9n aterrorizaron a quienes la acompa\u00f1aron a su \u00faltima morada&#8221;, denunci\u00f3 Qatar.<\/p>\n<p>Tras las cr\u00edticas internacionales, la Polic\u00eda israel\u00ed anunci\u00f3 este s\u00e1bado que va a investigar la actuaci\u00f3n de sus agentes durante el entierro.<\/p>\n<p>El viernes, la fuerza difundi\u00f3 im\u00e1genes en las que se ve a un polic\u00eda israel\u00ed con un meg\u00e1fono advirtiendo a la multitud reunida en el interior del hospital San Jos\u00e9 que si no paraban los c\u00e1nticos nacionalistas, ser\u00edan &#8220;dispersados usando la fuerza&#8221; e &#8220;impedir\u00edan&#8221; que se celebre el funeral.<\/p>\n<p>Seg\u00fan la Media Luna palestina, 33 personas resultaron heridas durante las exequias y la polic\u00eda israel\u00ed inform\u00f3 que hab\u00eda detenido a seis personas.<\/p>\n<blockquote class><p>El funeral tuvo lugar en un contexto de violencia continua tras semanas de incursiones del ej\u00e9rcito israel\u00ed en el campo de refugiados de Jenin<\/p><\/blockquote>\n<p>Tras la intervenci\u00f3n policial, la multitud sigui\u00f3 al f\u00e9retro hasta una iglesia de la Ciudad Vieja, donde se le dedic\u00f3 una misa antes de su traslado al cementerio.<\/p>\n<p>En una postura inusualmente un\u00e1nime, el Consejo de Seguridad de la ONU &#8220;conden\u00f3 en\u00e9rgicamente el asesinato&#8221; de la periodista y reclam\u00f3 &#8220;una investigaci\u00f3n inmediata, exhaustiva, transparente e imparcial&#8221; para &#8220;garantizar la rendici\u00f3n de cuentas&#8221;.<\/p>\n<p>El funeral tuvo lugar en un contexto de violencia continua tras semanas de incursiones del ej\u00e9rcito israel\u00ed en el campo de refugiados de Jenin, basti\u00f3n de las facciones armadas palestinas en el norte de Cisjordania, de donde proceden los autores de recientes atentados mortales en Israel.<\/p>\n<p>Fuentes m\u00e9dicas y familiares anunciaron este s\u00e1bado que un palestino que hab\u00eda resultado herido el 22 de abril en enfrentamientos con la polic\u00eda israel\u00ed en la Explanada de las Mezquitas, muri\u00f3 tras varias semanas internado en un hospital israel\u00ed.<\/p>\n<p>Seg\u00fan la agencia de prensa palestina Wafa, se trata de Walid Al-Sharif, de 23 a\u00f1os, natural del vecindario de Beit Hanina, en Jerusal\u00e9n este, parte palestina de la ciudad, que fue ocupada en 1967 y posteriormente anexionada por Israel.<\/p>\n<p>M\u00e1s de 300 personas resultaron heridas desde mediados de abril por la represi\u00f3n israel\u00ed en la zona sagrada de la explanada de las mezquitas, la inmensa mayor\u00eda de ellos palestinos. <\/p>\n","protected":false},"excerpt":{"rendered":"<p>Foto: AFP. La Autoridad Nacional Palestina (ANP) convoc\u00f3 este s\u00e1bado a organismos internacionales a colaborar en la investigaci\u00f3n sobre la muerte esta semana de la periodista Shireen Abu Akleh cuando cubr\u00eda una incursi\u00f3n israel\u00ed en los territorios ocupados de Cisjordania, mientras que la Polic\u00eda de Israel anunci\u00f3 una pesquisa interna sobre la represi\u00f3n durante el [&hellip;]<\/p>\n","protected":false},"author":1,"featured_media":58939,"comment_status":"closed","ping_status":"closed","sticky":false,"template":"","format":"standard","meta":[],"categories":[24],"tags":[],"_links":{"self":[{"href":"http:\/\/cordobadirecto.com\/index.php\/wp-json\/wp\/v2\/posts\/58938"}],"collection":[{"href":"http:\/\/cordobadirecto.com\/index.php\/wp-json\/wp\/v2\/posts"}],"about":[{"href":"http:\/\/cordobadirecto.com\/index.php\/wp-json\/wp\/v2\/types\/post"}],"author":[{"embeddable":true,"href":"http:\/\/cordobadirecto.com\/index.php\/wp-json\/wp\/v2\/users\/1"}],"replies":[{"embeddable":true,"href":"http:\/\/cordobadirecto.com\/index.php\/wp-json\/wp\/v2\/comments?post=58938"}],"version-history":[{"count":0,"href":"http:\/\/cordobadirecto.com\/index.php\/wp-json\/wp\/v2\/posts\/58938\/revisions"}],"wp:featuredmedia":[{"embeddable":true,"href":"http:\/\/cordobadirecto.com\/index.php\/wp-json\/wp\/v2\/media\/58939"}],"wp:attachment":[{"href":"http:\/\/cordobadirecto.com\/index.php\/wp-json\/wp\/v2\/media?parent=58938"}],"wp:term":[{"taxonomy":"category","embeddable":true,"href":"http:\/\/cordobadirecto.com\/index.php\/wp-json\/wp\/v2\/categories?post=58938"},{"taxonomy":"post_tag","embeddable":true,"href":"http:\/\/cordobadirecto.com\/index.php\/wp-json\/wp\/v2\/tags?post=58938"}],"curies":[{"name":"wp","href":"https:\/\/api.w.org\/{rel}","templated":true}]}}