{"id":58942,"date":"2022-05-14T12:17:05","date_gmt":"2022-05-14T12:17:05","guid":{"rendered":"http:\/\/cordobadirecto.com\/index.php\/2022\/05\/14\/la-provincia-adelanta-la-actualizacion-de-las-jubilaciones-hoy-dia-cordoba\/"},"modified":"2022-05-14T12:17:05","modified_gmt":"2022-05-14T12:17:05","slug":"la-provincia-adelanta-la-actualizacion-de-las-jubilaciones-hoy-dia-cordoba","status":"publish","type":"post","link":"http:\/\/cordobadirecto.com\/index.php\/2022\/05\/14\/la-provincia-adelanta-la-actualizacion-de-las-jubilaciones-hoy-dia-cordoba\/","title":{"rendered":"La Provincia adelanta la actualizaci\u00f3n de las jubilaciones &#8211; Hoy D\u00eda <b>C\u00f3rdoba<\/b>"},"content":{"rendered":"<p>En virtud de la crisis <b>econ\u00f3mica<\/b> y del aceleramiento del proceso &#8230; Avanza el proyecto para otorgar un <b>nuevo<\/b> IFE a trabajadores informales. <\/p>\n","protected":false},"excerpt":{"rendered":"<p>En virtud de la crisis econ\u00f3mica y del aceleramiento del proceso &#8230; Avanza el proyecto para otorgar un nuevo IFE a trabajadores informales.<\/p>\n","protected":false},"author":1,"featured_media":0,"comment_status":"closed","ping_status":"closed","sticky":false,"template":"","format":"standard","meta":[],"categories":[40],"tags":[],"_links":{"self":[{"href":"http:\/\/cordobadirecto.com\/index.php\/wp-json\/wp\/v2\/posts\/58942"}],"collection":[{"href":"http:\/\/cordobadirecto.com\/index.php\/wp-json\/wp\/v2\/posts"}],"about":[{"href":"http:\/\/cordobadirecto.com\/index.php\/wp-json\/wp\/v2\/types\/post"}],"author":[{"embeddable":true,"href":"http:\/\/cordobadirecto.com\/index.php\/wp-json\/wp\/v2\/users\/1"}],"replies":[{"embeddable":true,"href":"http:\/\/cordobadirecto.com\/index.php\/wp-json\/wp\/v2\/comments?post=58942"}],"version-history":[{"count":0,"href":"http:\/\/cordobadirecto.com\/index.php\/wp-json\/wp\/v2\/posts\/58942\/revisions"}],"wp:attachment":[{"href":"http:\/\/cordobadirecto.com\/index.php\/wp-json\/wp\/v2\/media?parent=58942"}],"wp:term":[{"taxonomy":"category","embeddable":true,"href":"http:\/\/cordobadirecto.com\/index.php\/wp-json\/wp\/v2\/categories?post=58942"},{"taxonomy":"post_tag","embeddable":true,"href":"http:\/\/cordobadirecto.com\/index.php\/wp-json\/wp\/v2\/tags?post=58942"}],"curies":[{"name":"wp","href":"https:\/\/api.w.org\/{rel}","templated":true}]}}