{"id":58943,"date":"2022-05-14T17:50:23","date_gmt":"2022-05-14T17:50:23","guid":{"rendered":"https:\/\/puntoapunto.com.ar\/?p=333107"},"modified":"2022-05-14T17:50:23","modified_gmt":"2022-05-14T17:50:23","slug":"que-dice-el-libro-blanco-que-la-uia-le-entrego-a-schiaretti","status":"publish","type":"post","link":"http:\/\/cordobadirecto.com\/index.php\/2022\/05\/14\/que-dice-el-libro-blanco-que-la-uia-le-entrego-a-schiaretti\/","title":{"rendered":"Qu\u00e9 dice el \u00b4Libro blanco\u00b4 que la UIA le entreg\u00f3 a Schiaretti"},"content":{"rendered":"<p>El gobernador Juan Schiaretti, recibi\u00f3 este viernes a miembros del Comit\u00e9 Ejecutivo de la Uni\u00f3n Industrial Argentina (UIA), encabezados por su titular, Daniel Funes de Rioja.<\/p>\n<p>La entidad empresaria est\u00e1 celebrando encuentros&nbsp;con autoridades de las distintas provincias&nbsp;para afianzar la necesidad de encarar una agenda federal productiva.<\/p>\n<p>Participaron de la reuni\u00f3n, el ministro de Industria, Comercio y Miner\u00eda, Eduardo Accastello y el secretario de esa cartera, Fernando Sibilla, mientras que por la UIA, adem\u00e1s de Funes de Rioja, estuvieron el secretario, Miguel \u00c1ngel Rodr\u00edguez; el vocal, Miguel Zonnaras y el director Ejecutivo, Diego Coatz. Formaron parte de la comitiva empresaria el presidente de la Uni\u00f3n Industrial de C\u00f3rdoba, Marcelo Uribarren, y el secretario, Leonardo&nbsp;Dest\u00e9fano.<\/p>\n<p>El prop\u00f3sito de estos encuentros es <strong>analizar la actividad industrial nacional&nbsp;y de las provincias, las proyecciones para este 2022, y establecer desaf\u00edos productivos para Argentina<\/strong> desde una perspectiva que potencie el desarrollo productivo federal, sustentable e inclusivo.<\/p>\n<p>Al t\u00e9rmino de la audiencia, Eduardo Accastello, se\u00f1al\u00f3 que la UIA present\u00f3 su libro blanco en el que explicita su programa para la definitiva recuperaci\u00f3n del sector.<\/p>\n<p><img loading=\"lazy\" class=\"alignnone wp-image-333109\" src=\"http:\/\/cordobadirecto.com\/wp-content\/uploads\/2022\/05\/que-dice-el-libro-blanco-que-la-uia-le-entrego-a-schiaretti.jpg\" alt width=\"596\" height=\"397\" srcset=\"http:\/\/cordobadirecto.com\/wp-content\/uploads\/2022\/05\/que-dice-el-libro-blanco-que-la-uia-le-entrego-a-schiaretti.jpg 300w, http:\/\/cordobadirecto.com\/wp-content\/uploads\/2022\/05\/que-dice-el-libro-blanco-que-la-uia-le-entrego-a-schiaretti-1.jpg 768w, http:\/\/cordobadirecto.com\/wp-content\/uploads\/2022\/05\/que-dice-el-libro-blanco-que-la-uia-le-entrego-a-schiaretti-2.jpg 750w, http:\/\/cordobadirecto.com\/wp-content\/uploads\/2022\/05\/que-dice-el-libro-blanco-que-la-uia-le-entrego-a-schiaretti-3.jpg 993w\" sizes=\"(max-width: 596px) 100vw, 596px\"><\/p>\n<p><em>\u201cHay un reconocimiento de que C\u00f3rdoba&nbsp;es una provincia industrialista, productivista, desarrollista y que tiene una visi\u00f3n&nbsp;de consenso, articulado fuertemente con la Uni\u00f3n Industrial de C\u00f3rdoba\u201c<\/em>, dijo el ministro de Industria.<\/p>\n<p>Por su parte del titular de la Uni\u00f3n Industrial, Daniel Funes de Rioja enfatiz\u00f3 las coincidencias que hubo con el gobernador y puntualiz\u00f3 que&nbsp;<em>\u201centablamos un di\u00e1logo muy fruct\u00edfero; y eso no nos llama la atenci\u00f3n porque hemos escuchado muchas veces el pensamiento de Schiaretti y sabemos de la vocaci\u00f3n industrialista que tiene \u00e9l personalmente, y la Provincia\u201c<\/em>.<\/p>\n<p>El dirigente empresario aludi\u00f3 tambi\u00e9n a la coyuntura, indic\u00f3 que&nbsp;<em>\u201cno ignoramos los problemas macroecon\u00f3micos que la Argentina tiene pero hablamos de como sortearlos y proyectarnos a un crecimiento sustentable\u201c.<\/em><\/p>\n<p>El denominado<strong> Libro Blanco que la UIA entreg\u00f3 al gobernador&nbsp;analiza el comienzo de la recuperaci\u00f3n tras la ca\u00edda del per\u00edodo&nbsp;2018-2019-2020&nbsp;y&nbsp;plantea como desaf\u00edo&nbsp;<em>\u201ctransformar la recuperaci\u00f3n en crecimiento\u201d.<\/em><\/strong><\/p>\n<p>La entidad que nuclea a los industriales considera que&nbsp;<em>\u201cpese a cierto aumento de la producci\u00f3n, los indicadores industriales presentan una brecha respecto de los m\u00e1ximos hist\u00f3ricos y tienen espacio a\u00fan para continuar desarrollando todo su potencial\u201d.<\/em><\/p>\n<p>A partir de los aportes de las c\u00e1maras que forman parte de la entidad,&nbsp;<strong>la UIA propone cuatro ejes prioritarios con&nbsp;otras tantas iniciativas parlamentarias&nbsp;para impulsar la inversi\u00f3n, el empleo, el entramado industrial y las exportaciones en el corto plazo.<\/strong><\/p>\n","protected":false},"excerpt":{"rendered":"<p>El gobernador Juan Schiaretti, recibi\u00f3 este viernes a miembros del Comit\u00e9 Ejecutivo de la Uni\u00f3n Industrial Argentina (UIA), encabezados por su titular, Daniel Funes de Rioja. La entidad empresaria est\u00e1 celebrando encuentros&nbsp;con autoridades de las distintas provincias&nbsp;para afianzar la necesidad de encarar una agenda federal productiva. Participaron de la reuni\u00f3n, el ministro de Industria, Comercio [&hellip;]<\/p>\n","protected":false},"author":1,"featured_media":58944,"comment_status":"closed","ping_status":"closed","sticky":false,"template":"","format":"standard","meta":[],"categories":[23,25],"tags":[],"_links":{"self":[{"href":"http:\/\/cordobadirecto.com\/index.php\/wp-json\/wp\/v2\/posts\/58943"}],"collection":[{"href":"http:\/\/cordobadirecto.com\/index.php\/wp-json\/wp\/v2\/posts"}],"about":[{"href":"http:\/\/cordobadirecto.com\/index.php\/wp-json\/wp\/v2\/types\/post"}],"author":[{"embeddable":true,"href":"http:\/\/cordobadirecto.com\/index.php\/wp-json\/wp\/v2\/users\/1"}],"replies":[{"embeddable":true,"href":"http:\/\/cordobadirecto.com\/index.php\/wp-json\/wp\/v2\/comments?post=58943"}],"version-history":[{"count":0,"href":"http:\/\/cordobadirecto.com\/index.php\/wp-json\/wp\/v2\/posts\/58943\/revisions"}],"wp:featuredmedia":[{"embeddable":true,"href":"http:\/\/cordobadirecto.com\/index.php\/wp-json\/wp\/v2\/media\/58944"}],"wp:attachment":[{"href":"http:\/\/cordobadirecto.com\/index.php\/wp-json\/wp\/v2\/media?parent=58943"}],"wp:term":[{"taxonomy":"category","embeddable":true,"href":"http:\/\/cordobadirecto.com\/index.php\/wp-json\/wp\/v2\/categories?post=58943"},{"taxonomy":"post_tag","embeddable":true,"href":"http:\/\/cordobadirecto.com\/index.php\/wp-json\/wp\/v2\/tags?post=58943"}],"curies":[{"name":"wp","href":"https:\/\/api.w.org\/{rel}","templated":true}]}}