{"id":59026,"date":"2022-05-15T02:02:10","date_gmt":"2022-05-15T02:02:10","guid":{"rendered":"http:\/\/cordobadirecto.com\/index.php\/2022\/05\/15\/boca-gano-en-los-penales-y-clasifico-a-la-gran-final\/"},"modified":"2022-05-15T02:02:10","modified_gmt":"2022-05-15T02:02:10","slug":"boca-gano-en-los-penales-y-clasifico-a-la-gran-final","status":"publish","type":"post","link":"http:\/\/cordobadirecto.com\/index.php\/2022\/05\/15\/boca-gano-en-los-penales-y-clasifico-a-la-gran-final\/","title":{"rendered":"Boca gan\u00f3 en los penales y clasific\u00f3 a la gran final"},"content":{"rendered":"<figure class=\"mb-3\"><img loading=\"lazy\" src=\"http:\/\/cordobadirecto.com\/wp-content\/uploads\/2022\/05\/boca-gano-en-los-penales-y-clasifico-a-la-gran-final.jpg\" width=\"100%\" height=\"100%\" alt=\"Foto Julin lvarez\"><figcaption> Foto: Juli\u00e1n \u00c1lvarez. <\/figcaption><\/figure>\n<p>Boca Juniors se convirti\u00f3 en el primer finalista de la Copa de la Liga Profesional de F\u00fatbol, al vencer a Racing por 6 a 5 en definici\u00f3n con tiros desde el punto del penal luego de empatar 0 a 0 en los 90 minutos en la cancha de Lan\u00fas.<\/p>\n<p>El rival del equipo de la Ribera en la final del torneo saldr\u00e1 ma\u00f1ana del choque entre Argentinos Juniors y Tigre.<\/p>\n<div class=\"video_repositive\"> <a class=\"video_sticky\" href=\"javascript:void();\" onclick=\"removeStuckVideo(true);\"><i class=\"far fa-window-close\"><\/i><\/a> <\/p>\n<div id=\"CPwH6yofY8s\" class=\"video_telam\" readability=\"6.5\">\n<div class=\"feature_article_inner\" readability=\"33\">\n<p><h2 class=\"text-center\">Racing y Boca, por la final<\/h2>\n<\/p><\/div>\n<p>VER VIDEO <i class=\"fas fa-play\"><\/i><\/p>\n<\/p><\/div><\/div>\n<p>Racing fue muy superior a Boca y tuvo varias oportunidades que sus jugadores no pudieron transformar en gol.<\/p>\n<p>En la definici\u00f3n por penales para Boca convirtieron Rojo, Izquierdoz, &#8220;Pol&#8221; Fern\u00e1ndez, Benedetto, Villa y Alan Varela; el arquero de Racing, &#8220;Chila&#8221; G\u00f3mez, ataj\u00f3 el tiro de Salvio.<\/p>\n<p>Para la &#8220;Academia&#8221; marcaron Piovi, Cardona, Chancalay, Alcaraz y Correa; Ins\u00faa la tir\u00f3 afuera y Rossi detuvo el remate de Copetti.<\/p>\n<figure class=\"mb-3\"><img loading=\"lazy\" src=\"http:\/\/cordobadirecto.com\/wp-content\/uploads\/2022\/05\/boca-gano-en-los-penales-y-clasifico-a-la-gran-final-1.jpg\" width=\"100%\" height=\"100%\" alt=\"Foto Julin lvarez\"><figcaption> Foto: Juli\u00e1n \u00c1lvarez. <\/figcaption><\/figure>\n<p>En la primera parte, Racing sali\u00f3 a jugar con todas las luces encendidas y encontr\u00f3 a un Boca &#8220;adormecido&#8221;.<\/p>\n<p>La presi\u00f3n de Racing era alta al punto tal que en los primeros minutos Copetti protagoniz\u00f3 &#8220;unos pasos de comedia&#8221; con Rossi, encim\u00e1ndolo cada vez que el arquero quer\u00eda salir con un saque largo, para que debiera permanecer dentro del \u00e1rea.<\/p>\n<p>La &#8220;Academia&#8221; mostr\u00f3 su gran momento y los de Sebasti\u00e1n Battaglia volvieron a encarnar a ese equipo insulso y sin ideas por el cual el t\u00e9cnico era cuestionado y observado por los dirigentes.<\/p>\n<figure class=\"mb-3\"><img loading=\"lazy\" src=\"http:\/\/cordobadirecto.com\/wp-content\/uploads\/2022\/05\/boca-gano-en-los-penales-y-clasifico-a-la-gran-final-2.jpg\" width=\"100%\" height=\"100%\" alt=\"Foto Julin lvarez\"><figcaption> Foto: Juli\u00e1n \u00c1lvarez. <\/figcaption><\/figure>\n<p>Los primeros 45 minutos fueron todos de Racing, con un Mat\u00edas Rojas que se paraba c\u00f3modo detr\u00e1s de &#8220;Pol&#8221; Fern\u00e1ndez y Varela. Hasta que sali\u00f3 por un golpe e ingres\u00f3 Correa, el volante paraguayo era, junto a Alcaraz, los conductores de una &#8220;orquesta&#8221; que s\u00f3lo desafinaba a la hora de definir en la red.<\/p>\n<p>Chancalay tuvo tres veces el gol: en una ocasi\u00f3n solo ante Rossi pate\u00f3 desviado, otra con un remate que peg\u00f3 en el palo derecho del arquero y otra que roz\u00f3 la red. Tambi\u00e9n lo tuvo dos veces Alcaraz sin marcas ante al arquero boquense.<\/p>\n<p>Su adversario no hac\u00eda pie atr\u00e1s, no ten\u00eda presencia en el medio y arriba Benedetto estaba perdido y Villa desentonado y apagado.<\/p>\n<figure class=\"mb-3\"><img loading=\"lazy\" src=\"http:\/\/cordobadirecto.com\/wp-content\/uploads\/2022\/05\/boca-gano-en-los-penales-y-clasifico-a-la-gran-final-3.jpg\" width=\"100%\" height=\"100%\" alt=\"Foto Julin lvarez\"><figcaption> Foto: Juli\u00e1n \u00c1lvarez. <\/figcaption><\/figure>\n<p>Por momentos el partido se volvi\u00f3 friccionado y peleado, con mucha \u201cactuaci\u00f3n\u201d de los futbolistas, y el primer tiempo concluy\u00f3 con cinco amonestados.<\/p>\n<p>En el segundo tiempo Correa se ubic\u00f3 bien de centrodelantero y Copetti fue sobre la lateral defendido por Fabra, mientras que en Boca \u201cPol\u201d Fern\u00e1ndez baj\u00f3 unos metros para que su equipo tuviera un buen arranque en el dominio de la pelota.<\/p>\n<p>Luego de un inicio con mayor compromiso de Boca, el equipo de Fernando Gago fue encausando el partido y eso se pudo ver a los 18m, cuando Piovi meti\u00f3 un centro notable hasta el borde del \u00e1rea chica y Alcaraz cabece\u00f3 muy mal, perdi\u00e9ndose el primero.<\/p>\n<figure class=\"mb-3\"><img loading=\"lazy\" src=\"http:\/\/cordobadirecto.com\/wp-content\/uploads\/2022\/05\/boca-gano-en-los-penales-y-clasifico-a-la-gran-final-4.jpg\" width=\"100%\" height=\"100%\" alt=\"Foto Julin lvarez\"><figcaption> Foto: Juli\u00e1n \u00c1lvarez. <\/figcaption><\/figure>\n<p>\u201cLolo\u201d Miranda se encarg\u00f3 de cumplir el rol de organizador de los movimientos de Racing ante la salida de Rojas. Y as\u00ed el segundo tiempo repiti\u00f3 el libreto del primero, con un Racing que fue un claro dominador y que gener\u00f3 las mejores ocasiones.<\/p>\n<p>Boca, aunque recuper\u00f3 cierto \u00e1nimo, sigui\u00f3 siendo inferior y se fue enamorando de la posibilidad de llegar a los penales.<\/p>\n<p>En esa instancia nuevamente Rossi fue figura al atajarle el penal a Copetti, uno de los mejores jugadores de Racing; y m\u00e1s tarde Ins\u00faa complet\u00f3 la desgracia acad\u00e9mica. Varela no fall\u00f3 y Boca celebr\u00f3 el paso a una nueva final en el f\u00fatbol argentino.<\/p>\n<figure class=\"mb-3\"><img loading=\"lazy\" src=\"http:\/\/cordobadirecto.com\/wp-content\/uploads\/2022\/05\/boca-gano-en-los-penales-y-clasifico-a-la-gran-final-5.jpg\" width=\"100%\" height=\"100%\" alt=\"Foto Julin lvarez\"><figcaption> Foto: Juli\u00e1n \u00c1lvarez. <\/figcaption><\/figure>\n<figure class=\"mb-3\"><img loading=\"lazy\" src=\"http:\/\/cordobadirecto.com\/wp-content\/uploads\/2022\/05\/boca-gano-en-los-penales-y-clasifico-a-la-gran-final-6.jpg\" width=\"100%\" height=\"100%\" alt=\"Foto Julin lvarez\"><figcaption> Foto: Juli\u00e1n \u00c1lvarez. <\/figcaption><\/figure>\n<div class=\"jumbotron pt-4 mt-3\" readability=\"42\">\n<h3 class=\"module-title\">Villa fue titular a pesar de la nueva denuncia por violencia de g\u00e9nero<\/h3>\n<p>El delantero de Boca Juniors Sebasti\u00e1n Villa, quien el viernes fue otra vez denunciado por violencia de g\u00e9nero y se le inici\u00f3 una nueva causa en la justicia, jug\u00f3 de titular en la victoria por penales de hoy ante Racing Club y fue el centro de las miradas de todos los que asistieron al encuentro en el estadio de Lan\u00fas.<\/p>\n<p>Su rendimiento no fue bueno pero s\u00ed acert\u00f3 con su remate en la definici\u00f3n por penales. En varios pasajes del encuentro la hinchada de Racing le dedic\u00f3 cantitos relacionados con la nueva denuncia en su contra por abuso sexual y tentativa de homicidio.<\/p>\n<p>Los silbidos y las reprobaciones de los simpatizantes acad\u00e9micos se iniciaron desde el momento en que el delantero colombiano sali\u00f3 a hacer los movimientos precompetitivos.<\/p>\n<p>Villa, de 25 a\u00f1os, trat\u00f3 de mantener el gesto serio y concentrado tambi\u00e9n ante las c\u00e1maras de TV.<\/p>\n<p>Ayer al mediod\u00eda, Villa fue denunciado en el Juzgado de Lomas de Zamora por abuso sexual y tentativa de homicidio.<\/p>\n<p>Tambi\u00e9n tiene un juicio oral pendiente en otra causa de violencia de g\u00e9nero contra su compatriota Daniela Cort\u00e9s de abril de 2020.<\/p>\n<p>A pesar del episodio, por el que Boca se puso &#8220;a disposici\u00f3n de la denunciante y de la Justicia&#8221;, el DT, Sebasti\u00e1n Battaglia, mantuvo a Villa en la concentraci\u00f3n y esta tarde lo incluy\u00f3 en el equipo titular para enfrentar a Racing por la Copa de la LPF.<\/p>\n<p>El delantero colombiano lleg\u00f3 al club de la Ribera en julio de 2018 y tiene contrato hasta el 30 de junio de 2024.<\/p>\n<\/p><\/div>\n","protected":false},"excerpt":{"rendered":"<p>Foto: Juli\u00e1n \u00c1lvarez. Boca Juniors se convirti\u00f3 en el primer finalista de la Copa de la Liga Profesional de F\u00fatbol, al vencer a Racing por 6 a 5 en definici\u00f3n con tiros desde el punto del penal luego de empatar 0 a 0 en los 90 minutos en la cancha de Lan\u00fas. El rival del [&hellip;]<\/p>\n","protected":false},"author":1,"featured_media":59027,"comment_status":"closed","ping_status":"closed","sticky":false,"template":"","format":"standard","meta":[],"categories":[21],"tags":[],"_links":{"self":[{"href":"http:\/\/cordobadirecto.com\/index.php\/wp-json\/wp\/v2\/posts\/59026"}],"collection":[{"href":"http:\/\/cordobadirecto.com\/index.php\/wp-json\/wp\/v2\/posts"}],"about":[{"href":"http:\/\/cordobadirecto.com\/index.php\/wp-json\/wp\/v2\/types\/post"}],"author":[{"embeddable":true,"href":"http:\/\/cordobadirecto.com\/index.php\/wp-json\/wp\/v2\/users\/1"}],"replies":[{"embeddable":true,"href":"http:\/\/cordobadirecto.com\/index.php\/wp-json\/wp\/v2\/comments?post=59026"}],"version-history":[{"count":0,"href":"http:\/\/cordobadirecto.com\/index.php\/wp-json\/wp\/v2\/posts\/59026\/revisions"}],"wp:featuredmedia":[{"embeddable":true,"href":"http:\/\/cordobadirecto.com\/index.php\/wp-json\/wp\/v2\/media\/59027"}],"wp:attachment":[{"href":"http:\/\/cordobadirecto.com\/index.php\/wp-json\/wp\/v2\/media?parent=59026"}],"wp:term":[{"taxonomy":"category","embeddable":true,"href":"http:\/\/cordobadirecto.com\/index.php\/wp-json\/wp\/v2\/categories?post=59026"},{"taxonomy":"post_tag","embeddable":true,"href":"http:\/\/cordobadirecto.com\/index.php\/wp-json\/wp\/v2\/tags?post=59026"}],"curies":[{"name":"wp","href":"https:\/\/api.w.org\/{rel}","templated":true}]}}