{"id":59063,"date":"2022-05-15T00:18:23","date_gmt":"2022-05-15T00:18:23","guid":{"rendered":"https:\/\/www.espinof.com\/humor\/eurovision-2022-mejores-memes-noche-que-casi-hubo-chanelazo-acabo-ganando-ucrania"},"modified":"2022-05-15T00:18:23","modified_gmt":"2022-05-15T00:18:23","slug":"eurovision-2022-los-mejores-memes-de-la-noche-que-casi-hubo-chanelazo-pero-acabo-ganando-ucrania","status":"publish","type":"post","link":"http:\/\/cordobadirecto.com\/index.php\/2022\/05\/15\/eurovision-2022-los-mejores-memes-de-la-noche-que-casi-hubo-chanelazo-pero-acabo-ganando-ucrania\/","title":{"rendered":"Eurovisi\u00f3n 2022: Los mejores memes de la noche que casi hubo Chanelazo pero acab\u00f3 ganando Ucrania"},"content":{"rendered":"<p>Solo los m\u00e1s ancianos del lugar recuerdan lo que es estar reunidos enfrente de la televisi\u00f3n <strong>aplaudiendo las puntuaciones del resto de pa\u00edses <\/strong>en <a href=\"https:\/\/www.espinof.com\/fecha-de-estreno\/eurovision-2022-fecha-estreno-paises-artistas-como-verlo-todo-que-sabemos-festival-europeo-cancion\">Eurovisi\u00f3n<\/a>. Desde 1995, m\u00e1s concretamente, cuando Anabel Conde qued\u00f3 segunda con &#8216;Vuelve conmigo&#8217;. En este 2022, <strong>Chanel Terrero<\/strong> se qued\u00f3 a las puertas en una tercera posici\u00f3n que sabe a primer puesto. Pero claro, la actualidad gana y Europa le dio la victoria a Ucrania. En todo caso, la noche en Twitter ha sido as\u00ed.<\/p>\n<p><!-- BREAK 1 --><\/p>\n<blockquote class=\"twitter-tweet\" readability=\"2.8695652173913\">\n<p lang=\"en\" dir=\"ltr\"><a href=\"https:\/\/twitter.com\/hashtag\/Eurovision?src=hash&amp;ref_src=twsrc%5Etfw\">#Eurovision<\/a>&nbsp;&nbsp;&nbsp; :<br \/>Europe Europe in<br \/>normally Eurovision <a href=\"https:\/\/t.co\/MJli0uwRIC\">pic.twitter.com\/MJli0uwRIC<\/a><\/p>\n<p>\u2014 Can (@CanCansson) <a href=\"https:\/\/twitter.com\/CanCansson\/status\/1524852384052264969?ref_src=twsrc%5Etfw\">May 12, 2022<\/a><\/p><\/blockquote>\n<blockquote class=\"twitter-tweet\" readability=\"2.0833333333333\">\n<p lang=\"und\" dir=\"ltr\"><a href=\"https:\/\/twitter.com\/hashtag\/Eurovision?src=hash&amp;ref_src=twsrc%5Etfw\">#Eurovision<\/a> <a href=\"https:\/\/t.co\/Nintu7gESb\">pic.twitter.com\/Nintu7gESb<\/a><\/p>\n<p>\u2014 Caf\u00e9 de Tinta (@Cafedetinta) <a href=\"https:\/\/twitter.com\/Cafedetinta\/status\/1525585009243037696?ref_src=twsrc%5Etfw\">May 14, 2022<\/a><\/p><\/blockquote>\n<div class=\"article-asset article-asset-normal article-asset-center\">\n<div class=\"desvio-container\">\n<div class=\"desvio\">\n<div class=\"desvio-figure js-desvio-figure\"> <a href=\"https:\/\/www.espinof.com\/humor\/eurovision-2022-mejores-memes-segunda-semifinal-donde-destaco-rumania-llamando-a-su-bebebe-chanelazo\"> <img alt=\"Eurovisi\u00f3n 2022: los mejores memes de la segunda semifinal donde destac\u00f3 Ruman\u00eda llamando a su &quot;beb\u00e9b\u00e9&quot; y el Chanelazo\" src=\"http:\/\/cordobadirecto.com\/wp-content\/uploads\/2022\/05\/eurovision-2022-los-mejores-memes-de-la-noche-que-casi-hubo-chanelazo-pero-acabo-ganando-ucrania.jpg\"> <\/a> <\/div><\/div><\/div>\n<\/div>\n<h2><\/h2>\n<h2>Las baladitas<\/h2>\n<p>Si has visto Eurovisi\u00f3n en directo, es posible que <strong>no quieras volver a escuchar una balada <\/strong>en toda tu vida. Y es que ha habido un momento en el que se encadenaba una tras otra, indistinguibles, terror\u00edficas. Y por supuesto, en Twitter <strong>ha sentado regular<\/strong>.<\/p>\n<p><!-- BREAK 2 --> <\/p>\n<blockquote class=\"twitter-tweet\" readability=\"2.5217391304348\">\n<p lang=\"es\" dir=\"ltr\">POLONIA AJSJAKDKAKDKAKS <a href=\"https:\/\/twitter.com\/hashtag\/Eurovision?src=hash&amp;ref_src=twsrc%5Etfw\">#Eurovision<\/a> <a href=\"https:\/\/twitter.com\/hashtag\/ESC2022?src=hash&amp;ref_src=twsrc%5Etfw\">#ESC2022<\/a> <a href=\"https:\/\/t.co\/q0GwysqnN1\">pic.twitter.com\/q0GwysqnN1<\/a><\/p>\n<p>\u2014 Nou \u2740*\u0325\u02da (@nouledgecos) <a href=\"https:\/\/twitter.com\/nouledgecos\/status\/1525583085185683461?ref_src=twsrc%5Etfw\">May 14, 2022<\/a><\/p><\/blockquote>\n<blockquote class=\"twitter-tweet\" readability=\"2.9411764705882\">\n<p lang=\"en\" dir=\"ltr\">the whole of europe when a ballad starts <a href=\"https:\/\/twitter.com\/hashtag\/Eurovision?src=hash&amp;ref_src=twsrc%5Etfw\">#Eurovision<\/a> <a href=\"https:\/\/t.co\/BiIXBaIAnS\">pic.twitter.com\/BiIXBaIAnS<\/a><\/p>\n<p>\u2014 george (@youmustescape) <a href=\"https:\/\/twitter.com\/youmustescape\/status\/1525558546905038849?ref_src=twsrc%5Etfw\">May 14, 2022<\/a><\/p><\/blockquote>\n<blockquote class=\"twitter-tweet\" readability=\"4.7581699346405\">\n<p lang=\"es\" dir=\"ltr\"><a href=\"https:\/\/twitter.com\/hashtag\/Eurovision?src=hash&amp;ref_src=twsrc%5Etfw\">#Eurovision<\/a> <br \/>-Idiotas, les dije que para Eurovisi\u00f3n queria una buena VELADA! NO BALADA! <a href=\"https:\/\/t.co\/gZPnK7J8Sc\">pic.twitter.com\/gZPnK7J8Sc<\/a><\/p>\n<p>\u2014 MadaraVGC (@MadaraVGC) <a href=\"https:\/\/twitter.com\/MadaraVGC\/status\/1525575709363773442?ref_src=twsrc%5Etfw\">May 14, 2022<\/a><\/p><\/blockquote>\n<blockquote class=\"twitter-tweet\" readability=\"2.9583333333333\">\n<p lang=\"es\" dir=\"ltr\">Yo cuando empiezan a cantar OTRA balada <a href=\"https:\/\/twitter.com\/hashtag\/Eurovision?src=hash&amp;ref_src=twsrc%5Etfw\">#Eurovision<\/a> <a href=\"https:\/\/t.co\/U27pjUabEs\">pic.twitter.com\/U27pjUabEs<\/a><\/p>\n<p>\u2014 \u2b50 || \ud83c\udfae (@bIuebadger) <a href=\"https:\/\/twitter.com\/bIuebadger\/status\/1525560718501748736?ref_src=twsrc%5Etfw\">May 14, 2022<\/a><\/p><\/blockquote>\n<blockquote class=\"twitter-tweet\" readability=\"3.6441717791411\">\n<p lang=\"es\" dir=\"ltr\">Tanta balada con Espa\u00f1a en medio est\u00e1 siendo tal que as\u00ed <a href=\"https:\/\/twitter.com\/hashtag\/eurovision?src=hash&amp;ref_src=twsrc%5Etfw\">#eurovision<\/a> <a href=\"https:\/\/twitter.com\/hashtag\/eurovisionRTVE?src=hash&amp;ref_src=twsrc%5Etfw\">#eurovisionRTVE<\/a> <a href=\"https:\/\/t.co\/9UVePNUlsJ\">pic.twitter.com\/9UVePNUlsJ<\/a><\/p>\n<p>\u2014 Eurofans Spain (@Eurovision_ESP) <a href=\"https:\/\/twitter.com\/Eurovision_ESP\/status\/1525573166457815040?ref_src=twsrc%5Etfw\">May 14, 2022<\/a><\/p><\/blockquote>\n<p>Por suerte, entre balada y balada, adem\u00e1s de Chanel, hemos tenido actuaciones como la de <strong>Moldavia<\/strong>, los Zapato Veloz de Eurovisi\u00f3n, el punto mamarracho que toda competici\u00f3n seria necesita. A ponernos rom\u00e1nticos a Tinder, <strong>a bailar much\u00edsimo a Eurovisi\u00f3n<\/strong>.<\/p>\n<p><!-- BREAK 3 --><\/p>\n<blockquote class=\"twitter-tweet\" readability=\"2.7927927927928\">\n<p lang=\"es\" dir=\"ltr\">Espero que todos lo hayamos pensado. <a href=\"https:\/\/twitter.com\/hashtag\/Eurovision?src=hash&amp;ref_src=twsrc%5Etfw\">#Eurovision<\/a> <a href=\"https:\/\/t.co\/2SGuL0hh2U\">pic.twitter.com\/2SGuL0hh2U<\/a><\/p>\n<p>\u2014 Juanca (@CuanjaATM) <a href=\"https:\/\/twitter.com\/CuanjaATM\/status\/1525578244321329153?ref_src=twsrc%5Etfw\">May 14, 2022<\/a><\/p><\/blockquote>\n<blockquote class=\"twitter-tweet\" readability=\"4.3389830508475\">\n<p lang=\"es\" dir=\"ltr\">la canci\u00f3n de moldavia ha sido literalmente esto despu\u00e9s de tanta balada <a href=\"https:\/\/twitter.com\/hashtag\/Eurovision?src=hash&amp;ref_src=twsrc%5Etfw\">#Eurovision<\/a> <a href=\"https:\/\/t.co\/XKmhmoythj\">pic.twitter.com\/XKmhmoythj<\/a><\/p>\n<p>\u2014 \ud835\udd95\ud835\udd86\ud835\udd9c\ud835\udd91\ud835\udd86 \ud83d\udcae\ud83e\udd6d (@yoongsackerman) <a href=\"https:\/\/twitter.com\/yoongsackerman\/status\/1525577693961539584?ref_src=twsrc%5Etfw\">May 14, 2022<\/a><\/p><\/blockquote>\n<blockquote class=\"twitter-tweet\" readability=\"2.9918032786885\">\n<p lang=\"es\" dir=\"ltr\">Yo viendo la actuaci\u00f3n de Moldavia <a href=\"https:\/\/twitter.com\/hashtag\/Eurovision?src=hash&amp;ref_src=twsrc%5Etfw\">#Eurovision<\/a> <a href=\"https:\/\/t.co\/Jt9HA44J4Y\">pic.twitter.com\/Jt9HA44J4Y<\/a><\/p>\n<p>\u2014 El\u00edas \ud83c\udfce\ufe0f\ud83c\udfc1 (@Elias_14A) <a href=\"https:\/\/twitter.com\/Elias_14A\/status\/1525577184383049735?ref_src=twsrc%5Etfw\">May 14, 2022<\/a><\/p><\/blockquote>\n<blockquote class=\"twitter-tweet\" readability=\"5.1851851851852\">\n<p lang=\"es\" dir=\"ltr\"><a href=\"https:\/\/twitter.com\/hashtag\/Eurovision?src=hash&amp;ref_src=twsrc%5Etfw\">#Eurovision<\/a> <br \/>Nadie: &#8220;No se puede fusionar a Los Ramones con La Orquesta Mondrag\u00f3n&#8221;.<\/p>\n<p>Moldavia: &#8220;Suj\u00e9tame el cubata&#8221;. <a href=\"https:\/\/t.co\/oKdBeXEuI4\">pic.twitter.com\/oKdBeXEuI4<\/a><\/p>\n<p>\u2014 Quevedo 2.0 (@QuebeboVillegas) <a href=\"https:\/\/twitter.com\/QuebeboVillegas\/status\/1525579021827940353?ref_src=twsrc%5Etfw\">May 14, 2022<\/a><\/p><\/blockquote>\n<h2>El Chanelazo y el Beb\u00e9b\u00e9<\/h2>\n<p>Espa\u00f1a tuvo <strong>doble representaci\u00f3n <\/strong>en la gala, por mucho que despu\u00e9s Ruman\u00eda nos diera solo un punto, d\u00e1ndonos un proverbial cuchillazo en la espalda. Al menos tuvimos unas horas de hermanamiento, de querer mucho al <strong>beb\u00e9b\u00e9 ll\u00e1mame<\/strong>. Y en Twitter se aprovecharon.<\/p>\n<p><!-- BREAK 4 --><\/p>\n<blockquote class=\"twitter-tweet\" readability=\"2.9752066115702\">\n<p lang=\"es\" dir=\"ltr\">Todo Twitter Espa\u00f1a mirando a Ruman\u00eda. <a href=\"https:\/\/twitter.com\/hashtag\/Eurovision?src=hash&amp;ref_src=twsrc%5Etfw\">#Eurovision<\/a> <a href=\"https:\/\/t.co\/wJEaZSMCHE\">pic.twitter.com\/wJEaZSMCHE<\/a><\/p>\n<p>\u2014 Randy Meeks (@randymeeks) <a href=\"https:\/\/twitter.com\/randymeeks\/status\/1525557293630341120?ref_src=twsrc%5Etfw\">May 14, 2022<\/a><\/p><\/blockquote>\n<blockquote class=\"twitter-tweet\" readability=\"3.6986301369863\">\n<p lang=\"es\" dir=\"ltr\">Mika: And here we have Spain <br \/>El de Roman\u00eda: yo soy lo que t\u00fa quieras <a href=\"https:\/\/t.co\/L1bW28ehyY\">pic.twitter.com\/L1bW28ehyY<\/a><\/p>\n<p>\u2014 Rafa de la Rosa (@RafadelaRosa_) <a href=\"https:\/\/twitter.com\/RafadelaRosa_\/status\/1525582489380700160?ref_src=twsrc%5Etfw\">May 14, 2022<\/a><\/p><\/blockquote>\n<blockquote class=\"twitter-tweet\" readability=\"3.7792207792208\">\n<p lang=\"es\" dir=\"ltr\">Que las cuentas secundarias de Xokas han llegado a Ruman\u00eda!!! <a href=\"https:\/\/twitter.com\/hashtag\/Eurovision?src=hash&amp;ref_src=twsrc%5Etfw\">#Eurovision<\/a> <a href=\"https:\/\/twitter.com\/hashtag\/ESC2022?src=hash&amp;ref_src=twsrc%5Etfw\">#ESC2022<\/a> <a href=\"https:\/\/t.co\/Ek8DdxF7m6\">pic.twitter.com\/Ek8DdxF7m6<\/a><\/p>\n<p>\u2014 Nou \u2740*\u0325\u02da (@nouledgecos) <a href=\"https:\/\/twitter.com\/nouledgecos\/status\/1525557141918162944?ref_src=twsrc%5Etfw\">May 14, 2022<\/a><\/p><\/blockquote>\n<blockquote class=\"twitter-tweet\" readability=\"2.5\">\n<p lang=\"es\" dir=\"ltr\">El de Ruman\u00eda.<br \/><a href=\"https:\/\/twitter.com\/hashtag\/Eurovision?src=hash&amp;ref_src=twsrc%5Etfw\">#Eurovision<\/a> <a href=\"https:\/\/t.co\/1PSCxQBFNC\">pic.twitter.com\/1PSCxQBFNC<\/a><\/p>\n<p>\u2014 Olal\u00e1 de fua (@olaladefua) <a href=\"https:\/\/twitter.com\/olaladefua\/status\/1525556877999874049?ref_src=twsrc%5Etfw\">May 14, 2022<\/a><\/p><\/blockquote>\n<p>El momento grande, pues claro, <strong>Chanel y &#8216;SloMo&#8217;<\/strong>, que pese a todo lo que pas\u00f3 despu\u00e9s del <a href=\"https:\/\/www.espinof.com\/entretenimiento\/al-final-que-hay-fronteras-dan-miedo-nuestras-tetas-como-victoria-chanel-benidorm-fest-ha-puesto-a-media-espana-pie-guerra\">Benidorm Fest<\/a> ha sabido defender la canci\u00f3n y luchar por ella. Sin errores, con un ritmo de los que hacen moverse en las pistas de baile y que, bueno, es innegable que <strong>ha triunfado en Europa<\/strong>. Los &#8220;Y si Rigoberta Bandini&#8221; o los &#8220;Y si Tanxugueiras&#8221; han quedado convertidos en polvo.<\/p>\n<p><!-- BREAK 5 --><\/p>\n<blockquote class=\"twitter-tweet\" readability=\"4.85625\">\n<p lang=\"es\" dir=\"ltr\">No me sent\u00eda tan espa\u00f1ola desde el<br \/>mundial del 20I0 <a href=\"https:\/\/twitter.com\/hashtag\/eurovision?src=hash&amp;ref_src=twsrc%5Etfw\">#eurovision<\/a> <\/p>\n<p><a href=\"https:\/\/t.co\/W0e7zzO11U\">pic.twitter.com\/W0e7zzO11U<\/a><\/p>\n<p>\u2014 \ua731\u1d00\u0280\u1d00 \u1d1c\u1d1b\u0280\u026a\u029f\u029f\u1d00\u2077\ud83d\udcab (@sarautrillaa) <a href=\"https:\/\/twitter.com\/sarautrillaa\/status\/1525614270842654725?ref_src=twsrc%5Etfw\">May 14, 2022<\/a><\/p><\/blockquote>\n<blockquote class=\"twitter-tweet\" readability=\"10.124567474048\">\n<p lang=\"es\" dir=\"ltr\">Si Chanel queda fuera del top 10 le propongo a Pedro S\u00e1nchez que cierre las fronteras este verano, si no te gusta Espa\u00f1a para darnos puntos, tampoco te gusta para venir a hacer balconing, a ponerte rojo a las costas inglesas, un besi. <a href=\"https:\/\/twitter.com\/hashtag\/Eurovision?src=hash&amp;ref_src=twsrc%5Etfw\">#Eurovision<\/a><\/p>\n<p>\u2014 Anuncio (@adrimiercoles) <a href=\"https:\/\/twitter.com\/adrimiercoles\/status\/1525397940705153024?ref_src=twsrc%5Etfw\">May 14, 2022<\/a><\/p><\/blockquote>\n<blockquote class=\"twitter-tweet\" readability=\"3.1716417910448\">\n<p lang=\"es\" dir=\"ltr\">Los c\u00e1maras durante la actuaci\u00f3n de Espa\u00f1a <a href=\"https:\/\/twitter.com\/hashtag\/Eurovision?src=hash&amp;ref_src=twsrc%5Etfw\">#Eurovision<\/a> <a href=\"https:\/\/t.co\/vK2XGYokPq\">pic.twitter.com\/vK2XGYokPq<\/a><\/p>\n<p>\u2014 Maril\u00f3 Delgado \ud83c\udf3b (@emedeme91) <a href=\"https:\/\/twitter.com\/emedeme91\/status\/1525567683281960961?ref_src=twsrc%5Etfw\">May 14, 2022<\/a><\/p><\/blockquote>\n<blockquote class=\"twitter-tweet\" readability=\"3.0859375\">\n<p lang=\"es\" dir=\"ltr\">VAMOS CHANEL. Es lomo. <a href=\"https:\/\/twitter.com\/hashtag\/Eurovision?src=hash&amp;ref_src=twsrc%5Etfw\">#Eurovision<\/a> <a href=\"https:\/\/t.co\/2X5JUz8ZU0\">pic.twitter.com\/2X5JUz8ZU0<\/a><\/p>\n<p>\u2014 Carolina Iglesias\ud83c\udff3\ufe0f\u200d\ud83c\udf08 (@percebesygrelos) <a href=\"https:\/\/twitter.com\/percebesygrelos\/status\/1525552290047963137?ref_src=twsrc%5Etfw\">May 14, 2022<\/a><\/p><\/blockquote>\n<blockquote class=\"twitter-tweet\" readability=\"8.0859375\">\n<p lang=\"es\" dir=\"ltr\">Yo: *temiendo por si Chanel fallaba alguna nota de la \u00faltima escala*<\/p>\n<p>Chanel despu\u00e9s de hacer 18 pases de baile, cantar en el aire, hacer el pino y hacer unas alb\u00f3ndigas:<a href=\"https:\/\/twitter.com\/hashtag\/Eurovision?src=hash&amp;ref_src=twsrc%5Etfw\">#Eurovision<\/a> <a href=\"https:\/\/t.co\/hz6IIiFXEc\">pic.twitter.com\/hz6IIiFXEc<\/a><\/p>\n<p>\u2014 Diana Espinar (@dianaespinarn) <a href=\"https:\/\/twitter.com\/dianaespinarn\/status\/1525571677521956864?ref_src=twsrc%5Etfw\">May 14, 2022<\/a><\/p><\/blockquote>\n<blockquote class=\"twitter-tweet\" readability=\"5.6309963099631\">\n<p lang=\"es\" dir=\"ltr\">Todos los concursantes:<br \/>-Esta canci\u00f3n es para mi abuela fallecida<br \/>-Esta canci\u00f3n va sobre la guerra<br \/>-Esta canci\u00f3n va sobre los derechos humanos<br \/>-Chanel\ud83c\uddea\ud83c\uddf8: my booty wachusloumoooo\ud83d\udd25\ud83d\udd25<a href=\"https:\/\/twitter.com\/hashtag\/Eurovision?src=hash&amp;ref_src=twsrc%5Etfw\">#Eurovision<\/a> <a href=\"https:\/\/twitter.com\/hashtag\/Chanelazo?src=hash&amp;ref_src=twsrc%5Etfw\">#Chanelazo<\/a> <a href=\"https:\/\/twitter.com\/hashtag\/SloMo?src=hash&amp;ref_src=twsrc%5Etfw\">#SloMo<\/a> <a href=\"https:\/\/twitter.com\/hashtag\/Spain12points?src=hash&amp;ref_src=twsrc%5Etfw\">#Spain12points<\/a><\/p>\n<p>\u2014 ann (@microbaeology) <a href=\"https:\/\/twitter.com\/microbaeology\/status\/1525568560566771718?ref_src=twsrc%5Etfw\">May 14, 2022<\/a><\/p><\/blockquote>\n<h2><\/h2>\n<h2>Entre l\u00e1mparas y el Capit\u00e1n Pescanova<\/h2>\n<p>Pero Eurovisi\u00f3n ha dado mucho m\u00e1s de s\u00ed, y <strong>ning\u00fan pa\u00eds se ha librado <\/strong>del ojo cr\u00edtico del tuitero medio. Ha habido le\u00f1a para todo el mundo, pero destacan los <strong>The Rasmus <\/strong>con su referencia a <a href=\"https:\/\/www.espinof.com\/criticas\/it-capitulo-2-espectaculo-que-reincide-mismos-pecados-virtudes-su-predecesora\">&#8216;It&#8217;<\/a> (o a Pescanova), los ucranianos con l\u00e1mparas en la cabeza y los papeles perdidos de Albania.<\/p>\n<p><!-- BREAK 6 --><\/p>\n<blockquote class=\"twitter-tweet\" readability=\"2.6442307692308\">\n<p lang=\"en\" dir=\"ltr\">Australia when it&#8217;s <a href=\"https:\/\/twitter.com\/hashtag\/Eurovision?src=hash&amp;ref_src=twsrc%5Etfw\">#Eurovision<\/a> evening <a href=\"https:\/\/t.co\/rAUvkwstUj\">pic.twitter.com\/rAUvkwstUj<\/a><\/p>\n<p>\u2014 Jono Read (@jonoread) <a href=\"https:\/\/twitter.com\/jonoread\/status\/1525554576065187841?ref_src=twsrc%5Etfw\">May 14, 2022<\/a><\/p><\/blockquote>\n<blockquote class=\"twitter-tweet\" readability=\"3.9148936170213\">\n<p lang=\"es\" dir=\"ltr\">Greta Thunberg al ver todo el papel que ha gastao la de Armenia. <a href=\"https:\/\/twitter.com\/hashtag\/Eurovision?src=hash&amp;ref_src=twsrc%5Etfw\">#Eurovision<\/a> <a href=\"https:\/\/t.co\/hFFBDQ8zBG\">pic.twitter.com\/hFFBDQ8zBG<\/a><\/p>\n<p>\u2014 MALBERT (@ItsMalbert) <a href=\"https:\/\/twitter.com\/ItsMalbert\/status\/1525564072346980355?ref_src=twsrc%5Etfw\">May 14, 2022<\/a><\/p><\/blockquote>\n<blockquote class=\"twitter-tweet\" readability=\"2.7927927927928\">\n<p lang=\"es\" dir=\"ltr\">la m\u00e1quina de lavar el coche: <a href=\"https:\/\/twitter.com\/hashtag\/Eurovision?src=hash&amp;ref_src=twsrc%5Etfw\">#Eurovision<\/a> <a href=\"https:\/\/t.co\/yq1WLNy581\">pic.twitter.com\/yq1WLNy581<\/a><\/p>\n<p>\u2014 Sergio (@elsergiocarmona) <a href=\"https:\/\/twitter.com\/elsergiocarmona\/status\/1525569493161975809?ref_src=twsrc%5Etfw\">May 14, 2022<\/a><\/p><\/blockquote>\n<blockquote class=\"twitter-tweet\" readability=\"3.4294871794872\">\n<p lang=\"es\" dir=\"ltr\">Anda que no se lo ten\u00eda callado mi l\u00e1mpara <a href=\"https:\/\/twitter.com\/hashtag\/Eurovision?src=hash&amp;ref_src=twsrc%5Etfw\">#Eurovision<\/a> <a href=\"https:\/\/t.co\/JSMbpiGwCA\">pic.twitter.com\/JSMbpiGwCA<\/a><\/p>\n<p>\u2014 Sharkness \ud83e\udd88 Working in @GameLastChance (@SharknessVS) <a href=\"https:\/\/twitter.com\/SharknessVS\/status\/1525580159243493382?ref_src=twsrc%5Etfw\">May 14, 2022<\/a><\/p><\/blockquote>\n<blockquote class=\"twitter-tweet\" data-conversation=\"none\" readability=\"3.1730769230769\">\n<p lang=\"en\" dir=\"ltr\">La de Thor LOVE and tinder <a href=\"https:\/\/t.co\/rnWPxWJ1lR\">pic.twitter.com\/rnWPxWJ1lR<\/a><\/p>\n<p>\u2014 La Telara\u00f1a de Parker (@Icticola) <a href=\"https:\/\/twitter.com\/Icticola\/status\/1525596706427097088?ref_src=twsrc%5Etfw\">May 14, 2022<\/a><\/p><\/blockquote>\n<blockquote class=\"twitter-tweet\" readability=\"3.2986111111111\">\n<p lang=\"es\" dir=\"ltr\">Hola ni\u00f1o quieres un palito de merluza<a href=\"https:\/\/twitter.com\/hashtag\/Eurovision?src=hash&amp;ref_src=twsrc%5Etfw\">#Eurovision<\/a> <a href=\"https:\/\/t.co\/6qXCsHUq5a\">pic.twitter.com\/6qXCsHUq5a<\/a><\/p>\n<p>\u2014 \u200eLuc\u00eda\u2077 \u1d3e\u02b3\u1d52\u1d52\u1da0 \ud83d\udc3b\ud83e\udd57 (@lucykosmos) <a href=\"https:\/\/twitter.com\/lucykosmos\/status\/1525559692176592897?ref_src=twsrc%5Etfw\">May 14, 2022<\/a><\/p><\/blockquote>\n<h2>Los presentadores y la votaci\u00f3n<\/h2>\n<p><strong>Laura Pausini <\/strong>demostr\u00f3 en solo un minuto que sigue teniendo un torrente de voz capaz de dejar en rid\u00edculo al resto de concursantes al ritmo de &#8216;Volar\u00e9&#8217;, pero los tuiteros estuvieron <strong>m\u00e1s pendientes de su vestido<\/strong>: \u00bfEs acaso un personaje de <a href=\"https:\/\/www.espinof.com\/criticas\/bruja-escarlata-vision-impresionante-final-para-serie-disney-plus-que-planta-semillas-para-futuro-marvel\">&#8216;Wandavision&#8217;<\/a>? \u00bfMefisto confirmado?<\/p>\n<p><!-- BREAK 7 --><\/p>\n<blockquote class=\"twitter-tweet\" readability=\"3.5496183206107\">\n<p lang=\"es\" dir=\"ltr\">Cuando se te acaba el cartucho amarillo de la impresora <a href=\"https:\/\/t.co\/E5I0fUsFnC\">pic.twitter.com\/E5I0fUsFnC<\/a><\/p>\n<p>\u2014 Octavio Medina (@octavio_medina) <a href=\"https:\/\/twitter.com\/octavio_medina\/status\/1525586119659864065?ref_src=twsrc%5Etfw\">May 14, 2022<\/a><\/p><\/blockquote>\n<blockquote class=\"twitter-tweet\" readability=\"3.3478260869565\">\n<p lang=\"en\" dir=\"ltr\">It was Agatha all along <a href=\"https:\/\/t.co\/C8Hwq2mmkU\">pic.twitter.com\/C8Hwq2mmkU<\/a><\/p>\n<p>\u2014 Rub\u00e9n &#8216;chiste de padre muerto&#8217; Solas (@menhdel) <a href=\"https:\/\/twitter.com\/menhdel\/status\/1525565520464039936?ref_src=twsrc%5Etfw\">May 14, 2022<\/a><\/p><\/blockquote>\n<p>Y, por fin, el momento de las votaciones, lo m\u00e1s parecido a <strong>un mundial de f\u00fatbol <\/strong>que va a vivir la mitad de la audiencia eurovisiva: los puntos hicieron so\u00f1ar al principio, el televoto aup\u00f3 de golpe a Moldavia y, al final, <strong>fue Ucrania la que recibi\u00f3 un total de 631<\/strong>, el r\u00e9cord hist\u00f3rico de Eurovisi\u00f3n. Y puede que nadie analice el resultado tan bien como lo hizo <a href=\"https:\/\/www.espinof.com\/tag\/ellen-degeneres\">Ellen DeGeneres<\/a>&#8230; hace ocho a\u00f1os.<\/p>\n<p><!-- BREAK 8 --><\/p>\n<blockquote class=\"twitter-tweet\" readability=\"9.1085271317829\">\n<p lang=\"es\" dir=\"ltr\">Sobre si Ucrania ganar\u00e1 <a href=\"https:\/\/twitter.com\/hashtag\/Eurovision?src=hash&amp;ref_src=twsrc%5Etfw\">#Eurovision<\/a>, sirve el chiste de Ellen Degeneres en los Oscar de 2014: &#8220;cualquier cosa puede pasar esta noche. Opci\u00f3n uno, gana &#8217;12 a\u00f1os de esclavitud&#8217;. Opci\u00f3n dos, sois todos racistas&#8221;.<\/p>\n<p>\u2014 Santi Alver\u00fa (@santialveru) <a href=\"https:\/\/twitter.com\/santialveru\/status\/1525570124090167298?ref_src=twsrc%5Etfw\">May 14, 2022<\/a><\/p><\/blockquote>\n<blockquote class=\"twitter-tweet\" readability=\"2.6829268292683\">\n<p lang=\"es\" dir=\"ltr\">Y 1.000.000 puntos a Ucrania <a href=\"https:\/\/twitter.com\/hashtag\/Eurovision?src=hash&amp;ref_src=twsrc%5Etfw\">#Eurovision<\/a> <a href=\"https:\/\/twitter.com\/hashtag\/Ukraine?src=hash&amp;ref_src=twsrc%5Etfw\">#Ukraine<\/a> <a href=\"https:\/\/t.co\/VL0MkLbrm8\">pic.twitter.com\/VL0MkLbrm8<\/a><\/p>\n<p>\u2014 Victoria\ud83e\udda6 (@gatoanaranjado) <a href=\"https:\/\/twitter.com\/gatoanaranjado\/status\/1525613405373091840?ref_src=twsrc%5Etfw\">May 14, 2022<\/a><\/p><\/blockquote>\n<blockquote class=\"twitter-tweet\" readability=\"2.3469387755102\">\n<p lang=\"en\" dir=\"ltr\">OH OH <a href=\"https:\/\/twitter.com\/hashtag\/trospidvision?src=hash&amp;ref_src=twsrc%5Etfw\">#trospidvision<\/a> <a href=\"https:\/\/t.co\/EcA2O5MwJ9\">pic.twitter.com\/EcA2O5MwJ9<\/a><\/p>\n<p>\u2014 El Hematocr\u00edtico (@hematocritico) <a href=\"https:\/\/twitter.com\/hematocritico\/status\/1525611590799736838?ref_src=twsrc%5Etfw\">May 14, 2022<\/a><\/p><\/blockquote>\n<blockquote class=\"twitter-tweet\" readability=\"3.1188118811881\">\n<p lang=\"es\" dir=\"ltr\">los que votaron a ucrania tal que as\u00ed: <a href=\"https:\/\/t.co\/MOzQxU9DF1\">pic.twitter.com\/MOzQxU9DF1<\/a><\/p>\n<p>\u2014 adrilik (@adrilik) <a href=\"https:\/\/twitter.com\/adrilik\/status\/1525613245784018945?ref_src=twsrc%5Etfw\">May 14, 2022<\/a><\/p><\/blockquote>\n<blockquote class=\"twitter-tweet\" data-conversation=\"none\" readability=\"2.6829268292683\">\n<p lang=\"und\" dir=\"ltr\"><a href=\"https:\/\/t.co\/RCapo1E0T4\">pic.twitter.com\/RCapo1E0T4<\/a><\/p>\n<p>\u2014 Oh, no, es el Lapresa \u00e9se (@GGLapresa) <a href=\"https:\/\/twitter.com\/GGLapresa\/status\/1525601239538487300?ref_src=twsrc%5Etfw\">May 14, 2022<\/a><\/p><\/blockquote>\n<blockquote class=\"twitter-tweet\" readability=\"2.9918032786885\">\n<p lang=\"es\" dir=\"ltr\">Yo viendo la votaci\u00f3n de Italia:<br \/><a href=\"https:\/\/twitter.com\/hashtag\/Eurovision?src=hash&amp;ref_src=twsrc%5Etfw\">#Eurovision<\/a> <a href=\"https:\/\/t.co\/0upH9W2vyA\">pic.twitter.com\/0upH9W2vyA<\/a><\/p>\n<p>\u2014 Eli \ud83d\udd4a\ufe0f\ud83c\udf37 (@canciondpajaro) <a href=\"https:\/\/twitter.com\/canciondpajaro\/status\/1525607201536344064?ref_src=twsrc%5Etfw\">May 14, 2022<\/a><\/p><\/blockquote>\n<blockquote class=\"twitter-tweet\" readability=\"4.5522388059701\">\n<p lang=\"es\" dir=\"ltr\">&#8220;Y ahora el pais con m\u00e1s puntos en Eurovisi\u00f3n debe coger una carta Wango Travieso&#8221;<\/p>\n<p>\u2014 Andr\u00e9s Trasado (@andres_trasado) <a href=\"https:\/\/twitter.com\/andres_trasado\/status\/1525609664418824193?ref_src=twsrc%5Etfw\">May 14, 2022<\/a><\/p><\/blockquote>\n<blockquote class=\"twitter-tweet\" readability=\"5.5414012738854\">\n<p lang=\"es\" dir=\"ltr\">Alemania 6 puntos. La \u00faltima vez que se humill\u00f3 internacionalmente a esa gente la reacci\u00f3n no fue sosegada.<\/p>\n<p>\u2014 izquierda \u00e1balos (@vvvhannah) <a href=\"https:\/\/twitter.com\/vvvhannah\/status\/1525608322547818496?ref_src=twsrc%5Etfw\">May 14, 2022<\/a><\/p><\/blockquote>\n<p>En resumen:<\/p>\n<blockquote class=\"twitter-tweet\" readability=\"2.5742574257426\">\n<p lang=\"es\" dir=\"ltr\">Chanel sabes lo que tienes? <a href=\"https:\/\/twitter.com\/hashtag\/Eurovision?src=hash&amp;ref_src=twsrc%5Etfw\">#Eurovision<\/a> <a href=\"https:\/\/t.co\/YoaZYv6uN5\">pic.twitter.com\/YoaZYv6uN5<\/a><\/p>\n<p>\u2014 Bertus (@Berttuus) <a href=\"https:\/\/twitter.com\/Berttuus\/status\/1525613831015243776?ref_src=twsrc%5Etfw\">May 14, 2022<\/a><\/p><\/blockquote>\n<div class=\"article-asset article-asset-normal article-asset-center\">\n<div class=\"desvio-container\">\n<div class=\"desvio\">\n<div class=\"desvio-figure js-desvio-figure\"> <a href=\"https:\/\/www.espinof.com\/entretenimiento\/eurovision-2022-mejores-memes-semifinal-que-jurado-metio-pata-albania-austria\"> <img alt=\"Eurovisi\u00f3n 2022: los mejores memes de una semifinal en la que el jurado meti\u00f3 la pata con Albania y Austria\" src=\"http:\/\/cordobadirecto.com\/wp-content\/uploads\/2022\/05\/eurovision-2022-los-mejores-memes-de-la-noche-que-casi-hubo-chanelazo-pero-acabo-ganando-ucrania-1.jpg\"> <\/a> <\/div><\/div><\/div>\n<\/div>\n<h2><\/h2>\n<h2>Una nota positiva<\/h2>\n<p>Podr\u00edamos analizar pol\u00edtica y socialmente la <strong>victoria de Ucrania <\/strong>en el festival, hablar de la tranquilidad moral y de lo que significa para el futuro de Europa, pero de momento vamos a quedarnos con un tuit que encapsula perfectamente aquello con lo que deber\u00edamos quedarnos de este a\u00f1o. <strong>Hay motivos para sonre\u00edr.<\/strong><\/p>\n<p><!-- BREAK 9 --><\/p>\n<blockquote class=\"twitter-tweet\" readability=\"3.3173076923077\">\n<p lang=\"es\" dir=\"ltr\">Ya hemos ganado. <a href=\"https:\/\/t.co\/W0s5bVRpm2\">https:\/\/t.co\/W0s5bVRpm2<\/a><\/p>\n<p>\u2014 Dar\u00edo Gael Brillis \u270a\ud83c\udffc\ud83d\udda4\u2728 (@senorcito) <a href=\"https:\/\/twitter.com\/senorcito\/status\/1525563698257043457?ref_src=twsrc%5Etfw\">May 14, 2022<\/a><\/p><\/blockquote>\n","protected":false},"excerpt":{"rendered":"<p>Solo los m\u00e1s ancianos del lugar recuerdan lo que es estar reunidos enfrente de la televisi\u00f3n aplaudiendo las puntuaciones del resto de pa\u00edses en Eurovisi\u00f3n. Desde 1995, m\u00e1s concretamente, cuando Anabel Conde qued\u00f3 segunda con &#8216;Vuelve conmigo&#8217;. En este 2022, Chanel Terrero se qued\u00f3 a las puertas en una tercera posici\u00f3n que sabe a primer [&hellip;]<\/p>\n","protected":false},"author":1,"featured_media":59064,"comment_status":"closed","ping_status":"closed","sticky":false,"template":"","format":"standard","meta":[],"categories":[17],"tags":[],"_links":{"self":[{"href":"http:\/\/cordobadirecto.com\/index.php\/wp-json\/wp\/v2\/posts\/59063"}],"collection":[{"href":"http:\/\/cordobadirecto.com\/index.php\/wp-json\/wp\/v2\/posts"}],"about":[{"href":"http:\/\/cordobadirecto.com\/index.php\/wp-json\/wp\/v2\/types\/post"}],"author":[{"embeddable":true,"href":"http:\/\/cordobadirecto.com\/index.php\/wp-json\/wp\/v2\/users\/1"}],"replies":[{"embeddable":true,"href":"http:\/\/cordobadirecto.com\/index.php\/wp-json\/wp\/v2\/comments?post=59063"}],"version-history":[{"count":0,"href":"http:\/\/cordobadirecto.com\/index.php\/wp-json\/wp\/v2\/posts\/59063\/revisions"}],"wp:featuredmedia":[{"embeddable":true,"href":"http:\/\/cordobadirecto.com\/index.php\/wp-json\/wp\/v2\/media\/59064"}],"wp:attachment":[{"href":"http:\/\/cordobadirecto.com\/index.php\/wp-json\/wp\/v2\/media?parent=59063"}],"wp:term":[{"taxonomy":"category","embeddable":true,"href":"http:\/\/cordobadirecto.com\/index.php\/wp-json\/wp\/v2\/categories?post=59063"},{"taxonomy":"post_tag","embeddable":true,"href":"http:\/\/cordobadirecto.com\/index.php\/wp-json\/wp\/v2\/tags?post=59063"}],"curies":[{"name":"wp","href":"https:\/\/api.w.org\/{rel}","templated":true}]}}