{"id":59065,"date":"2022-05-14T19:09:12","date_gmt":"2022-05-14T19:09:12","guid":{"rendered":"https:\/\/www.ole.com.ar\/autos\/rossi-clasifico-velo-citta_0_NiNuwa6DfW.html"},"modified":"2022-05-14T19:09:12","modified_gmt":"2022-05-14T19:09:12","slug":"el-misil-clasifico-en-velo-citta","status":"publish","type":"post","link":"http:\/\/cordobadirecto.com\/index.php\/2022\/05\/14\/el-misil-clasifico-en-velo-citta\/","title":{"rendered":"El Misil clasific\u00f3 en Velo Citt\u00e1"},"content":{"rendered":"<p><mark>El Stock Car tuvo su clasificaci\u00f3n en el circuito de Velo Citt\u00e1, donde Mat\u00edas Rossi se posici\u00f3n en el puesto N\u00b0 16\u00b0 con el Toyota Corolla del A Mattheis Vogel Motorsport. <\/mark>Mientras que el m\u00e1s veloz fue Ricardo Zonta.<\/p>\n<div class=\"sp__SM\">\n<div class=\"content-new \">\n<span class=\"tit-mobile\">Mir\u00e1 tambi\u00e9n<\/span><\/p>\n<div class=\"mg\">\n<div class=\"wrap-figure\">\n<picture>\n<a href=\"https:\/\/www.ole.com.ar\/fuera-de-juego\/pilotos-formula-1-miami-fiesta_0_maBxnNN1g6.html\" target=\"_self\" rel=\"noopener\"><br \/>\n<img class=\"img-responsive\" alt=\"Pilotos de F\u00f3rmula 1 y su alocada fiesta en Miami: &quot;Destrozamos el piso del hotel&quot;\" src=\"http:\/\/cordobadirecto.com\/wp-content\/uploads\/2022\/05\/el-misil-clasifico-en-velo-citta.jpg\" loading=\"lazy\"><br \/>\n<\/a>\n<\/picture>\n<\/div>\n<\/div><\/div>\n<\/div>\n<p><mark>Rossi cerr\u00f3 una vuelta de 1m32s262 y qued\u00f3 16\u00b0 a una diferencia de 517 mil\u00e9simas del dominador del primer corte clasificatorio que fue Nelson Piquet Jr.<\/mark>, quien marc\u00f3 1m31s745. Con esta posici\u00f3n, el Misil no pudo pasar a la Q2.<\/p>\n<p><mark>Luego, en la parte decisiva de la clasificaci\u00f3n que tuvo a los 5 m\u00e1s veloces de la Q2, apareci\u00f3 Ricardo Zonta y con un tiempo de 1m31s762 fue el poleman en Velo Citt\u00e1. <\/mark>Segundo culmin\u00f3 C\u00e9sar Ramos a una diferencia de 11 cent\u00e9simas y tercero se posicion\u00f3 Felipe Lapenna a 176 mil\u00e9simas. Mientras que cerraron los mejores cinco Guiherme Salas y Gabriel Casagrande.<\/p>\n<p><mark>La acci\u00f3n para el Stock Car en Velo Citt\u00e1 seguir\u00e1 el domingo a las 13.30<\/mark>, cuando se ponga en marcha la primera competencia del domingo.<\/p>\n<div class=\"sp__SM\">\n<div class=\"content-new \">\n<span class=\"tit-mobile\">Mir\u00e1 tambi\u00e9n<\/span><\/p>\n<div class=\"mg\">\n<div class=\"wrap-figure\">\n<picture>\n<a href=\"https:\/\/www.ole.com.ar\/autos\/bagnaia-pole-francia_0_ZxCa1UmM9o.html\" target=\"_self\" rel=\"noopener\"><br \/>\n<img class=\"img-responsive\" alt=\"Pole para Pecco en Le Mans\" src=\"http:\/\/cordobadirecto.com\/wp-content\/uploads\/2022\/05\/el-misil-clasifico-en-velo-citta-1.jpg\" loading=\"lazy\"><br \/>\n<\/a>\n<\/picture>\n<\/div>\n<\/div><\/div>\n<\/div>\n<div class=\"entry-tags\">\n<h2>TEMAS QUE APARECEN EN ESTA NOTA<\/h2>\n<\/p><\/div>\n","protected":false},"excerpt":{"rendered":"<p>El Stock Car tuvo su clasificaci\u00f3n en el circuito de Velo Citt\u00e1, donde Mat\u00edas Rossi se posici\u00f3n en el puesto N\u00b0 16\u00b0 con el Toyota Corolla del A Mattheis Vogel Motorsport. Mientras que el m\u00e1s veloz fue Ricardo Zonta. Mir\u00e1 tambi\u00e9n Rossi cerr\u00f3 una vuelta de 1m32s262 y qued\u00f3 16\u00b0 a una diferencia de 517 [&hellip;]<\/p>\n","protected":false},"author":1,"featured_media":59066,"comment_status":"closed","ping_status":"closed","sticky":false,"template":"","format":"standard","meta":[],"categories":[21],"tags":[],"_links":{"self":[{"href":"http:\/\/cordobadirecto.com\/index.php\/wp-json\/wp\/v2\/posts\/59065"}],"collection":[{"href":"http:\/\/cordobadirecto.com\/index.php\/wp-json\/wp\/v2\/posts"}],"about":[{"href":"http:\/\/cordobadirecto.com\/index.php\/wp-json\/wp\/v2\/types\/post"}],"author":[{"embeddable":true,"href":"http:\/\/cordobadirecto.com\/index.php\/wp-json\/wp\/v2\/users\/1"}],"replies":[{"embeddable":true,"href":"http:\/\/cordobadirecto.com\/index.php\/wp-json\/wp\/v2\/comments?post=59065"}],"version-history":[{"count":0,"href":"http:\/\/cordobadirecto.com\/index.php\/wp-json\/wp\/v2\/posts\/59065\/revisions"}],"wp:featuredmedia":[{"embeddable":true,"href":"http:\/\/cordobadirecto.com\/index.php\/wp-json\/wp\/v2\/media\/59066"}],"wp:attachment":[{"href":"http:\/\/cordobadirecto.com\/index.php\/wp-json\/wp\/v2\/media?parent=59065"}],"wp:term":[{"taxonomy":"category","embeddable":true,"href":"http:\/\/cordobadirecto.com\/index.php\/wp-json\/wp\/v2\/categories?post=59065"},{"taxonomy":"post_tag","embeddable":true,"href":"http:\/\/cordobadirecto.com\/index.php\/wp-json\/wp\/v2\/tags?post=59065"}],"curies":[{"name":"wp","href":"https:\/\/api.w.org\/{rel}","templated":true}]}}