{"id":59067,"date":"2022-05-14T13:37:33","date_gmt":"2022-05-14T13:37:33","guid":{"rendered":"https:\/\/www.ole.com.ar\/autos\/bagnaia-pole-francia_0_ZxCa1UmM9o.html"},"modified":"2022-05-14T13:37:33","modified_gmt":"2022-05-14T13:37:33","slug":"pole-para-pecco-en-le-mans","status":"publish","type":"post","link":"http:\/\/cordobadirecto.com\/index.php\/2022\/05\/14\/pole-para-pecco-en-le-mans\/","title":{"rendered":"Pole para Pecco en Le Mans"},"content":{"rendered":"<p>El MotoGP llev\u00f3 a cabo su clasificaci\u00f3n para el Gran Premio de Francia, <mark>donde Francesco Bagnaia fue el m\u00e1s r\u00e1pido y se qued\u00f3 con la pole. Escoltado por Miller y Aleix Espargar\u00f3.<\/mark><\/p>\n<div class=\"sp__SM\">\n<div class=\"content-new \">\n<span class=\"tit-mobile\">Mir\u00e1 tambi\u00e9n<\/span><\/p>\n<div class=\"mg\">\n<div class=\"wrap-figure\">\n<picture>\n<a href=\"https:\/\/www.ole.com.ar\/autos\/norris-hablo-pista-miami_0_mbYrA6DiPf.html\" target=\"_self\" rel=\"noopener\"><br \/>\n<img class=\"img-responsive\" alt=\"Norris: &quot;La pista se convirti\u00f3 en una mier...&quot;\" src=\"http:\/\/cordobadirecto.com\/wp-content\/uploads\/2022\/05\/pole-para-pecco-en-le-mans.jpg\" loading=\"lazy\"><br \/>\n<\/a>\n<\/picture>\n<\/div>\n<\/div><\/div>\n<\/div>\n<p><mark>Bagnaia cerr\u00f3 una vuelta de 1m30s450 y qued\u00f3 en lo m\u00e1s alto del clasificador. Dej\u00f3 como escolta a su compa\u00f1ero en Ducati Miller a una diferencia de 69 mil\u00e9simas y tercero a Aleix Espargar\u00f3 a 15 cent\u00e9simas.<\/mark> Mientras que cerraron el top five Fabio Quartararo y Enea Bastianini.<\/p>\n<p>Completaron los mejores diez Johann Zarco (Ducati), Joan Mir (Suzuki), Alex Rins (Suzuki), Jorge Mart\u00edn (Ducati) y Marc M\u00e1rquez (Honda).<\/p>\n<div class=\"sp__SM\">\n<div class=\"content-new \">\n<span class=\"tit-mobile\">Mir\u00e1 tambi\u00e9n<\/span><\/p>\n<div class=\"mg\">\n<div class=\"wrap-figure\">\n<picture>\n<a href=\"https:\/\/www.ole.com.ar\/maradona\/justin-bieber-diego-maradona-ferrari_0_X3gv3x2dJi.html\" target=\"_self\" rel=\"noopener\"><br \/>\n<img class=\"img-responsive\" alt=\"Justin Bieber quiso imitar a Maradona y Ferrari lo declar\u00f3 &quot;comprador no grato&quot;\" src=\"http:\/\/cordobadirecto.com\/wp-content\/uploads\/2022\/05\/pole-para-pecco-en-le-mans-1.jpg\" loading=\"lazy\"><br \/>\n<\/a>\n<\/picture>\n<\/div>\n<\/div><\/div>\n<\/div>\n<p><mark>El Gran Premio de Francia de MotoGP en Le Mans comenzar\u00e1 desde las 9<\/mark> con Bagnaia desde la pole.<\/p>\n<div class=\"entry-tags\">\n<h2>TEMAS QUE APARECEN EN ESTA NOTA<\/h2>\n<\/p><\/div>\n","protected":false},"excerpt":{"rendered":"<p>El MotoGP llev\u00f3 a cabo su clasificaci\u00f3n para el Gran Premio de Francia, donde Francesco Bagnaia fue el m\u00e1s r\u00e1pido y se qued\u00f3 con la pole. Escoltado por Miller y Aleix Espargar\u00f3. Mir\u00e1 tambi\u00e9n Bagnaia cerr\u00f3 una vuelta de 1m30s450 y qued\u00f3 en lo m\u00e1s alto del clasificador. Dej\u00f3 como escolta a su compa\u00f1ero en [&hellip;]<\/p>\n","protected":false},"author":1,"featured_media":59068,"comment_status":"closed","ping_status":"closed","sticky":false,"template":"","format":"standard","meta":[],"categories":[21],"tags":[],"_links":{"self":[{"href":"http:\/\/cordobadirecto.com\/index.php\/wp-json\/wp\/v2\/posts\/59067"}],"collection":[{"href":"http:\/\/cordobadirecto.com\/index.php\/wp-json\/wp\/v2\/posts"}],"about":[{"href":"http:\/\/cordobadirecto.com\/index.php\/wp-json\/wp\/v2\/types\/post"}],"author":[{"embeddable":true,"href":"http:\/\/cordobadirecto.com\/index.php\/wp-json\/wp\/v2\/users\/1"}],"replies":[{"embeddable":true,"href":"http:\/\/cordobadirecto.com\/index.php\/wp-json\/wp\/v2\/comments?post=59067"}],"version-history":[{"count":0,"href":"http:\/\/cordobadirecto.com\/index.php\/wp-json\/wp\/v2\/posts\/59067\/revisions"}],"wp:featuredmedia":[{"embeddable":true,"href":"http:\/\/cordobadirecto.com\/index.php\/wp-json\/wp\/v2\/media\/59068"}],"wp:attachment":[{"href":"http:\/\/cordobadirecto.com\/index.php\/wp-json\/wp\/v2\/media?parent=59067"}],"wp:term":[{"taxonomy":"category","embeddable":true,"href":"http:\/\/cordobadirecto.com\/index.php\/wp-json\/wp\/v2\/categories?post=59067"},{"taxonomy":"post_tag","embeddable":true,"href":"http:\/\/cordobadirecto.com\/index.php\/wp-json\/wp\/v2\/tags?post=59067"}],"curies":[{"name":"wp","href":"https:\/\/api.w.org\/{rel}","templated":true}]}}