{"id":59096,"date":"2022-05-15T12:11:20","date_gmt":"2022-05-15T12:11:20","guid":{"rendered":"https:\/\/puntoapunto.com.ar\/?p=333104"},"modified":"2022-05-15T12:11:20","modified_gmt":"2022-05-15T12:11:20","slug":"ya-estaria-definido-un-aumento-en-el-piso-del-impuesto-a-las-ganancias","status":"publish","type":"post","link":"http:\/\/cordobadirecto.com\/index.php\/2022\/05\/15\/ya-estaria-definido-un-aumento-en-el-piso-del-impuesto-a-las-ganancias\/","title":{"rendered":"Ya estar\u00eda definido un aumento en el piso del Impuesto a las Ganancias"},"content":{"rendered":"<div><img src=\"http:\/\/cordobadirecto.com\/wp-content\/uploads\/2022\/05\/ya-estaria-definido-un-aumento-en-el-piso-del-impuesto-a-las-ganancias.jpg\" class=\"ff-og-image-inserted\"><\/div>\n<p>El Gobierno aumentar\u00e1 el piso del Impuesto a las ganancias que deben abonar los trabajadores en relaci\u00f3n de dependencia, en consonancia con los incrementos que han tenido los salarios en los \u00faltimos meses y para que esos beneficios no sean alcanzados por el tributo, se anunci\u00f3 este viernes oficialmente.<\/p>\n<p>El ministro de Econom\u00eda,<strong>&nbsp;Mart\u00edn Guzm\u00e1n<\/strong>, fue el encargado de confirmar que el piso del Impuesto a las Ganancias para los trabajadores en relaci\u00f3n de dependencia&nbsp;<strong>se actualizar\u00e1 en funci\u00f3n de la evoluci\u00f3n de la inflaci\u00f3n<\/strong>.<\/p>\n<p>\u201cEs una obviedad que se actualizar\u00e1 el piso a partir del cual los trabajadores en relaci\u00f3n de dependencia pagan (el Impuesto a las) Ganancias en funci\u00f3n de la evoluci\u00f3n de la inflaci\u00f3n\u201d, afirm\u00f3 Guzm\u00e1n en respuesta a una consulta de T\u00e9lam.<\/p>\n<p>El titular de la cartera econ\u00f3mica sostuvo que \u201c<strong>es lo que razonablemente establece la ley<\/strong>&nbsp;para que el beneficio a los trabajadores y las trabajadores no se pierda con la inflaci\u00f3n, y es lo que el Gobierno ejecutar\u00e1\u201d.<\/p>\n<p>Seg\u00fan estimaciones de los equipos t\u00e9cnicos de la C\u00e1mara de Diputados,&nbsp;<strong>el nuevo piso pasar\u00eda de $225.937 a $265.000 de remuneraci\u00f3n bruta y la actualizaci\u00f3n se realizar\u00e1 a trav\u00e9s de un decreto<\/strong>.<\/p>\n<p>Este c\u00e1lculo est\u00e1 determinado en base a la variaci\u00f3n anual de la Remuneraci\u00f3n Imponible Promedio de los Trabajadores Estables (<strong>Ripte<\/strong>), teniendo en cuenta las actualizaciones salariales acordadas por los empleados durante este a\u00f1o.<\/p>\n<p>Durante la ma\u00f1ana del viernes, el presidente de la C\u00e1mara de Diputados,&nbsp;<strong>Sergio Massa<\/strong>, envi\u00f3 una carta al ministro Guzm\u00e1n planteado la necesidad de que el Poder Ejecutivo aumente el piso a partir del cual los trabajadores en relaci\u00f3n de dependencia tributan el Impuesto a las Ganancias<\/p>\n<p>El titular de la C\u00e1mara baja&nbsp;<strong>sostuvo que el m\u00ednimo no imponible de 225.937 pesos qued\u00f3 atrasado ante la evoluci\u00f3n de la inflaci\u00f3n y la presi\u00f3n sobre los salarios<\/strong>&nbsp;y, por consiguiente, aquellos trabajadores que hab\u00edan quedado exentos empezaron a tributar.<\/p>\n","protected":false},"excerpt":{"rendered":"<p>El Gobierno aumentar\u00e1 el piso del Impuesto a las ganancias que deben abonar los trabajadores en relaci\u00f3n de dependencia, en consonancia con los incrementos que han tenido los salarios en los \u00faltimos meses y para que esos beneficios no sean alcanzados por el tributo, se anunci\u00f3 este viernes oficialmente. El ministro de Econom\u00eda,&nbsp;Mart\u00edn Guzm\u00e1n, fue [&hellip;]<\/p>\n","protected":false},"author":1,"featured_media":59097,"comment_status":"closed","ping_status":"closed","sticky":false,"template":"","format":"standard","meta":[],"categories":[25],"tags":[],"_links":{"self":[{"href":"http:\/\/cordobadirecto.com\/index.php\/wp-json\/wp\/v2\/posts\/59096"}],"collection":[{"href":"http:\/\/cordobadirecto.com\/index.php\/wp-json\/wp\/v2\/posts"}],"about":[{"href":"http:\/\/cordobadirecto.com\/index.php\/wp-json\/wp\/v2\/types\/post"}],"author":[{"embeddable":true,"href":"http:\/\/cordobadirecto.com\/index.php\/wp-json\/wp\/v2\/users\/1"}],"replies":[{"embeddable":true,"href":"http:\/\/cordobadirecto.com\/index.php\/wp-json\/wp\/v2\/comments?post=59096"}],"version-history":[{"count":0,"href":"http:\/\/cordobadirecto.com\/index.php\/wp-json\/wp\/v2\/posts\/59096\/revisions"}],"wp:featuredmedia":[{"embeddable":true,"href":"http:\/\/cordobadirecto.com\/index.php\/wp-json\/wp\/v2\/media\/59097"}],"wp:attachment":[{"href":"http:\/\/cordobadirecto.com\/index.php\/wp-json\/wp\/v2\/media?parent=59096"}],"wp:term":[{"taxonomy":"category","embeddable":true,"href":"http:\/\/cordobadirecto.com\/index.php\/wp-json\/wp\/v2\/categories?post=59096"},{"taxonomy":"post_tag","embeddable":true,"href":"http:\/\/cordobadirecto.com\/index.php\/wp-json\/wp\/v2\/tags?post=59096"}],"curies":[{"name":"wp","href":"https:\/\/api.w.org\/{rel}","templated":true}]}}