{"id":59222,"date":"2022-05-15T20:12:24","date_gmt":"2022-05-15T20:12:24","guid":{"rendered":"https:\/\/www.ole.com.ar\/autos\/superbike-argentino-corrio-neuquen_0_8gnEDTdrGC.html"},"modified":"2022-05-15T20:12:24","modified_gmt":"2022-05-15T20:12:24","slug":"el-superbike-argentino-paso-por-neuquen","status":"publish","type":"post","link":"http:\/\/cordobadirecto.com\/index.php\/2022\/05\/15\/el-superbike-argentino-paso-por-neuquen\/","title":{"rendered":"El Superbike Argentino pas\u00f3 por Neuqu\u00e9n"},"content":{"rendered":"<p>Despu\u00e9s de la actividad del Top Race, el Superbike Argentino con sus distintas divisionales salt\u00f3 a la pista de Neuqu\u00e9n para disputar sus respectivas finales.<\/p>\n<div class=\"sp__SM\">\n<div class=\"content-new \">\n<span class=\"tit-mobile\">Mir\u00e1 tambi\u00e9n<\/span><\/p>\n<div class=\"mg\">\n<div class=\"wrap-figure\">\n<picture>\n<a href=\"https:\/\/www.ole.com.ar\/autos\/leguizamon-gano-segunda-final_0_N1yIUt8XGa.html\" target=\"_self\" rel=\"noopener\"><br \/>\n<img class=\"img-responsive\" alt=\"\u00a1Bautismo triunfal para Leguizam\u00f3n!\" src=\"http:\/\/cordobadirecto.com\/wp-content\/uploads\/2022\/05\/el-superbike-argentino-paso-por-neuquen.jpg\" loading=\"lazy\"><br \/>\n<\/a>\n<\/picture>\n<\/div>\n<\/div><\/div>\n<\/div>\n<p><mark>En la Junior Cup, Bautista Far\u00edas transitaba en la segunda colocaci\u00f3n y en el \u00faltimo frenaje mand\u00f3 la Honda por adentro y pas\u00f3 al frente del pelot\u00f3n pr\u00e1cticamente sobre la bandera a cuadros. <\/mark>Segundo culmin\u00f3 Juli\u00e1n Audagna a 22 cent\u00e9simas y tercero lleg\u00f3 Valent\u00edn Valor a una diferencia de 242 mil\u00e9simas. Mientras que completaron los mejores cinco Santiago Martina y Leandro Richieri.<\/p>\n<p>En el campeonato,<mark> Audagna contin\u00faa en lo m\u00e1s alto con 27 puntos, escoltado por Far\u00edas con 25 unidades y por Valor con 22.<\/mark><\/p>\n<p><mark>Mientras que en 300 S\u00faper Sport, Leandro Bagnarelli, quien hab\u00eda largado desde la pole, recuper\u00f3 la primera posici\u00f3n en los \u00faltimos metros de carrera y se llev\u00f3 el triunfo.<\/mark> Dej\u00f3 como escolta a Ezequiel Allende a una diferencia de tan s\u00f3lo 58 mil\u00e9simas y tercero a Facundo Su\u00e1rez a 37 cent\u00e9simas. Por su parte, cerraron el top five Lucas Guti\u00e9rrez y Ayrton Grasa.<\/p>\n<p>En el campeonato, <mark>Grasa y Su\u00e1rez lideran con 18 puntos, seguidos por Silvi y Bagnarelli con 15.<\/mark><\/p>\n<p><mark>En Superbike 1000, Juan Manuel Solorza gan\u00f3 tras un gran mano a mano hasta la bandera a cuadros con su hermano Marco, quien lleg\u00f3 a 11 cent\u00e9simas del vencedor. <\/mark>Mientras que en el tercer lugar lleg\u00f3 Ribodino a una diferencia de 666 mil\u00e9simas. Por su parte, cuarto fue Mart\u00edn Solorza y quinto Emanuel Aguilar.<\/p>\n<p>En el torneo, <mark>Juan Manuel Solorza es el l\u00edder con 35 puntos, seguido por Luciano Ribodino con 24 unidades.<\/mark><\/p>\n<p>A su vez, en la Super Stock 1000 festej\u00f3 Leonardo Villegas y en Superbike B cant\u00f3 victoria Emanuel Aguilar.<\/p>\n<p><mark>Por \u00faltimo, en Stock Open el vencedor fue Cristian Ram\u00edrez con la Yamaha del equipo MG Bikes Yamaha Racing. Como escolta lleg\u00f3 Pedro Alessandrini a 2s7 mil\u00e9simas, quien a su vez gan\u00f3 la Stock Bike Open.<\/mark> Mientras que tercera se ubic\u00f3 Stephanie Devoto con la BMW del Devoto Racing.<\/p>\n<p>Por su parte, completaron el top five del clasificador general Eduardo Zini y Diego Zapaya.<\/p>\n<div class=\"sp__SM\">\n<div class=\"content-new \">\n<span class=\"tit-mobile\">Mir\u00e1 tambi\u00e9n<\/span><\/p>\n<div class=\"mg\">\n<div class=\"wrap-figure\">\n<picture>\n<a href=\"https:\/\/www.ole.com.ar\/autos\/aldrighetti-gano-primera-final_0_yYoBvvzwm7.html\" target=\"_self\" rel=\"noopener\"><br \/>\n<img class=\"img-responsive\" alt=\"La primera fue para Aldrighetti\" src=\"http:\/\/cordobadirecto.com\/wp-content\/uploads\/2022\/05\/el-superbike-argentino-paso-por-neuquen-1.jpg\" loading=\"lazy\"><br \/>\n<\/a>\n<\/picture>\n<\/div>\n<\/div><\/div>\n<\/div>\n<p>La pr\u00f3xima fecha del Superbike Argentino ser\u00e1 el 12 de junio en el circuito de Termas de R\u00edo Hondo.<\/p>\n<div class=\"entry-tags\">\n<h2>TEMAS QUE APARECEN EN ESTA NOTA<\/h2>\n<\/p><\/div>\n","protected":false},"excerpt":{"rendered":"<p>Despu\u00e9s de la actividad del Top Race, el Superbike Argentino con sus distintas divisionales salt\u00f3 a la pista de Neuqu\u00e9n para disputar sus respectivas finales. Mir\u00e1 tambi\u00e9n En la Junior Cup, Bautista Far\u00edas transitaba en la segunda colocaci\u00f3n y en el \u00faltimo frenaje mand\u00f3 la Honda por adentro y pas\u00f3 al frente del pelot\u00f3n pr\u00e1cticamente [&hellip;]<\/p>\n","protected":false},"author":1,"featured_media":59223,"comment_status":"closed","ping_status":"closed","sticky":false,"template":"","format":"standard","meta":[],"categories":[21],"tags":[],"_links":{"self":[{"href":"http:\/\/cordobadirecto.com\/index.php\/wp-json\/wp\/v2\/posts\/59222"}],"collection":[{"href":"http:\/\/cordobadirecto.com\/index.php\/wp-json\/wp\/v2\/posts"}],"about":[{"href":"http:\/\/cordobadirecto.com\/index.php\/wp-json\/wp\/v2\/types\/post"}],"author":[{"embeddable":true,"href":"http:\/\/cordobadirecto.com\/index.php\/wp-json\/wp\/v2\/users\/1"}],"replies":[{"embeddable":true,"href":"http:\/\/cordobadirecto.com\/index.php\/wp-json\/wp\/v2\/comments?post=59222"}],"version-history":[{"count":0,"href":"http:\/\/cordobadirecto.com\/index.php\/wp-json\/wp\/v2\/posts\/59222\/revisions"}],"wp:featuredmedia":[{"embeddable":true,"href":"http:\/\/cordobadirecto.com\/index.php\/wp-json\/wp\/v2\/media\/59223"}],"wp:attachment":[{"href":"http:\/\/cordobadirecto.com\/index.php\/wp-json\/wp\/v2\/media?parent=59222"}],"wp:term":[{"taxonomy":"category","embeddable":true,"href":"http:\/\/cordobadirecto.com\/index.php\/wp-json\/wp\/v2\/categories?post=59222"},{"taxonomy":"post_tag","embeddable":true,"href":"http:\/\/cordobadirecto.com\/index.php\/wp-json\/wp\/v2\/tags?post=59222"}],"curies":[{"name":"wp","href":"https:\/\/api.w.org\/{rel}","templated":true}]}}