{"id":59224,"date":"2022-05-15T18:04:57","date_gmt":"2022-05-15T18:04:57","guid":{"rendered":"https:\/\/www.ole.com.ar\/autos\/rossi-gano-stock-car_0_3CVxq7btCC.html"},"modified":"2022-05-15T18:04:57","modified_gmt":"2022-05-15T18:04:57","slug":"el-misil-festejo-en-brasil","status":"publish","type":"post","link":"http:\/\/cordobadirecto.com\/index.php\/2022\/05\/15\/el-misil-festejo-en-brasil\/","title":{"rendered":"\u00a1El Misil festej\u00f3 en Brasil!"},"content":{"rendered":"<p>El Stock Car pas\u00f3 por el circuito de Velo Citt\u00e1 y un argentino termin\u00f3 en lo m\u00e1s alto del podio.<mark> Se trata de Mat\u00edas Rossi, quien gan\u00f3 la segunda final del domingo y consigui\u00f3 su bautismo triunfal en la categor\u00eda.<\/mark><\/p>\n<div class=\"sp__SM\">\n<div class=\"content-new \">\n<span class=\"tit-mobile\">Mir\u00e1 tambi\u00e9n<\/span><\/p>\n<div class=\"mg\">\n<div class=\"wrap-figure\">\n<picture>\n<a href=\"https:\/\/www.ole.com.ar\/autos\/leclerc-golpeo-ferrari-lauda_0_xWKz4raBX0.html\" target=\"_self\" rel=\"noopener\"><br \/>\n<img class=\"img-responsive\" alt=\"\u00a1Qu\u00e9 hiciste Charles!\" src=\"http:\/\/cordobadirecto.com\/wp-content\/uploads\/2022\/05\/el-misil-festejo-en-brasil.jpg\" loading=\"lazy\"><br \/>\n<\/a>\n<\/picture>\n<\/div>\n<\/div><\/div>\n<\/div>\n<p><mark>En la primera carrera del domingo, Rossi larg\u00f3 desde el 16\u00b0 lugar y al volante del Toyota Corolla, avanz\u00f3 con el correr de las vueltas y lleg\u00f3 en la novena colocaci\u00f3n.<\/mark> Por su parte, el triunfo fue para el poleman del s\u00e1bado Ricardo Zonta, escoltado por Rubens Barrichello y Felipe Lapenna. Mientras que cerraron el top five cinco Gabriel Casagrande y Guilherme Salas.<\/p>\n<p>Por la inversi\u00f3n de grilla, el Misil parti\u00f3 desde la segunda colocaci\u00f3n la \u00faltima carrera de la jornada. <mark>En los primeros metros, cay\u00f3 al quinto lugar por detr\u00e1s de Bruno Baptista, Diego Nunes, Daniel Serra y Gabriel Casagrande.<\/mark><\/p>\n<p>Luego del paso por boxes de todos los protagonistas para recargar combustible, <mark>Rossi qued\u00f3 en la primera colocaci\u00f3n. Escoltado por Ricardo Mauricio y Barrichello.<\/mark><\/p>\n<p><mark>En las \u00faltimas vueltas, Rossi soport\u00f3 los embates de su inmediato perseguidor y logr\u00f3 su primera victoria dentro del Stock Car en Vello Citt\u00e1.<\/mark> Lo siguieron Mauricio, Barrichello, Baptista y complet\u00f3 los mejores cinco Tony Kanaan.<\/p>\n<div class=\"sp__SM\">\n<div class=\"content-new \">\n<span class=\"tit-mobile\">Mir\u00e1 tambi\u00e9n<\/span><\/p>\n<div class=\"mg\">\n<div class=\"wrap-figure\">\n<picture>\n<a href=\"https:\/\/www.ole.com.ar\/autos\/victoria-bastianini-francia_0_DrrrQJOgAf.html\" target=\"_self\" rel=\"noopener\"><br \/>\n<img class=\"img-responsive\" alt=\"Bastianini gan\u00f3 y se acerc\u00f3 en el campeonato\" src=\"http:\/\/cordobadirecto.com\/wp-content\/uploads\/2022\/05\/el-misil-festejo-en-brasil-1.jpg\" loading=\"lazy\"><br \/>\n<\/a>\n<\/picture>\n<\/div>\n<\/div><\/div>\n<\/div>\n<p>La pr\u00f3xima cita del Stock Car ser\u00e1 el 2 de julio en el circuito de Velopark.<\/p>\n<div class=\"entry-tags\">\n<h2>TEMAS QUE APARECEN EN ESTA NOTA<\/h2>\n<\/p><\/div>\n","protected":false},"excerpt":{"rendered":"<p>El Stock Car pas\u00f3 por el circuito de Velo Citt\u00e1 y un argentino termin\u00f3 en lo m\u00e1s alto del podio. Se trata de Mat\u00edas Rossi, quien gan\u00f3 la segunda final del domingo y consigui\u00f3 su bautismo triunfal en la categor\u00eda. Mir\u00e1 tambi\u00e9n En la primera carrera del domingo, Rossi larg\u00f3 desde el 16\u00b0 lugar y [&hellip;]<\/p>\n","protected":false},"author":1,"featured_media":59225,"comment_status":"closed","ping_status":"closed","sticky":false,"template":"","format":"standard","meta":[],"categories":[21],"tags":[],"_links":{"self":[{"href":"http:\/\/cordobadirecto.com\/index.php\/wp-json\/wp\/v2\/posts\/59224"}],"collection":[{"href":"http:\/\/cordobadirecto.com\/index.php\/wp-json\/wp\/v2\/posts"}],"about":[{"href":"http:\/\/cordobadirecto.com\/index.php\/wp-json\/wp\/v2\/types\/post"}],"author":[{"embeddable":true,"href":"http:\/\/cordobadirecto.com\/index.php\/wp-json\/wp\/v2\/users\/1"}],"replies":[{"embeddable":true,"href":"http:\/\/cordobadirecto.com\/index.php\/wp-json\/wp\/v2\/comments?post=59224"}],"version-history":[{"count":0,"href":"http:\/\/cordobadirecto.com\/index.php\/wp-json\/wp\/v2\/posts\/59224\/revisions"}],"wp:featuredmedia":[{"embeddable":true,"href":"http:\/\/cordobadirecto.com\/index.php\/wp-json\/wp\/v2\/media\/59225"}],"wp:attachment":[{"href":"http:\/\/cordobadirecto.com\/index.php\/wp-json\/wp\/v2\/media?parent=59224"}],"wp:term":[{"taxonomy":"category","embeddable":true,"href":"http:\/\/cordobadirecto.com\/index.php\/wp-json\/wp\/v2\/categories?post=59224"},{"taxonomy":"post_tag","embeddable":true,"href":"http:\/\/cordobadirecto.com\/index.php\/wp-json\/wp\/v2\/tags?post=59224"}],"curies":[{"name":"wp","href":"https:\/\/api.w.org\/{rel}","templated":true}]}}