{"id":59406,"date":"2022-05-16T21:02:54","date_gmt":"2022-05-16T21:02:54","guid":{"rendered":"https:\/\/cordoba.gob.ar\/?p=25080"},"modified":"2022-05-16T21:02:54","modified_gmt":"2022-05-16T21:02:54","slug":"convenio-con-la-unc-brindaran-talleres-de-orientacion-vocacional-en-los-cpc-y-parques-educativos","status":"publish","type":"post","link":"http:\/\/cordobadirecto.com\/index.php\/2022\/05\/16\/convenio-con-la-unc-brindaran-talleres-de-orientacion-vocacional-en-los-cpc-y-parques-educativos\/","title":{"rendered":"Convenio con la UNC: brindar\u00e1n talleres de orientaci\u00f3n vocacional en los CPC y Parques Educativos"},"content":{"rendered":"<div><img src=\"http:\/\/cordobadirecto.com\/wp-content\/uploads\/2022\/05\/convenio-con-la-unc-brindaran-talleres-de-orientacion-vocacional-en-los-cpc-y-parques-educativos.jpg\" class=\"ff-og-image-inserted\"><\/div>\n<p>Se trata del programa \u201cSalimos a rodar\u201d, que tiene como objetivo convertir la Universidad Nacional de C\u00f3rdoba (UNC) en un horizonte posible para j\u00f3venes, adultos y adultas.<br \/>Por segundo a\u00f1o consecutivo, se pone en marcha este programa que brinda talleres de orientaci\u00f3n vocacional y asesoramiento sobre las carreras universitarias en los CPC y Parques Educativos.<\/p>\n<p>La Municipalidad de C\u00f3rdoba, a trav\u00e9s de la Secretar\u00eda de Participaci\u00f3n Ciudadana y la Secretar\u00eda de Educaci\u00f3n, firm\u00f3 por segundo a\u00f1o consecutivo, un acuerdo de colaboraci\u00f3n con la Universidad Nacional de C\u00f3rdoba (UNC) para implementar el programa universitario \u201cSalimos a rodar\u201d en los Centros de Participaci\u00f3n Comunal y en los Parques Educativos de la ciudad.<\/p>\n<p>El programa universitario \u201cSalimos a rodar\u201d tiene como objetivo convertir la Universidad Nacional de C\u00f3rdoba (U.N.C) en un horizonte posible para j\u00f3venes, adultos y adultas. Se trata de un primer acercamiento a la vida universitaria y la oferta acad\u00e9mica que ofrece. Habr\u00e1 talleres de orientaci\u00f3n vocacional y asesoramiento sobre las carreras universitarias. Tambi\u00e9n contar\u00e1n con informaci\u00f3n acerca de los programas de inclusi\u00f3n social y acompa\u00f1amiento a las trayectorias educativas.<\/p>\n<p>La firma estuvo rubricada por el rector de la UNC Hugo Juri, junto al Secretario de Participaci\u00f3n Ciudadana, Juan Domingo Viola y el Secretario de Educaci\u00f3n, Horacio Ferreyra.<\/p>\n<p><em>\u201cHace 400 a\u00f1os somos socios con la Ciudad y tenemos los mismos objetivos. Estos convenios fortalecen el v\u00ednculo de la Universidad con la gente. Para nosotros, que la misma ciudad nos permita que la UNC est\u00e9 en cada uno de los diferentes sectores de la sociedad, es un hecho fundamental. Vamos a trabajar en conjunto para ir a cada uno de los pueblos del interior donde tenemos universidades populares con lo que logremos aqu\u00ed\u201d<\/em>, indic\u00f3 el rector de la UNC, Hugo Juri.<\/p>\n<p>Por su parte, el secretario de Participaci\u00f3n Ciudadana, Juan Domingo Viola expres\u00f3: <em>\u201dLa firma de un convenio entre la UNC y la Municipalidad de C\u00f3rdoba es en beneficio de toda la comunidad. Se trabajar\u00e1 en los CPC y en los Parques Educativos, y se brindar\u00e1 asesoramiento y orientaci\u00f3n vocacional a j\u00f3venes, principalmente a quienes est\u00e1n en los \u00faltimos a\u00f1os de escuelas p\u00fablicas, a los fines de apoyarlos en una de las decisiones m\u00e1s importantes de su vida. Conocer la oferta acad\u00e9mica que tiene nuestra Universidad Nacional es importante para ellos. Desde la Universidad y la Municipalidad trabajamos juntos para favorecer el futuro de nuestros j\u00f3venes, adolescentes y sobre todo de los barrios y comunidades donde est\u00e1n inmersos\u201d.<\/em><\/p>\n<p>\u201cSalimos a Rodar\u201d est\u00e1 a cargo de la Secretar\u00eda de Asuntos Estudiantiles de la Universidad Nacional de C\u00f3rdoba y cuenta con la participaci\u00f3n de estudiantes, docentes, egresados y egresadas que compartir\u00e1n su experiencia y trayectoria universitaria.<\/p>\n<p><strong>\u201cAprender y hacer en comunidad\u201d<\/strong><\/p>\n<p>Adem\u00e1s, el acuerdo fortalecer\u00e1 el programa Nodos Socioeducativos \u201cAprender y hacer en comunidad\u201d, desarrollado por la Secretar\u00eda de Educaci\u00f3n, a trav\u00e9s de la Direcci\u00f3n de Parques Educativos. En ese marco, se implementan acciones por el derecho a la educaci\u00f3n, de acompa\u00f1amiento a la terminalidad educativa y para la continuidad en estudios superiores. Tambi\u00e9n est\u00e1 destinado a j\u00f3venes, adultos y adultas de la ciudad, en alianza con instituciones universitarias y de formaci\u00f3n superior. El acuerdo permitir\u00e1 potenciar y ampliar acciones de ambos programas de manera conjunta.<\/p>\n<p>El pr\u00f3ximo jueves comienza la primera actividad en los Parques Educativos. As\u00ed lo indic\u00f3 el Secretario de Educaci\u00f3n, Horacio Ferreyra. <em>\u201dUn gusto estar ac\u00e1 con la Universidad Nacional de C\u00f3rdoba, compartiendo la firma de este convenio que ya va acompa\u00f1ado de acciones. La primera ser\u00e1 en el Parque Educativo Sur, para compartir la oferta acad\u00e9mica con los j\u00f3venes de los barrios vinculados a esa zona. Para nosotros es una satisfacci\u00f3n enorme trabajar en conjunto Universidad\/ Municipio, Municipio\/Universidad\u2019<\/em>\u2018, finaliz\u00f3.<\/p>\n","protected":false},"excerpt":{"rendered":"<p>Se trata del programa \u201cSalimos a rodar\u201d, que tiene como objetivo convertir la Universidad Nacional de C\u00f3rdoba (UNC) en un horizonte posible para j\u00f3venes, adultos y adultas.Por segundo a\u00f1o consecutivo, se pone en marcha este programa que brinda talleres de orientaci\u00f3n vocacional y asesoramiento sobre las carreras universitarias en los CPC y Parques Educativos. La [&hellip;]<\/p>\n","protected":false},"author":1,"featured_media":59407,"comment_status":"closed","ping_status":"closed","sticky":false,"template":"","format":"standard","meta":[],"categories":[44],"tags":[],"_links":{"self":[{"href":"http:\/\/cordobadirecto.com\/index.php\/wp-json\/wp\/v2\/posts\/59406"}],"collection":[{"href":"http:\/\/cordobadirecto.com\/index.php\/wp-json\/wp\/v2\/posts"}],"about":[{"href":"http:\/\/cordobadirecto.com\/index.php\/wp-json\/wp\/v2\/types\/post"}],"author":[{"embeddable":true,"href":"http:\/\/cordobadirecto.com\/index.php\/wp-json\/wp\/v2\/users\/1"}],"replies":[{"embeddable":true,"href":"http:\/\/cordobadirecto.com\/index.php\/wp-json\/wp\/v2\/comments?post=59406"}],"version-history":[{"count":0,"href":"http:\/\/cordobadirecto.com\/index.php\/wp-json\/wp\/v2\/posts\/59406\/revisions"}],"wp:featuredmedia":[{"embeddable":true,"href":"http:\/\/cordobadirecto.com\/index.php\/wp-json\/wp\/v2\/media\/59407"}],"wp:attachment":[{"href":"http:\/\/cordobadirecto.com\/index.php\/wp-json\/wp\/v2\/media?parent=59406"}],"wp:term":[{"taxonomy":"category","embeddable":true,"href":"http:\/\/cordobadirecto.com\/index.php\/wp-json\/wp\/v2\/categories?post=59406"},{"taxonomy":"post_tag","embeddable":true,"href":"http:\/\/cordobadirecto.com\/index.php\/wp-json\/wp\/v2\/tags?post=59406"}],"curies":[{"name":"wp","href":"https:\/\/api.w.org\/{rel}","templated":true}]}}