{"id":60533,"date":"2022-05-24T22:10:19","date_gmt":"2022-05-24T22:10:19","guid":{"rendered":"https:\/\/cordoba.gob.ar\/?p=25407"},"modified":"2022-05-24T22:10:19","modified_gmt":"2022-05-24T22:10:19","slug":"llaryora-encabezo-el-cambio-de-guardia-en-el-cabildo-de-la-ciudad","status":"publish","type":"post","link":"http:\/\/cordobadirecto.com\/index.php\/2022\/05\/24\/llaryora-encabezo-el-cambio-de-guardia-en-el-cabildo-de-la-ciudad\/","title":{"rendered":"Llaryora encabez\u00f3 el Cambio de Guardia en el Cabildo de la Ciudad"},"content":{"rendered":"<div><img src=\"http:\/\/cordobadirecto.com\/wp-content\/uploads\/2022\/05\/llaryora-encabezo-el-cambio-de-guardia-en-el-cabildo-de-la-ciudad.jpg\" class=\"ff-og-image-inserted\"><\/div>\n<ul>\n<li><strong>Durante la tarde de hoy, la Municipalidad llev\u00f3 a cabo la conmemoraci\u00f3n del 212\u00ba aniversario de la Revoluci\u00f3n de Mayo.<\/strong><\/li>\n<li><strong>Adem\u00e1s, los vecinos disfrutaron de un gran escenario con shows musicales y danzas t\u00edpicas, mientras se deleitaban con un rico chocolate caliente en la explanada del Cabildo.<\/strong><\/li>\n<\/ul>\n<hr>\n<p>El intendente Mart\u00edn Llaryora encabez\u00f3 el evento \u201cEl Sol del 25 Viene Asomando\u201d en el del marco por la celebraci\u00f3n del 212\u00ba aniversario de la Revoluci\u00f3n de Mayo.<\/p>\n<p>El festejo patrio, con entrada libre y gratuita, convoc\u00f3 a las familias cordobesas en la explanada del Cabildo donde disfrutaron de las presentaciones de la Academia de Danzas Folcl\u00f3ricas Costumbre y Tradici\u00f3n, y del elenco estable Ballet Municipal.<\/p>\n<p>Adem\u00e1s, en el gran escenario se realizaron shows para todo p\u00fablico con la actuaci\u00f3n de Los 4 de C\u00f3rdoba, el grupo Suyai, y el d\u00fao Nacho y Daniel.<\/p>\n<p>Una vez finalizadas las presentaciones art\u00edsticas, el jefe comunal hizo entrega de una plaqueta a Los 4 de C\u00f3rdoba, como reconocimiento por su destacado aporte a la cultura de la ciudad a lo largo de sus 53 a\u00f1os de trayectoria.<\/p>\n<p>Alrededor de las 18 h el intendente Llaryora presidi\u00f3 el tradicional Relevo de Guardia del Hist\u00f3rico Cabildo de la Ciudad, a cargo del Regimiento de Infanter\u00eda de Paracaidistas 2 \u201cGeneral Balcarce\u201d, con la participaci\u00f3n especial de la Banda Militar \u201cBoquer\u00f3n\u201d.<\/p>\n<p>En la explanada del Cabildo, 74 efectivos militares desfilaron con trajes de \u00e9poca y con armamento hist\u00f3rico durante el acto patri\u00f3tico.<\/p>\n","protected":false},"excerpt":{"rendered":"<p>Durante la tarde de hoy, la Municipalidad llev\u00f3 a cabo la conmemoraci\u00f3n del 212\u00ba aniversario de la Revoluci\u00f3n de Mayo. Adem\u00e1s, los vecinos disfrutaron de un gran escenario con shows musicales y danzas t\u00edpicas, mientras se deleitaban con un rico chocolate caliente en la explanada del Cabildo. El intendente Mart\u00edn Llaryora encabez\u00f3 el evento \u201cEl [&hellip;]<\/p>\n","protected":false},"author":1,"featured_media":60534,"comment_status":"closed","ping_status":"closed","sticky":false,"template":"","format":"standard","meta":[],"categories":[44],"tags":[],"_links":{"self":[{"href":"http:\/\/cordobadirecto.com\/index.php\/wp-json\/wp\/v2\/posts\/60533"}],"collection":[{"href":"http:\/\/cordobadirecto.com\/index.php\/wp-json\/wp\/v2\/posts"}],"about":[{"href":"http:\/\/cordobadirecto.com\/index.php\/wp-json\/wp\/v2\/types\/post"}],"author":[{"embeddable":true,"href":"http:\/\/cordobadirecto.com\/index.php\/wp-json\/wp\/v2\/users\/1"}],"replies":[{"embeddable":true,"href":"http:\/\/cordobadirecto.com\/index.php\/wp-json\/wp\/v2\/comments?post=60533"}],"version-history":[{"count":0,"href":"http:\/\/cordobadirecto.com\/index.php\/wp-json\/wp\/v2\/posts\/60533\/revisions"}],"wp:featuredmedia":[{"embeddable":true,"href":"http:\/\/cordobadirecto.com\/index.php\/wp-json\/wp\/v2\/media\/60534"}],"wp:attachment":[{"href":"http:\/\/cordobadirecto.com\/index.php\/wp-json\/wp\/v2\/media?parent=60533"}],"wp:term":[{"taxonomy":"category","embeddable":true,"href":"http:\/\/cordobadirecto.com\/index.php\/wp-json\/wp\/v2\/categories?post=60533"},{"taxonomy":"post_tag","embeddable":true,"href":"http:\/\/cordobadirecto.com\/index.php\/wp-json\/wp\/v2\/tags?post=60533"}],"curies":[{"name":"wp","href":"https:\/\/api.w.org\/{rel}","templated":true}]}}