{"id":60670,"date":"2022-05-24T20:14:42","date_gmt":"2022-05-24T20:14:42","guid":{"rendered":"https:\/\/www.ole.com.ar\/autos\/formula1-verstappen-leclerc-tiempo-delta_0_7kzeud85tC.html"},"modified":"2022-05-24T20:14:42","modified_gmt":"2022-05-24T20:14:42","slug":"advierten-a-los-pilotos-de-formula-1-por-ser-lentos","status":"publish","type":"post","link":"http:\/\/cordobadirecto.com\/index.php\/2022\/05\/24\/advierten-a-los-pilotos-de-formula-1-por-ser-lentos\/","title":{"rendered":"Advierten a los pilotos de F\u00f3rmula 1 por ser lentos"},"content":{"rendered":"<p>La F\u00f3rmula 1 acaba de dejar atr\u00e1s otra emocionante fecha en Espa\u00f1a. All\u00ed se destac\u00f3 la victoria de <a alt=\"max-verstappen\" class=\"slug\" href=\"https:\/\/www.ole.com.ar\/tema\/max-verstappen.html\" target=\"_blank\" title=\"max-verstappen\" rel=\"noopener\">Max Verstappen<\/a> (Red Bull), que desplaz\u00f3 de la cima de la tabla de posiciones a <a alt=\"charles-leclerc\" class=\"slug\" href=\"https:\/\/www.ole.com.ar\/tema\/charles-leclerc.html\" target=\"_blank\" title=\"charles-leclerc\" rel=\"noopener\">Charles Leclerc <\/a>(Ferrari), quien abandon\u00f3 la carrera por un problema de motor.<\/p>\n<div class=\"sp__SM\">\n<div class=\"content-new \">\n<span class=\"tit-mobile\">Mir\u00e1 tambi\u00e9n<\/span><\/p>\n<div class=\"mg\">\n<div class=\"wrap-figure\">\n<picture>\n<a href=\"https:\/\/www.ole.com.ar\/autos\/vettel-patin-electrico-ladrones_0_SR6im9pSFr.html\" target=\"_self\" rel=\"noopener\"><br \/>\n<img class=\"img-responsive\" alt=\"Vettel persigui\u00f3 a ladrones en un pat\u00edn el\u00e9ctrico\" src=\"http:\/\/cordobadirecto.com\/wp-content\/uploads\/2022\/05\/advierten-a-los-pilotos-de-formula-1-por-ser-lentos.jpg\" loading=\"lazy\"><br \/>\n<\/a>\n<\/picture>\n<\/div>\n<\/div><\/div>\n<\/div>\n<p>Sin embargo, <strong>el round en Montmel\u00f3 tambi\u00e9n dej\u00f3 pol\u00e9mica en su clasificaci\u00f3n,<\/strong> y es que l<strong>a FIA est\u00e1 pensando en endurecer las reglas de cara a futuro<\/strong> luego de tener que advertir a 18 pilotos durante la clasificaci\u00f3n del GP espa\u00f1ol por no cumplir el tiempo delta de 1m18s a la salida del pitlane.<\/p>\n<div class=\"sp__Normal\">\n<div class=\"image-embeb image-trigger\" readability=\"6\">\n<picture><source media=\"(min-width: 720px)\" srcset=\"http:\/\/cordobadirecto.com\/wp-content\/uploads\/2022\/05\/advierten-a-los-pilotos-de-formula-1-por-ser-lentos-1.jpg\"><img itemprop=\"image\" src=\"http:\/\/cordobadirecto.com\/wp-content\/uploads\/2022\/05\/advierten-a-los-pilotos-de-formula-1-por-ser-lentos-1.jpg\" loading=\"lazy\" alt=\"Hubo al menos 55 advertencias durante la clasificaci\u00f3n. (Reuters)\">\n<\/picture><figcaption readability=\"2\">\n<p>Hubo al menos 55 advertencias durante la clasificaci\u00f3n. (Reuters)\n<\/p>\n<\/figcaption><\/div>\n<\/div>\n<p>El tiempo delta, como se lo conoce, es la diferencia entre dos vueltas de un mismo auto o entre dos autos distintos.&nbsp;<\/p>\n<p>Seg\u00fan inform\u00f3 el medio The Race, <strong>hubo hasta 55 llamados de atenci\u00f3n<\/strong> y el equipo Haas, que logr\u00f3 colocar a sus dos pilotos, Mick Schumacher y Kevin Magnussen, en la Q3 tras tres a\u00f1os,&nbsp;fue el m\u00e1s informado. A pesar de esto,<strong> finalmente no hubo sanciones para la escuder\u00eda estadounidense<\/strong>, que en la previa del inicio de la temporada se desprendi\u00f3 del ruso Nikita Mazepin.<\/p>\n<div class=\"sp__Normal\">\n<div class=\"image-embeb image-trigger\" readability=\"7\">\n<picture><source media=\"(min-width: 720px)\" srcset=\"http:\/\/cordobadirecto.com\/wp-content\/uploads\/2022\/05\/advierten-a-los-pilotos-de-formula-1-por-ser-lentos-2.jpg\"><img itemprop=\"image\" src=\"http:\/\/cordobadirecto.com\/wp-content\/uploads\/2022\/05\/advierten-a-los-pilotos-de-formula-1-por-ser-lentos-2.jpg\" loading=\"lazy\" alt=\"Mick Schumacher, y su compa\u00f1ero Magnussen, fueron el blanco de las advertencias. (AFP)\">\n<\/picture><figcaption readability=\"4\">\n<p>Mick Schumacher, y su compa\u00f1ero Magnussen, fueron el blanco de las advertencias. (AFP)\n<\/p>\n<\/figcaption><\/div>\n<\/div>\n<p><strong>&#8220;Los pilotos se pasaron del tiempo delta siguiendo a estos dos coches<\/strong> (por los Haas)&#8221; , se\u00f1alaron las autoridades de pista. Adem\u00e1s, agregaron: <strong>&#8220;Las nuevas infracciones dar\u00e1n un aumento en las penalizaciones<\/strong>, no solo para estos dos pilotos (Schumacher y Magnussen), sino para todos los que no cumplan en el futuro&#8221;.<\/p>\n<div class=\"sp__SM\">\n<div class=\"content-new \">\n<span class=\"tit-mobile\">Mir\u00e1 tambi\u00e9n<\/span><\/p>\n<div class=\"mg\">\n<div class=\"wrap-figure\">\n<picture>\n<a href=\"https:\/\/www.ole.com.ar\/autos\/formula1-gran-premio-monaco_0_jsshYsCDhC.html\" target=\"_self\" rel=\"noopener\"><br \/>\n<img class=\"img-responsive\" alt=\"GP de M\u00f3naco: todo lo que ten\u00e9s que saber\" src=\"http:\/\/cordobadirecto.com\/wp-content\/uploads\/2022\/05\/advierten-a-los-pilotos-de-formula-1-por-ser-lentos-3.jpg\" loading=\"lazy\"><br \/>\n<\/a>\n<\/picture> <\/div>\n<\/div><\/div>\n<\/div>\n<p>Es que, seg\u00fan The Race, <strong>Haas la lig\u00f3 por estar m\u00e1s cerca de la salida a pista desde boxes.<\/strong> Debido a esto se deduce que este equipo fue el que hizo bajar el ritmo de los otros autos.<\/p>\n<h2>As\u00ed sigue la F\u00f3rmula 1<\/h2>\n<p>La acci\u00f3n no para. Luego de correr en Espa\u00f1a<strong>, la M\u00e1xima se trasladar\u00e1 r\u00e1pidamente a Montecarlo<\/strong> para disputar el tradicional GP de M\u00f3naco este fin de semana.<\/p>\n<div class=\"sp__Normal\">\n<div class=\"image-embeb image-trigger\" readability=\"6\">\n<picture><source media=\"(min-width: 720px)\" srcset=\"http:\/\/cordobadirecto.com\/wp-content\/uploads\/2022\/05\/advierten-a-los-pilotos-de-formula-1-por-ser-lentos-4.jpg\"><img itemprop=\"image\" src=\"http:\/\/cordobadirecto.com\/wp-content\/uploads\/2022\/05\/advierten-a-los-pilotos-de-formula-1-por-ser-lentos-4.jpg\" loading=\"lazy\" alt=\"Fangio gan\u00f3 dos veces en el principado. (AFP)\">\n<\/picture><figcaption readability=\"2\">\n<p>Fangio gan\u00f3 dos veces en el principado. (AFP)\n<\/p>\n<\/figcaption><\/div>\n<\/div>\n<p>La competencia se disput\u00f3 por primera vez en 1950, a\u00f1o fundacional de la F-1, y <strong>en su primera edici\u00f3n el ganador fue nada menos que<a alt=\"juan-manuel-fangio\" class=\"slug\" href=\"https:\/\/www.ole.com.ar\/tema\/juan-manuel-fangio.html\" target=\"_blank\" title=\"juan-manuel-fangio\" rel=\"noopener\"> Juan Manuel Fangio<\/a> <\/strong>con Alfa Romeo. El Chueco la volvi\u00f3 a ganar otra vez en 1957, con Maserati.<\/p>\n<div class=\"sp__SM\">\n<div class=\"content-new \">\n<span class=\"tit-mobile\">Mir\u00e1 tambi\u00e9n<\/span><\/p>\n<div class=\"mg\">\n<div class=\"wrap-figure\">\n<picture>\n<a href=\"https:\/\/www.ole.com.ar\/autos\/leclerc-verstappen-perez-ferrari_0_UvieV4ntNw.html\" target=\"_self\" rel=\"noopener\"><br \/>\n<img class=\"img-responsive\" alt=\"Abandon\u00f3 Leclerc y festej\u00f3 Verstappen\" src=\"http:\/\/cordobadirecto.com\/wp-content\/uploads\/2022\/05\/advierten-a-los-pilotos-de-formula-1-por-ser-lentos-5.jpg\" loading=\"lazy\"><br \/>\n<\/a>\n<\/picture>\n<\/div>\n<\/div><\/div>\n<\/div>\n<p><strong>El otro argentino que triunf\u00f3&nbsp;en las calles del principado fue Carlos Reutemann<\/strong>, que se impuso en 1980 con Williams-Ford.<\/p>\n<div class=\"sp__Normal\">\n<div class=\"image-embeb image-trigger\" readability=\"7\">\n<picture><source media=\"(min-width: 720px)\" srcset=\"http:\/\/cordobadirecto.com\/wp-content\/uploads\/2022\/05\/advierten-a-los-pilotos-de-formula-1-por-ser-lentos-6.jpg\"><img itemprop=\"image\" src=\"http:\/\/cordobadirecto.com\/wp-content\/uploads\/2022\/05\/advierten-a-los-pilotos-de-formula-1-por-ser-lentos-6.jpg\" loading=\"lazy\" alt=\"Reutemann, en 1980, tambi\u00e9n se impuso all\u00ed.\">\n<\/picture><figcaption readability=\"4\">\n<p>Reutemann, en 1980, tambi\u00e9n se impuso all\u00ed.\n<\/p>\n<\/figcaption><\/div>\n<\/div>\n<p>El m\u00e1s ganador en ese circuito fue el brasile\u00f1o<strong> Ayrton Senna<\/strong>, con seis victorias, mientras que la escuder\u00eda m\u00e1s galardonada es Mclaren, con 15.<\/p>\n<div class=\"sp__SM\">\n<div class=\"content-new \">\n<span class=\"tit-mobile\">Mir\u00e1 tambi\u00e9n<\/span><\/p>\n<div class=\"mg\">\n<div class=\"wrap-figure\">\n<picture>\n<a href=\"https:\/\/www.ole.com.ar\/autos\/vettel-patin-electrico-ladrones_0_SR6im9pSFr.html\" target=\"_self\" rel=\"noopener\"><br \/>\n<img class=\"img-responsive\" alt=\"Vettel persigui\u00f3 a ladrones en un pat\u00edn el\u00e9ctrico\" src=\"http:\/\/cordobadirecto.com\/wp-content\/uploads\/2022\/05\/advierten-a-los-pilotos-de-formula-1-por-ser-lentos.jpg\" loading=\"lazy\"><br \/>\n<\/a>\n<\/picture>\n<\/div>\n<\/div><\/div>\n<\/div>\n<p><strong>En la actualidad hay cinco pilotos que terminaron en lo m\u00e1s alto del podio en Montecarlo.<\/strong> Ellos son Lewis Hamilton (con tres victorias), Fernando Alonso (2), Sebastian Vettel, Max Verstappen y Daniel Ricciardo (todos con uno). En 2020 el GP no se disput\u00f3&nbsp;a causa de la pandemia de Covid-19.<\/p>\n<div class=\"sp__Normal\">\n<div class=\"image-embeb image-trigger\" readability=\"6\">\n<picture><source media=\"(min-width: 720px)\" srcset=\"http:\/\/cordobadirecto.com\/wp-content\/uploads\/2022\/05\/advierten-a-los-pilotos-de-formula-1-por-ser-lentos-7.jpg\"><img itemprop=\"image\" src=\"http:\/\/cordobadirecto.com\/wp-content\/uploads\/2022\/05\/advierten-a-los-pilotos-de-formula-1-por-ser-lentos-7.jpg\" loading=\"lazy\" alt=\"Hamilton es el piloto activo con m\u00e1s victorias (2). (Reuters)\">\n<\/picture><figcaption readability=\"2\">\n<p>Hamilton es el piloto activo con m\u00e1s victorias (2). (Reuters)\n<\/p>\n<\/figcaption><\/div>\n<\/div>\n<h2>Tabla de posiciones<\/h2>\n<p>1- Max Verstappen (Red Bull), 110 puntos<\/p>\n<p>2- Charles Leclerc (Ferrari), 104 puntos<\/p>\n<p>3- Sergio P\u00e9rez (Red Bull), 85 puntos<\/p>\n<p>4- George Russell (Mercedes), 74 puntos<\/p>\n<p>5- Carlos Sainz (Ferrari), 65 puntos<\/p>\n<p>6- Lewis Hamilton (Mercedes), 46 puntos<\/p>\n<p>7- Lando Norris (McLaren), 39 puntos<\/p>\n<p>8- Valtteri Bottas (Alfa Romeo), 38 puntos<\/p>\n<p>9- Esteban Ocon (Alpine), 30 puntos<\/p>\n<p>10- Kevin Magnussen (Haas), 15 puntos<\/p>\n<p>11- Daniel Ricciardo (McLaren), 11 puntos<\/p>\n<p>12- Yuki Tsunoda (Alpha Tauri), 11 puntos<\/p>\n<p>13- Pierre Gasly (Alpha Tauri), 6 puntos<\/p>\n<p>14- Sebastian Vettel (Aston Martin), 4 puntos<\/p>\n<p>15- Fernando Alonso (Alpine), 4 puntos<\/p>\n<p>16- Alex Albon (Williams), 3 puntos<\/p>\n<p>17- Lance Stroll (Aston Martin), 2 puntos<\/p>\n<p>18- Guanyu Zhou (Alfa Romeo), un punto<\/p>\n<p>19- Mick Schumacher (Haas), 0 puntos<\/p>\n<p>20- Niko Hulkenberg * (Aston Martin), 0 puntos<\/p>\n<p>21- Nicholas Latifi (Williams), 0 puntos<\/p>\n<p>* Reemplaz\u00f3 a Sebastian Vettel durante las dos primeras fechas<\/p>\n<h2>Constructores<\/h2>\n<p>1- Red Bull, 195 puntos<\/p>\n<p>2- Ferrari, 169 puntos<\/p>\n<p>3- Mercedes, 120 puntos<\/p>\n<p>4- McLaren, 50 puntos<\/p>\n<p>5-Alfa Romeo, 39 puntos<\/p>\n<p>6- Alpine, 34 puntos<\/p>\n<p>7- Alpha Tauri, 17 puntos<\/p>\n<p>8- Haas, 15 puntos<\/p>\n<p>9- Aston Martin, 6 puntos<\/p>\n<p>10- Williams, 3 puntos<\/p>\n<div class=\"entry-tags\">\n<h2>TEMAS QUE APARECEN EN ESTA NOTA<\/h2>\n<\/p><\/div>\n","protected":false},"excerpt":{"rendered":"<p>La F\u00f3rmula 1 acaba de dejar atr\u00e1s otra emocionante fecha en Espa\u00f1a. All\u00ed se destac\u00f3 la victoria de Max Verstappen (Red Bull), que desplaz\u00f3 de la cima de la tabla de posiciones a Charles Leclerc (Ferrari), quien abandon\u00f3 la carrera por un problema de motor. Mir\u00e1 tambi\u00e9n Sin embargo, el round en Montmel\u00f3 tambi\u00e9n dej\u00f3 [&hellip;]<\/p>\n","protected":false},"author":1,"featured_media":60671,"comment_status":"closed","ping_status":"closed","sticky":false,"template":"","format":"standard","meta":[],"categories":[21],"tags":[],"_links":{"self":[{"href":"http:\/\/cordobadirecto.com\/index.php\/wp-json\/wp\/v2\/posts\/60670"}],"collection":[{"href":"http:\/\/cordobadirecto.com\/index.php\/wp-json\/wp\/v2\/posts"}],"about":[{"href":"http:\/\/cordobadirecto.com\/index.php\/wp-json\/wp\/v2\/types\/post"}],"author":[{"embeddable":true,"href":"http:\/\/cordobadirecto.com\/index.php\/wp-json\/wp\/v2\/users\/1"}],"replies":[{"embeddable":true,"href":"http:\/\/cordobadirecto.com\/index.php\/wp-json\/wp\/v2\/comments?post=60670"}],"version-history":[{"count":0,"href":"http:\/\/cordobadirecto.com\/index.php\/wp-json\/wp\/v2\/posts\/60670\/revisions"}],"wp:featuredmedia":[{"embeddable":true,"href":"http:\/\/cordobadirecto.com\/index.php\/wp-json\/wp\/v2\/media\/60671"}],"wp:attachment":[{"href":"http:\/\/cordobadirecto.com\/index.php\/wp-json\/wp\/v2\/media?parent=60670"}],"wp:term":[{"taxonomy":"category","embeddable":true,"href":"http:\/\/cordobadirecto.com\/index.php\/wp-json\/wp\/v2\/categories?post=60670"},{"taxonomy":"post_tag","embeddable":true,"href":"http:\/\/cordobadirecto.com\/index.php\/wp-json\/wp\/v2\/tags?post=60670"}],"curies":[{"name":"wp","href":"https:\/\/api.w.org\/{rel}","templated":true}]}}