{"id":60716,"date":"2022-05-24T15:20:56","date_gmt":"2022-05-24T15:20:56","guid":{"rendered":"https:\/\/cordoba.gob.ar\/?p=25369"},"modified":"2022-05-24T15:20:56","modified_gmt":"2022-05-24T15:20:56","slug":"se-entregaron-los-certificados-de-capacitacion-laboral-y-en-oficios-dictados-en-los-parques-educativos","status":"publish","type":"post","link":"http:\/\/cordobadirecto.com\/index.php\/2022\/05\/24\/se-entregaron-los-certificados-de-capacitacion-laboral-y-en-oficios-dictados-en-los-parques-educativos\/","title":{"rendered":"Se entregaron los certificados de capacitaci\u00f3n laboral y en oficios dictados en los Parques Educativos"},"content":{"rendered":"<div><img src=\"http:\/\/cordobadirecto.com\/wp-content\/uploads\/2022\/05\/se-entregaron-los-certificados-de-capacitacion-laboral-y-en-oficios-dictados-en-los-parques-educativos.jpg\" class=\"ff-og-image-inserted\"><\/div>\n<ul>\n<li><strong>Se hizo entrega de reconocimientos a casi 300 vecinos que se formaron mediante programas educativos provinciales y municipales.<\/strong><\/li>\n<li><strong>Tambi\u00e9n se anunci\u00f3 el inicio de nuevos cursos.<\/strong><\/li>\n<\/ul>\n<hr>\n<p>La Secretar\u00eda de Educaci\u00f3n y la Secretar\u00eda de Desarrollo Metropolitano de la Municipalidad de C\u00f3rdoba, junto al Ministerio de Promoci\u00f3n del Empleo y de la Econom\u00eda Familiar y el Ministerio de Educaci\u00f3n del Gobierno de la provincia de C\u00f3rdoba, realizaron la entrega de certificados a casi 300 estudiantes que se formaron mediante cursos gratuitos de capacitaci\u00f3n laboral y en oficios en los Parques Educativos.<\/p>\n<p>Los cinco parques, a trav\u00e9s de sus Centros de Formaci\u00f3n Profesional y Capacitaci\u00f3n Laboral, recibieron a m\u00e1s de 350 vecinos de toda la ciudad, de los cuales 296 finalizaron cursos en distintas \u00e1reas.<\/p>\n<p>Adem\u00e1s, 114 personas fueron certificadas por la culminaci\u00f3n de las clases de cursos vinculados con el sector metalmec\u00e1nico, de la econom\u00eda familiar y social, gastronom\u00eda y artesan\u00edas.<\/p>\n<p>Los cursos dictados como parte de esta iniciativa fueron: Auxiliar en Recursos Humanos; Elaboraci\u00f3n de piezas de cer\u00e1mica; Auxiliar en actividades deportivas; Asistencia en panader\u00eda y pasteler\u00eda; Auxiliar en electricidad de inmuebles; Alfabetizaci\u00f3n inform\u00e1tica; Asistencia en cocina, Auxiliar en construcciones; Auxiliar en peluquer\u00eda y Elaboraci\u00f3n de piezas de cer\u00e1mica, entre otros.<\/p>\n<p>Las propuestas son gratuitas, est\u00e1n certificadas de manera oficial y corresponden al Programa \u201cC\u00f3rdoba Me Capacita\u201d. Adem\u00e1s, fueron dictadas por la Direcci\u00f3n de Parques Educativos de la Secretar\u00eda de Educaci\u00f3n y el Ministerio de Promoci\u00f3n del Empleo y de la Econom\u00eda Familiar de la provincia.<\/p>\n<p>Al mismo tiempo, se articularon propuestas de formaci\u00f3n con los Centros de Oportunidades para el Aprendizaje en tres de los Parques Educativos Sur, Este y Noroeste con la Subsecretar\u00eda de Promoci\u00f3n del Empleo de la Secretar\u00eda de Desarrollo Metropolitano de la Municipalidad.<\/p>\n<p>El acto cont\u00f3 con la participaci\u00f3n del secretario de Gobierno, Miguel Siciliano, el secretario de Educaci\u00f3n Horacio Ferreyra, el secretario de Desarrollo Metropolitano, Gabriel Bermudez y la presidenta provisoria del Honorable Concejo Deliberante Natalia Qui\u00f1onez. Por su parte, desde el Gobierno de la provincia de C\u00f3rdoba, particip\u00f3 Julio Castro, el&nbsp; director de Formaci\u00f3n Profesional del Ministerio de Promoci\u00f3n del Empleo y de la Econom\u00eda Familiar.<\/p>\n<p>En la ocasi\u00f3n, el secretario de Gobierno Miguel Siciliano ratific\u00f3: <em>\u201cEl compromiso de este Gobierno Municipal es el de seguir trabajando junto a las comunidades para acercar m\u00e1s y mejores oportunidades educativas\u201d.<\/em><\/p>\n<p>Por su parte, el secretario de Educaci\u00f3n, Horacio Ferreyra, sostuvo: <em>\u201cEsta iniciativa de trabajo conjunto entre distintas Secretarias de la Municipalidad y de Ministerios de la Provincia nos permiten afirmar, que ustedes, vecinas y vecinos de distintos barrios de la ciudad, nos han demostrado que con esfuerzo y dedicaci\u00f3n han podido finalizar su formaci\u00f3n profesional y capacitarse en un oficio, haciendo realidad una de sus metas personal en comunidad.\u201d<\/em><\/p>\n<p>Adem\u00e1s, a\u00f1adi\u00f3: <em>\u201cDe esta manera, estamos haciendo realidad uno de los objetivos, que nuestro intendente, Mart\u00edn Llaryora, nos plante\u00f3 en el Plan de Metas 2020-2023 para generar m\u00e1s oportunidades con inclusi\u00f3n, en la C\u00f3rdoba del Conocimiento. Felicitaciones por el logro, los invitamos a seguir form\u00e1ndose en los cursos que se est\u00e1n desarrollando en los cinco parques educativos y de los nuevos que se iniciar\u00e1n en el mes de junio. Para el Gobierno Municipal la educaci\u00f3n es y seguir\u00e1 siendo una prioridad\u201d.<\/em><\/p>\n<p>En este mismo sentido, el secretario Gabriel Bermudez sostuvo: <em>\u201cEste trabajo desarrollado de manera conjunta entre el \u00c1rea de Empleo y Educaci\u00f3n de la Municipalidad nos permite afirmar que estamos dando respuestas a las necesidad de formaci\u00f3n que nos plantea los vecinos de la ciudad\u201d.<\/em><\/p>\n<p>Al respecto, Julio Castro, director del Ministerio de Promoci\u00f3n de Empleo y Econom\u00eda Familiar del Gobierno de la Provincia manifest\u00f3: <em>\u201cEstas acciones se inscriben en el programa \u201cC\u00f3rdoba Me Capacita\u201d del Ministerio y constituyen una oportunidad para que miles de vecinas y vecinos de la ciudad, junto al municipio y organizaciones de la comunidad accedan a una formaci\u00f3n profesional. De esta manera, les permite formarse en sus respectivos barrios, accediendo a ofertas de calidad vinculadas con el desarrollo personal y productivo de la ciudad de C\u00f3rdoba\u201d.<\/em><\/p>\n<p>Adem\u00e1s, ratific\u00f3 el compromiso de la provincia de seguir apoyando a la Municipalidad con la implementaci\u00f3n de m\u00e1s cursos desde los Centros de Formaci\u00f3n Profesional y Laboral que funcionan en los Parques.<\/p>\n<p>Los cinco Parques Educativos en el a\u00f1o 2021, han sido reconocidos como Centros de Formaci\u00f3n Profesional y Laboral por los Ministerios de Educaci\u00f3n provincial y nacional, por lo que su certificaci\u00f3n oficial tiene validez en todo el pa\u00eds.<\/p>\n<p>Natalia Qui\u00f1onez, presidenta provisoria del Honorable Concejo Deliberante, felicito a los egresados y ratifico:&nbsp; \u201cEn los pr\u00f3ximos d\u00edas se iniciaran 5 cursos de desarrollo full stack dictados de manera conjunta con el Ministerio de Educaci\u00f3n y de otros&nbsp; 25 cursos articulados en el marco del programa \u201cC\u00f3rdoba Me Capacita\u201d del Ministerio de Promoci\u00f3n de Empleo y Econom\u00eda Familiar de la provincia, en los cinco parques educativos dependientes de la Secretar\u00eda de Educaci\u00f3n. Esto significa m\u00e1s oportunidad de formaci\u00f3n para las vecinas y vecinos de la ciudad\u201d.<\/p>\n<p>Tambi\u00e9n, estuvieron presentes la subsecretaria de Coordinaci\u00f3n Educativa,&nbsp; Mar\u00eda Jos\u00e9 Viola; la directora de Parques Educativos, Mar\u00eda Eugenia Rotondi; la subdirectora del Parque Educativo Este, Mabel Basualdo, y los subdirectores de los Parques Educativos Municipales. Acompa\u00f1aron la jornada autoridades de los CPC y de instituciones de la comunidad, junto a vecinos, alumnos y trabajadores de Parques Educativos.<\/p>\n","protected":false},"excerpt":{"rendered":"<p>Se hizo entrega de reconocimientos a casi 300 vecinos que se formaron mediante programas educativos provinciales y municipales. Tambi\u00e9n se anunci\u00f3 el inicio de nuevos cursos. La Secretar\u00eda de Educaci\u00f3n y la Secretar\u00eda de Desarrollo Metropolitano de la Municipalidad de C\u00f3rdoba, junto al Ministerio de Promoci\u00f3n del Empleo y de la Econom\u00eda Familiar y el [&hellip;]<\/p>\n","protected":false},"author":1,"featured_media":60717,"comment_status":"closed","ping_status":"closed","sticky":false,"template":"","format":"standard","meta":[],"categories":[44],"tags":[],"_links":{"self":[{"href":"http:\/\/cordobadirecto.com\/index.php\/wp-json\/wp\/v2\/posts\/60716"}],"collection":[{"href":"http:\/\/cordobadirecto.com\/index.php\/wp-json\/wp\/v2\/posts"}],"about":[{"href":"http:\/\/cordobadirecto.com\/index.php\/wp-json\/wp\/v2\/types\/post"}],"author":[{"embeddable":true,"href":"http:\/\/cordobadirecto.com\/index.php\/wp-json\/wp\/v2\/users\/1"}],"replies":[{"embeddable":true,"href":"http:\/\/cordobadirecto.com\/index.php\/wp-json\/wp\/v2\/comments?post=60716"}],"version-history":[{"count":0,"href":"http:\/\/cordobadirecto.com\/index.php\/wp-json\/wp\/v2\/posts\/60716\/revisions"}],"wp:featuredmedia":[{"embeddable":true,"href":"http:\/\/cordobadirecto.com\/index.php\/wp-json\/wp\/v2\/media\/60717"}],"wp:attachment":[{"href":"http:\/\/cordobadirecto.com\/index.php\/wp-json\/wp\/v2\/media?parent=60716"}],"wp:term":[{"taxonomy":"category","embeddable":true,"href":"http:\/\/cordobadirecto.com\/index.php\/wp-json\/wp\/v2\/categories?post=60716"},{"taxonomy":"post_tag","embeddable":true,"href":"http:\/\/cordobadirecto.com\/index.php\/wp-json\/wp\/v2\/tags?post=60716"}],"curies":[{"name":"wp","href":"https:\/\/api.w.org\/{rel}","templated":true}]}}