{"id":61037,"date":"2022-05-28T00:29:00","date_gmt":"2022-05-28T00:29:00","guid":{"rendered":"http:\/\/cordobadirecto.com\/index.php\/2022\/05\/28\/ucrania-reclama-a-la-union-europea-acelerar-las-sanciones-a-rusia\/"},"modified":"2022-05-28T00:29:00","modified_gmt":"2022-05-28T00:29:00","slug":"ucrania-reclama-a-la-union-europea-acelerar-las-sanciones-a-rusia","status":"publish","type":"post","link":"http:\/\/cordobadirecto.com\/index.php\/2022\/05\/28\/ucrania-reclama-a-la-union-europea-acelerar-las-sanciones-a-rusia\/","title":{"rendered":"Ucrania reclama a la Uni\u00f3n Europea acelerar las sanciones a Rusia"},"content":{"rendered":"<figure class=\"mb-3\"><img loading=\"lazy\" src=\"http:\/\/cordobadirecto.com\/wp-content\/uploads\/2022\/05\/ucrania-reclama-a-la-union-europea-acelerar-las-sanciones-a-rusia.jpg\" width=\"100%\" height=\"100%\" alt=\"Zelenski acus en las ltimas horas a Rusia de estar cometiendo un genocidio FOTO AFP\"><figcaption> Zelenski acus\u00f3 en las \u00faltimas horas a Rusia de estar cometiendo un &#8220;genocidio&#8221;. (FOTO: AFP). <\/figcaption><\/figure>\n<p>El presidente ucraniano Volodimir Zelenski acus\u00f3 en las \u00faltimas horas a Rusia de estar cometiendo un &#8220;genocidio&#8221; en el Donbass, la regi\u00f3n del este del pa\u00eds donde se concentran actualmente los combates, y se quej\u00f3 de la tardanza de la Uni\u00f3n Europea (UE) para definir un nuevo paquete de sanciones contra el Kremlin.<\/p>\n<p><strong>&#8220;La actual ofensiva de los ocupantes en el Donbass podr\u00eda dejar la regi\u00f3n inhabitada&#8221;, afirm\u00f3 el mandatario en su discurso <\/strong>televisivo diario, acusando a Mosc\u00fa de querer &#8220;reducir a cenizas&#8221; varias ciudades de la regi\u00f3n donde vive una mayor\u00eda rusoparlante.<\/p>\n<p>Rusia ejerce la &#8220;deportaci\u00f3n&#8221; y &#8220;los asesinatos en masa de civiles&#8221; en el Donbass, insisti\u00f3. &#8220;Todo esto (&#8230;) es una pol\u00edtica evidente de genocidio&#8221;, agreg\u00f3 en declaraciones reproducidas por la agencia de noticias AFP.<\/p>\n<p>Zelenski se quej\u00f3 adem\u00e1s de la tardanza de la UE en aprobar un nuevo paquete de sanciones a Rusia por su invasi\u00f3n, que incluir\u00eda un embargo al petr\u00f3leo, y se pregunt\u00f3 por qu\u00e9 se le permite a algunos socios bloquear el plan.<\/p>\n<p>El presidente se refiri\u00f3 a &#8220;las semanas que lleva la UE intentando acordar un sexto paquete de sanciones contra Rusia&#8221; y record\u00f3 que Mosc\u00fa &#8220;recibe casi mil millones de euros al d\u00eda de los europeos por el suministro de energ\u00eda&#8221;, lo que le permite seguir financiando la guerra.<\/p>\n<p><strong>La Comisi\u00f3n Europea propuso un sexto paquete de sanciones a Rusia en represalia por la guerra en Ucrania.<\/strong><\/p>\n<p>El paquete que busca asfixiar a la econom\u00eda rusa contempla un embargo total y gradual al petr\u00f3leo ruso, pero la idea se estrell\u00f3 contra la oposici\u00f3n h\u00fangara, por sostener que tal medida amenaza su seguridad energ\u00e9tica.<\/p>\n<p>El plan de la Comisi\u00f3n incluso inclu\u00eda la posibilidad de conceder a Hungr\u00eda un plazo adicional para adaptar su infraestructura de forma de poder prescindir del petr\u00f3leo ruso, pero el Gobierno del presidente Viktor Orban no acepta las garant\u00edas ofrecidas.<\/p>\n<p>Este desacuerdo abri\u00f3 febriles negociaciones para convencer a Hungr\u00eda a sumarse a la idea del embargo, algo que todav\u00eda no ocurri\u00f3.<\/p>\n<p>&#8220;\u00bfDe d\u00f3nde han sacado tanto poder los que bloquean el sexto paquete? <strong>\u00bfPor qu\u00e9 se les sigue permitiendo tener tanto poder, incluso en los procedimientos intraeuropeos?&#8221;, se pregunt\u00f3 el presidente ucraniano<\/strong> sin mencionar a Hungr\u00eda, tras agradecer a los &#8220;pa\u00edses amigos&#8221; que impulsan las nuevas sanciones.<\/p>\n","protected":false},"excerpt":{"rendered":"<p>Zelenski acus\u00f3 en las \u00faltimas horas a Rusia de estar cometiendo un &#8220;genocidio&#8221;. (FOTO: AFP). El presidente ucraniano Volodimir Zelenski acus\u00f3 en las \u00faltimas horas a Rusia de estar cometiendo un &#8220;genocidio&#8221; en el Donbass, la regi\u00f3n del este del pa\u00eds donde se concentran actualmente los combates, y se quej\u00f3 de la tardanza de la [&hellip;]<\/p>\n","protected":false},"author":1,"featured_media":61038,"comment_status":"closed","ping_status":"closed","sticky":false,"template":"","format":"standard","meta":[],"categories":[24],"tags":[],"_links":{"self":[{"href":"http:\/\/cordobadirecto.com\/index.php\/wp-json\/wp\/v2\/posts\/61037"}],"collection":[{"href":"http:\/\/cordobadirecto.com\/index.php\/wp-json\/wp\/v2\/posts"}],"about":[{"href":"http:\/\/cordobadirecto.com\/index.php\/wp-json\/wp\/v2\/types\/post"}],"author":[{"embeddable":true,"href":"http:\/\/cordobadirecto.com\/index.php\/wp-json\/wp\/v2\/users\/1"}],"replies":[{"embeddable":true,"href":"http:\/\/cordobadirecto.com\/index.php\/wp-json\/wp\/v2\/comments?post=61037"}],"version-history":[{"count":0,"href":"http:\/\/cordobadirecto.com\/index.php\/wp-json\/wp\/v2\/posts\/61037\/revisions"}],"wp:featuredmedia":[{"embeddable":true,"href":"http:\/\/cordobadirecto.com\/index.php\/wp-json\/wp\/v2\/media\/61038"}],"wp:attachment":[{"href":"http:\/\/cordobadirecto.com\/index.php\/wp-json\/wp\/v2\/media?parent=61037"}],"wp:term":[{"taxonomy":"category","embeddable":true,"href":"http:\/\/cordobadirecto.com\/index.php\/wp-json\/wp\/v2\/categories?post=61037"},{"taxonomy":"post_tag","embeddable":true,"href":"http:\/\/cordobadirecto.com\/index.php\/wp-json\/wp\/v2\/tags?post=61037"}],"curies":[{"name":"wp","href":"https:\/\/api.w.org\/{rel}","templated":true}]}}