{"id":61157,"date":"2022-05-27T23:17:05","date_gmt":"2022-05-27T23:17:05","guid":{"rendered":"https:\/\/www.ole.com.ar\/autos\/ricciardo-mclaren-choque-monaco-_0_lvMcU0zTRD.html"},"modified":"2022-05-27T23:17:05","modified_gmt":"2022-05-27T23:17:05","slug":"video-el-durisimo-choque-de-ricciardo-y-el-enojo-con-sus-ingenieros","status":"publish","type":"post","link":"http:\/\/cordobadirecto.com\/index.php\/2022\/05\/27\/video-el-durisimo-choque-de-ricciardo-y-el-enojo-con-sus-ingenieros\/","title":{"rendered":"Video: el dur\u00edsimo choque de Ricciardo y el enojo con sus ingenieros"},"content":{"rendered":"<p>El piloto de<strong> McLaren<\/strong>&nbsp;<strong>Daniel Ricciardo<\/strong>&nbsp;no tuvo el mejor comienzo en el <strong>gran premio de M\u00f3naco<\/strong> de este fin de semana. El australiano<strong> no pudo completar las segundas pruebas libres,<\/strong> debido a una colisi\u00f3n en la variante de Piscine que lo dejo afuera. De esta manera,&nbsp;su novela con el equipo ingl\u00e9s, que&nbsp;no est\u00e1 del todo conforme con su rendimiento, sum\u00f3 un nuevo cap\u00edtulo, a horas de una nueva carrera de la<a alt=\"formula-1\" class=\"slug\" href=\"https:\/\/www.ole.com.ar\/tema\/formula-1.html\" target=\"_blank\" title=\"formula-1\" rel=\"noopener\"> <strong>Formula 1<\/strong><\/a>.<\/p>\n<p> Tras haber marcado un buen desempe\u00f1o en la primera prueba del viernes, en la que lleg\u00f3 s\u00e9ptimo con un tiempo de 1.15:157 (a 0.626 <a target=\"_blank\" href=\"https:\/\/www.ole.com.ar\/autos\/charles-leclerc-gp-monaco-maldicion_0_Y7w2PogcSo.html\" rel=\"noopener\">segundos de Leclerc<\/a>), <strong>el auto del australiano impact\u00f3 contra la barrera de contenci\u00f3n, producto de la suciedad en la pista. En consecuencia, destroz\u00f3<\/strong>&nbsp;<strong>todo el tren delantero izquierdo<\/strong> y provoc\u00f3 la bandera roja. Ahora, la inc\u00f3gnita pasa por saber si Riccardo llegar\u00e1 en \u00f3ptimas condiciones a la qualy, dado que una charla con sus ingenieros llev\u00f3 preocupaci\u00f3n.<\/p>\n<div class=\"sp__SM\">\n<div class=\"content-new \">\n<span class=\"tit-mobile\">Mir\u00e1 tambi\u00e9n<\/span><\/p>\n<div class=\"mg\">\n<div class=\"wrap-figure\">\n<picture>\n<a href=\"https:\/\/www.ole.com.ar\/tenis\/carlos-alcaraz-korda-roland-garros_0_O2tQv9pCD8.html\" target=\"_self\" rel=\"noopener\"><br \/>\n<img class=\"img-responsive\" alt=\"Alcaraz meti\u00f3 un triunfazo y qued\u00f3 cerca de una marca de Djokovic\" src=\"http:\/\/cordobadirecto.com\/wp-content\/uploads\/2022\/05\/video-el-durisimo-choque-de-ricciardo-y-el-enojo-con-sus-ingenieros.jpg\" loading=\"lazy\"><br \/>\n<\/a>\n<\/picture>\n<\/div>\n<\/div><\/div>\n<\/div>\n<h2><strong>El enojo de Ricciardo<\/strong><\/h2>\n<p> Luego del fuerte choque,<strong> los ingenieros del equipo ingl\u00e9s se comunicaron con el piloto para indagar por la situaci\u00f3n<\/strong>, pero la pregunta enoj\u00f3 a Daniel. \u201c<strong>\u00bfEst\u00e1 bien el auto?<\/strong>\u201d, fueron las palabras de su equipo, a lo que Ricciardo respondi\u00f3 con cierto enojo: \u201c<strong>Yo estoy bien, gracias<\/strong>\u201d. Finalmente, el ingeniero del equipo expres\u00f3 por la radio su tranquilidad y dijo&nbsp;<strong>\u201cestoy muy contento de que est\u00e9s bien, el coche ya lo arreglaremos<\/strong>&#8220;.<\/p>\n<div class=\"sp__SM\">\n<div class=\"content-new \">\n<span class=\"tit-mobile\">Mir\u00e1 tambi\u00e9n<\/span><\/p>\n<div class=\"mg\">\n<div class=\"wrap-figure\">\n<picture>\n<a href=\"https:\/\/www.ole.com.ar\/autos\/tremendo-vuelco-indianapolis_0_XFyM2DaslN.html\" target=\"_self\" rel=\"noopener\"><br \/>\n<img class=\"img-responsive\" alt=\"Impactante vuelco en Indian\u00e1polis\" src=\"http:\/\/cordobadirecto.com\/wp-content\/uploads\/2022\/05\/video-el-durisimo-choque-de-ricciardo-y-el-enojo-con-sus-ingenieros-1.jpg\" loading=\"lazy\"><br \/>\n<\/a>\n<\/picture>\n<\/div>\n<\/div><\/div>\n<\/div>\n<p>Superada esta situaci\u00f3n, el expiloto de Renault coment\u00f3 su visi\u00f3n: &#8220;<strong>La primera sesi\u00f3n de entrenamientos fue muy positiva<\/strong> y tuvimos un buen ritmo. La segunda, sin embargo, no dur\u00f3 mucho, <strong>quer\u00edamos llevar el coche al l\u00edmite probando algunos aspectos de la puesta a punto<\/strong>\u201d.<\/p>\n<div class=\"sp__Normal\">\n<div class=\"image-embeb image-trigger\" readability=\"6\">\n<picture><source media=\"(min-width: 720px)\" srcset=\"http:\/\/cordobadirecto.com\/wp-content\/uploads\/2022\/05\/video-el-durisimo-choque-de-ricciardo-y-el-enojo-con-sus-ingenieros-2.jpg\"><img itemprop=\"image\" src=\"http:\/\/cordobadirecto.com\/wp-content\/uploads\/2022\/05\/video-el-durisimo-choque-de-ricciardo-y-el-enojo-con-sus-ingenieros-2.jpg\" loading=\"lazy\" alt=\"Daniel Ricciardo en la previa de los entrenamientos en M\u00f3naco.\">\n<\/picture><figcaption readability=\"2\">\n<p>Daniel Ricciardo en la previa de los entrenamientos en M\u00f3naco.\n<\/p>\n<\/figcaption><\/div>\n<\/div>\n<p> El australiano tambi\u00e9n <strong>explic\u00f3 las claves del incidente<\/strong>: \u201c<strong>Probablemente nos excedimos al final y por eso perd\u00ed el control<\/strong>. Intent\u00e9 hacer todo lo posible para recuperarlo, pero la pista es realmente despiadada y no te deja salida\u201d. <strong>&#8220;Sabemos d\u00f3nde nos equivocamos y ma\u00f1ana arreglaremos todo<\/strong>. Obviamente ser\u00e1 una larga noche, pero no dejaremos que eso nos afecte\u201d, dijo Ricciardo.<\/p>\n<div class=\"sp__SM\">\n<div class=\"content-new \">\n<span class=\"tit-mobile\">Mir\u00e1 tambi\u00e9n<\/span><\/p>\n<div class=\"mg\">\n<div class=\"wrap-figure\">\n<picture>\n<a href=\"https:\/\/www.ole.com.ar\/autos\/charles-leclerc-f1-monaco-ferrari_0_TPVnxiUSmp.html\" target=\"_self\" rel=\"noopener\"><br \/>\n<img class=\"img-responsive\" alt=\"Leclerc empez\u00f3 arriba en su casa\" src=\"http:\/\/cordobadirecto.com\/wp-content\/uploads\/2022\/05\/video-el-durisimo-choque-de-ricciardo-y-el-enojo-con-sus-ingenieros-3.jpg\" loading=\"lazy\"><br \/>\n<\/a>\n<\/picture>\n<\/div>\n<\/div><\/div>\n<\/div>\n<p> Para la suerte de McLaren, <strong>Lando Norris<\/strong> <strong>estuvo m\u00e1s firme en las pr\u00e1cticas<\/strong> y logr\u00f3 salvar lo que parec\u00eda un inicio de gran premio muy gris para los ingleses.<strong> El piloto brit\u00e1nico finaliz\u00f3 en la quinta posici\u00f3n en ambas pruebas<\/strong>, con un tiempo de 1.15.056 en el segundo entrenamiento,&nbsp;<a target=\"_blank\" href=\"https:\/\/www.ole.com.ar\/autos\/charles-leclerc-f1-monaco-ferrari_0_TPVnxiUSmp.html\" rel=\"noopener\">por detr\u00e1s de las parejas de Red Bull y Mercedes<\/a>.<\/p>\n<h2><strong>Las pol\u00e9micas con McLaren<\/strong><\/h2>\n<p> En los \u00faltimos d\u00edas,<strong> luego del Gran Premio de Espa\u00f1a<\/strong>,<strong> el director ejecutivo de McLaren, Zak Brown<\/strong>, hab\u00eda tenido fuertes declaraciones sobre el piloto australiano.&nbsp;\u201cExceptuando Monza y algunas otras carreras, <strong>no ha cumplido con las expectativas<\/strong>\u201d, afirm\u00f3. En ese sentido,&nbsp;<strong>la butaca de Ricciardo podr\u00eda peligro en la escuder\u00eda<\/strong>.<\/p>\n<div class=\"sp__SM\">\n<div class=\"content-new \">\n<span class=\"tit-mobile\">Mir\u00e1 tambi\u00e9n<\/span><\/p>\n<div class=\"mg\">\n<div class=\"wrap-figure\">\n<picture>\n<a href=\"https:\/\/www.ole.com.ar\/tenis\/nadal-real-madrid-campeon-roland-garros_0_ThkNzIZe8b.html\" target=\"_self\" rel=\"noopener\"><br \/>\n<img class=\"img-responsive\" alt=\"Qu\u00e9 prefiere Nadal: \u00bfcampe\u00f3n el Real Madrid o \u00e9l en Roland Garros?\" src=\"http:\/\/cordobadirecto.com\/wp-content\/uploads\/2022\/05\/video-el-durisimo-choque-de-ricciardo-y-el-enojo-con-sus-ingenieros-4.jpg\" loading=\"lazy\"><br \/>\n<\/a>\n<\/picture>\n<\/div>\n<\/div><\/div>\n<\/div>\n<p> Brown tambi\u00e9n comparti\u00f3 que el rendimiento del australiano est\u00e1 siendo observado y, pese a que su contrato inicialmente era por dos a\u00f1os con el equipo (hasta 2023), comenzar\u00edan a negociar para que abandone la escuder\u00eda. \u201c<strong>Daniel tiene dificultades para conseguir las prestaciones que nos gustar\u00eda tuviera<\/strong>\u201d, coment\u00f3 el magnate californiano.<\/p>\n<div class=\"sp__Normal\">\n<div class=\"image-embeb image-trigger\" readability=\"6.5\">\n<picture><source media=\"(min-width: 720px)\" srcset=\"http:\/\/cordobadirecto.com\/wp-content\/uploads\/2022\/05\/video-el-durisimo-choque-de-ricciardo-y-el-enojo-con-sus-ingenieros-5.jpg\"><img itemprop=\"image\" src=\"http:\/\/cordobadirecto.com\/wp-content\/uploads\/2022\/05\/video-el-durisimo-choque-de-ricciardo-y-el-enojo-con-sus-ingenieros-5.jpg\" loading=\"lazy\" alt=\"Zak Brown, la cabeza ejecutiva de la escuder\u00eda McLaren.\">\n<\/picture><figcaption readability=\"3\">\n<p>Zak Brown, la cabeza ejecutiva de la escuder\u00eda McLaren.\n<\/p>\n<\/figcaption><\/div>\n<\/div>\n<p> Ricciardo est\u00e1 convencido de que se recuperar\u00e1 y por ello trabajan muy duro con el equipo. \u201cLos comentarios no me afectan porque mi piel es bronceada, bella y tambi\u00e9n dura.<strong> Tengo muy claro que no deseo pelearme por la d\u00e9cima o duod\u00e9cima posici\u00f3n. Estoy convencido de que puedo estar m\u00e1s arriba y&nbsp;<\/strong>llegar al grupo de arriba de la grilla&#8221;, ha dicho Daniel, luego de las palabras del director ejecutivo.<\/p>\n<div class=\"sp__SM\">\n<div class=\"content-new \">\n<span class=\"tit-mobile\">Mir\u00e1 tambi\u00e9n<\/span><\/p>\n<div class=\"mg\">\n<div class=\"wrap-figure\">\n<picture>\n<a href=\"https:\/\/www.ole.com.ar\/seleccion\/seleccion-mascherano-toulon-francia_0_ZeLl32LS8S.html\" target=\"_self\" rel=\"noopener\"><br \/>\n<img class=\"img-responsive\" alt=\"La Sub 20, rumbo al Esperanzas de Toulon\" src=\"http:\/\/cordobadirecto.com\/wp-content\/uploads\/2022\/05\/video-el-durisimo-choque-de-ricciardo-y-el-enojo-con-sus-ingenieros-6.jpg\" loading=\"lazy\"><br \/>\n<\/a>\n<\/picture>\n<\/div>\n<\/div><\/div>\n<\/div>\n<div class=\"entry-tags\">\n<h2>TEMAS QUE APARECEN EN ESTA NOTA<\/h2>\n<\/p><\/div>\n","protected":false},"excerpt":{"rendered":"<p>El piloto de McLaren&nbsp;Daniel Ricciardo&nbsp;no tuvo el mejor comienzo en el gran premio de M\u00f3naco de este fin de semana. El australiano no pudo completar las segundas pruebas libres, debido a una colisi\u00f3n en la variante de Piscine que lo dejo afuera. De esta manera,&nbsp;su novela con el equipo ingl\u00e9s, que&nbsp;no est\u00e1 del todo conforme [&hellip;]<\/p>\n","protected":false},"author":1,"featured_media":61158,"comment_status":"closed","ping_status":"closed","sticky":false,"template":"","format":"standard","meta":[],"categories":[21],"tags":[],"_links":{"self":[{"href":"http:\/\/cordobadirecto.com\/index.php\/wp-json\/wp\/v2\/posts\/61157"}],"collection":[{"href":"http:\/\/cordobadirecto.com\/index.php\/wp-json\/wp\/v2\/posts"}],"about":[{"href":"http:\/\/cordobadirecto.com\/index.php\/wp-json\/wp\/v2\/types\/post"}],"author":[{"embeddable":true,"href":"http:\/\/cordobadirecto.com\/index.php\/wp-json\/wp\/v2\/users\/1"}],"replies":[{"embeddable":true,"href":"http:\/\/cordobadirecto.com\/index.php\/wp-json\/wp\/v2\/comments?post=61157"}],"version-history":[{"count":0,"href":"http:\/\/cordobadirecto.com\/index.php\/wp-json\/wp\/v2\/posts\/61157\/revisions"}],"wp:featuredmedia":[{"embeddable":true,"href":"http:\/\/cordobadirecto.com\/index.php\/wp-json\/wp\/v2\/media\/61158"}],"wp:attachment":[{"href":"http:\/\/cordobadirecto.com\/index.php\/wp-json\/wp\/v2\/media?parent=61157"}],"wp:term":[{"taxonomy":"category","embeddable":true,"href":"http:\/\/cordobadirecto.com\/index.php\/wp-json\/wp\/v2\/categories?post=61157"},{"taxonomy":"post_tag","embeddable":true,"href":"http:\/\/cordobadirecto.com\/index.php\/wp-json\/wp\/v2\/tags?post=61157"}],"curies":[{"name":"wp","href":"https:\/\/api.w.org\/{rel}","templated":true}]}}