{"id":61223,"date":"2022-05-28T20:01:00","date_gmt":"2022-05-28T20:01:00","guid":{"rendered":"http:\/\/cordobadirecto.com\/index.php\/2022\/05\/28\/bachelet-aseguro-que-su-visita-a-china-no-fue-una-investigacion-sobre-ddhh\/"},"modified":"2022-05-28T20:01:00","modified_gmt":"2022-05-28T20:01:00","slug":"bachelet-aseguro-que-su-visita-a-china-no-fue-una-investigacion-sobre-ddhh","status":"publish","type":"post","link":"http:\/\/cordobadirecto.com\/index.php\/2022\/05\/28\/bachelet-aseguro-que-su-visita-a-china-no-fue-una-investigacion-sobre-ddhh\/","title":{"rendered":"Bachelet asegur\u00f3 que su visita a China &#8220;no fue una investigaci\u00f3n&#8221; sobre DDHH"},"content":{"rendered":"<figure class=\"mb-3\"><img loading=\"lazy\" src=\"http:\/\/cordobadirecto.com\/wp-content\/uploads\/2022\/05\/bachelet-aseguro-que-su-visita-a-china-no-fue-una-investigacion-sobre-ddhh.jpg\" width=\"100%\" height=\"100%\" alt=\"Por su parte el presidente chino pidi no usar el tema de los derechos humanos con fines polticos ni aplicarle una doble vara Foto Xinhua\"><figcaption> Por su parte, el presidente chino pidi\u00f3 no usar el tema de los derechos humanos con fines pol\u00edticos ni aplicarle una doble vara \/ Foto: Xinhua. <\/figcaption><\/figure>\n<p>La Alta Comisionada de Derechos Humanos de la ONU, Michelle Bachelet, asegur\u00f3 este s\u00e1bado que su visita a China &#8220;no fue una investigaci\u00f3n&#8221; y que sus reuniones en la regi\u00f3n de Xinjiang, donde Beijing est\u00e1 acusado de reprimir a las minor\u00edas, no fueron supervisadas por las autoridades.<\/p>\n<p>Bachelet asegur\u00f3 tambi\u00e9n, en una conferencia de prensa, que hab\u00eda escuchado a quienes le reprocharon su ausencia de cr\u00edticas hacia el Gobierno chino y asegur\u00f3 que hab\u00eda hablado &#8220;con franqueza&#8221; a los dirigentes comunistas.<\/p>\n<p>El gigante asi\u00e1tico est\u00e1 acusado de retener a un mill\u00f3n de uigures y otras personas de minor\u00edas musulmanas en centros de detenci\u00f3n en Xinjiang, de esterilizar a las mujeres y obligar a estos ciudadanos a realizar trabajos forzados.<\/p>\n<p>La expresidenta chilena, de 70 a\u00f1os, lleg\u00f3 a Xinjiang el martes, en la <strong>primera visita de un alto funcionario de la ONU para derechos humanos en 17 a\u00f1os.<\/strong><\/p>\n<p>Al t\u00e9rmino de su visita, en una rueda de prensa por videoconferencia, Bachelet inst\u00f3 a China a evitar tomar &#8220;medidas arbitrarias&#8221; en la campa\u00f1a &#8220;antiterrorista&#8221; que las autoridades llevan a cabo en Xinjiang.<\/p>\n<p>La responsable asegur\u00f3 que las autoridades de esta regi\u00f3n china le hab\u00edan garantizado que la red de &#8220;centros de formaci\u00f3n profesional&#8221; -unos lugares que organizaciones humanitarias califican de campos de reeducaci\u00f3n forzada- fue &#8220;desmantelada&#8221;.<\/p>\n<p>Bachelet tambi\u00e9n explic\u00f3 que hab\u00eda mencionado el tema de la<strong> separaci\u00f3n de las familias de uigures <\/strong>durante sus reuniones con las autoridades de Xinjiang.<\/p>\n<p><strong>&#8220;Somos conscientes de la cantidad de gente que est\u00e1 buscando noticias de sus seres queridos. Esta y otras cuestiones fueron mencionadas ante las autoridades&#8221;<\/strong>, afirm\u00f3, citada por la agencia de noticias AFP.<\/p>\n<p>Por su parte, el presidente chino, Xi Jinping, pidi\u00f3 no usar el tema de los derechos humanos con fines pol\u00edticos ni aplicarle una doble vara.<\/p>\n<p><strong>&#8220;Cada pa\u00eds tiene una situaci\u00f3n diferente&#8221;<\/strong> que depende de su historia, su cultura y su desarrollo econ\u00f3mico, dijo el mandatario y agreg\u00f3 que, por eso, cada pa\u00eds debe seguir &#8220;su propia senda de desarrollo en materia de derechos humanos, que encaje con sus condiciones y las necesidades de su pueblo&#8221;.<\/p>\n<blockquote class=\"twitter-tweet\" readability=\"7.7616279069767\">\n<p lang=\"en\" dir=\"ltr\"><a href=\"https:\/\/twitter.com\/hashtag\/China?src=hash&amp;ref_src=twsrc%5Etfw\">#China<\/a>\ud83c\udde8\ud83c\uddf3: &#8220;The visit was an opportunity to hold discussions with senior leaders on human rights &amp; raise concerns, with a view to supporting China in fulfilling its obligations under intl human rights law&#8221; \u2013<a href=\"https:\/\/twitter.com\/mbachelet?ref_src=twsrc%5Etfw\">@mbachelet<\/a> at end of visit.<\/p>\n<p>\ud83d\udc49<a href=\"https:\/\/t.co\/ysuYVouzwv\">https:\/\/t.co\/ysuYVouzwv<\/a> <a href=\"https:\/\/t.co\/PKTaVZXDkF\">pic.twitter.com\/PKTaVZXDkF<\/a><\/p>\n<p>\u2014 UN Human Rights (@UNHumanRights) <a href=\"https:\/\/twitter.com\/UNHumanRights\/status\/1530570660648472576?ref_src=twsrc%5Etfw\">May 28, 2022<\/a><\/p><\/blockquote>\n<p>La gira de la funcionaria de la ONU fue blanco de cr\u00edticas por parte de grupos de derechos humanos y de uigures en el extranjero.<\/p>\n<p>&#8220;Renunciar es lo \u00fanico que ella deber\u00eda hacer por el Consejo de los Derechos Humanos&#8221;, dijo Dilxat Raxit, portavoz del Grupo de defensa del Congreso mundial uigur.<\/p>\n<p>El director ejecutivo de Human Rights Watch, Kenneth Roth, rest\u00f3 importancia al argumento de Bachelet de que su visita fue valiosa porque pudo hablar con franqueza a los funcionarios chinos.<\/p>\n<p>&#8220;Ese tipo de conversaciones tras bambalinas es justo lo que el gobierno chino quiere, sin informes p\u00fablicos, sin presi\u00f3n para poner fin a su intensa represi\u00f3n contra los uigures y otros&#8221;, se\u00f1al\u00f3 Roth por Twitter.<\/p>\n<p>La secretaria general de Amnist\u00eda Internacional, Agnes Callamard, afirm\u00f3 en comunicado que <strong>&#8220;la visita de la Alta comisionada se caracteriz\u00f3 por tomarse fotos con altos funcionarios del gobierno y la manipulaci\u00f3n de las declaraciones por los medios estatales chinos, dando la impresi\u00f3n de que particip\u00f3 directamente en un ejercicio de propaganda altamente predecible&#8221;<\/strong> del gobierno chino.<\/p>\n<figure class=\"mb-3\"><img loading=\"lazy\" src=\"http:\/\/cordobadirecto.com\/wp-content\/uploads\/2022\/05\/bachelet-aseguro-que-su-visita-a-china-no-fue-una-investigacion-sobre-ddhh-1.jpg\" width=\"100%\" height=\"100%\" alt=\"La gira de la funcionaria de la ONU fue blanco de crticas por parte de grupos de derechos humanos y de uigures en el extranjero Foto Xinhua\"><figcaption> La gira de la funcionaria de la ONU fue blanco de cr\u00edticas por parte de grupos de derechos humanos y de uigures en el extranjero \/ Foto: Xinhua. <\/figcaption><\/figure>\n<p>Un d\u00eda antes de la llegada de Bachelet a China, un consorcio de 14 medios internacionales incluidos la cadena brit\u00e1nica BBC, el diario franc\u00e9s Le Monde y el peri\u00f3dico espa\u00f1ol El Pa\u00eds, public\u00f3 documentos y fotograf\u00edas con mujeres, ni\u00f1os y ancianos internados en &#8220;campos de detenci\u00f3n&#8221;.<\/p>\n<p>Estados Unidos y parlamentos de otros pa\u00edses occidentales denunciaron un <strong>&#8220;genocidio&#8221;<\/strong>, acusaciones negadas de manera vehemente por China, que asegura que se trata de centros de formaci\u00f3n profesional para mantener alejada a la poblaci\u00f3n del separatismo y el islamismo extremo. <\/p>\n","protected":false},"excerpt":{"rendered":"<p>Por su parte, el presidente chino pidi\u00f3 no usar el tema de los derechos humanos con fines pol\u00edticos ni aplicarle una doble vara \/ Foto: Xinhua. La Alta Comisionada de Derechos Humanos de la ONU, Michelle Bachelet, asegur\u00f3 este s\u00e1bado que su visita a China &#8220;no fue una investigaci\u00f3n&#8221; y que sus reuniones en la [&hellip;]<\/p>\n","protected":false},"author":1,"featured_media":61224,"comment_status":"closed","ping_status":"closed","sticky":false,"template":"","format":"standard","meta":[],"categories":[24],"tags":[],"_links":{"self":[{"href":"http:\/\/cordobadirecto.com\/index.php\/wp-json\/wp\/v2\/posts\/61223"}],"collection":[{"href":"http:\/\/cordobadirecto.com\/index.php\/wp-json\/wp\/v2\/posts"}],"about":[{"href":"http:\/\/cordobadirecto.com\/index.php\/wp-json\/wp\/v2\/types\/post"}],"author":[{"embeddable":true,"href":"http:\/\/cordobadirecto.com\/index.php\/wp-json\/wp\/v2\/users\/1"}],"replies":[{"embeddable":true,"href":"http:\/\/cordobadirecto.com\/index.php\/wp-json\/wp\/v2\/comments?post=61223"}],"version-history":[{"count":0,"href":"http:\/\/cordobadirecto.com\/index.php\/wp-json\/wp\/v2\/posts\/61223\/revisions"}],"wp:featuredmedia":[{"embeddable":true,"href":"http:\/\/cordobadirecto.com\/index.php\/wp-json\/wp\/v2\/media\/61224"}],"wp:attachment":[{"href":"http:\/\/cordobadirecto.com\/index.php\/wp-json\/wp\/v2\/media?parent=61223"}],"wp:term":[{"taxonomy":"category","embeddable":true,"href":"http:\/\/cordobadirecto.com\/index.php\/wp-json\/wp\/v2\/categories?post=61223"},{"taxonomy":"post_tag","embeddable":true,"href":"http:\/\/cordobadirecto.com\/index.php\/wp-json\/wp\/v2\/tags?post=61223"}],"curies":[{"name":"wp","href":"https:\/\/api.w.org\/{rel}","templated":true}]}}