{"id":61333,"date":"2022-05-29T03:20:25","date_gmt":"2022-05-29T03:20:25","guid":{"rendered":"http:\/\/cordobadirecto.com\/index.php\/2022\/05\/29\/gimena-racconto-giunta-mi-madre-era-una-mujer-sin-pelos-en-la-lengua\/"},"modified":"2022-05-29T03:20:25","modified_gmt":"2022-05-29T03:20:25","slug":"gimena-racconto-giunta-mi-madre-era-una-mujer-sin-pelos-en-la-lengua","status":"publish","type":"post","link":"http:\/\/cordobadirecto.com\/index.php\/2022\/05\/29\/gimena-racconto-giunta-mi-madre-era-una-mujer-sin-pelos-en-la-lengua\/","title":{"rendered":"Gimena Racconto Giunta: &#8220;Mi madre era una mujer sin pelos en la lengua&#8221;"},"content":{"rendered":"<figure class=\"mb-3\"><img loading=\"lazy\" src=\"http:\/\/cordobadirecto.com\/wp-content\/uploads\/2022\/05\/gimena-racconto-giunta-mi-madre-era-una-mujer-sin-pelos-en-la-lengua.jpg\" width=\"100%\" height=\"100%\" alt=\"Hhija de la recordada actriz y maestra Ana Mara Giunta y del productor y director Ricardo Octavio Racconto Foto Victor Carreira\"><figcaption> Hhija de la recordada actriz y maestra Ana Mar\u00eda Giunta y del productor y director Ricardo Octavio Racconto (Foto Victor Carreira) <\/figcaption><\/figure>\n<p>Gimena Racconto Giunta es la directora y coautora de \u201cLo no dicho\u201d, una comedia dram\u00e1tica que indaga en los conflictos familiares y sus silencios luego de la muerte de la madre, basti\u00f3n del grupo, que va por su segunda temporada en el teatro La Mueca, en Cabrera 4255, en el barrio de Palermo, los domingos a las 15.<\/p>\n<p>Gimena es hija de la recordada actriz y maestra de actuaci\u00f3n Ana Mar\u00eda Giunta y el productor y director Ricardo Octavio Racconto, por lo que su vida fue atravesada desde el principio por el arte, las giras y todo lo relativo al quehacer de los escenarios.<\/p>\n<p>\u201cLa obra surgi\u00f3 junto al coautor Leopoldo Minotti, con el cual en esos momentos daba clases, para una muestra de fin de a\u00f1o con alumnos y alumnas\u201d, cont\u00f3 Gimena en di\u00e1logo con la agencia T\u00e9lam, en referencia a la pieza en la que act\u00faan Silvia Villazur, Angie Pagani, Emiliano Marino, Mirtha Oliveri, Juan Trzenko y Luciano Rojas.<\/p>\n<p>\u201cAl reencontrarme con el texto luego de unos a\u00f1os -prosigui\u00f3-, me di cuenta de su potencial para poder indagar y bucear en un tema que para m\u00ed siempre fue muy interesante, que es el de la comunicaci\u00f3n, del que la incomunicaci\u00f3n tambi\u00e9n forma parte. Comenc\u00e9 a reformular la obra desde esta perspectiva y aparecieron muchas preguntas\u201d<\/p>\n<figure class=\"mb-3\"><img loading=\"lazy\" src=\"http:\/\/cordobadirecto.com\/wp-content\/uploads\/2022\/05\/gimena-racconto-giunta-mi-madre-era-una-mujer-sin-pelos-en-la-lengua-1.jpg\" width=\"100%\" height=\"100%\" alt=\"Por sus padres su vida fue atravesada desde el principio por el arte las giras y los escenarios Foto Victor Carreira\"><figcaption> Por sus padres, su vida fue atravesada desde el principio por el arte, las giras y los escenarios (Foto Victor Carreira) <\/figcaption><\/figure>\n<p><strong>T\u00e9lam: \u00bfCu\u00e1nto de lo propio hay en la obra?<\/strong><\/p>\n<p>Gimena Racconto Giunta: Nos encontramos con una pieza que muestra a una familia bonaerense del conurbano, aparentemente costumbrista, un texto cotidiano que recurre muchas veces a lo po\u00e9tico, mientras transita por el humor y el drama. Desde la propuesta dramat\u00fargica en coherencia con la puesta en escena se tiene como objetivo romper este costumbrismo, trabajando como refleja el nombre de la pieza \u2013\u201cLo no dicho\u201d- con textos inconclusos que no llegan a decirse pero que est\u00e1n en estado de latencia.<\/p>\n<p>Esa latencia se interrumpe cuando los personajes se encuentran en situaciones l\u00edmite. Y la palabra, lo no dicho, irrumpe en la escena. Para ello se recurre a mon\u00f3logos en los que el personaje se abstrae del momento de donde viene para encontrarse en una pausa temporal ante el p\u00fablico y puede vomitar todo aquello que no pod\u00eda decir a los otros personajes. La obra cuestiona la iron\u00eda, lo simb\u00f3lico, lo subyacente, lo que se dice entre l\u00edneas; y eso puede transformarse en rebeli\u00f3n ante la censura, el autoritarismo. Se produce como resultado de la lucha frente a los silencios y el abandono.<\/p>\n<p><strong>T: \u00bfCu\u00e1l fue la influencia de tu mam\u00e1 Ana Mar\u00eda en tu camino art\u00edstico?<\/strong><\/p>\n<p>GRG: Creo que cuando una crece en familias donde tanto madre como padre se dedican al arte, como es mi caso -podr\u00edan ser otras profesiones- hay dos opciones: salir corriendo y rumbear para otro lado, o abrazar el legado y forjar el propio camino. Ese fue mi caso, con una madre con caracter\u00edsticas muy particulares, que era mi madre pero tambi\u00e9n era \u201cla Giunta\u201d. Pulul\u00e9 por todos los escenarios de Buenos Aires, acompa\u00f1ando a mi mam\u00e1 y a mi pap\u00e1 en sus largas jornadas de ensayo y funciones, durmi\u00e9ndome en las butacas cuando mi cuerpo y mi cansancio me lo ped\u00edan.<\/p>\n<p>Recorr\u00ed el interior del pa\u00eds con el Circo de Mosc\u00fa, del cual mi mam\u00e1 form\u00f3 parte como \u201cpartenarie\u201d de uno de los payasos m\u00e1s importantes de Rusia; conviv\u00ed con actrices que mi mam\u00e1 decid\u00eda cobijar cuando pasaban malas rachas econ\u00f3micas y necesitaban ayuda&#8230; Por estos lugares transit\u00f3 mi infancia, ex\u00f3ticos pero inestables, coloridos pero llenos de incertidumbre, como es en muchos aspectos la vida de los artistas. Claramente mi mam\u00e1 fue una de mis grandes maestras, la primera. Pero no solo de actuaci\u00f3n y direcci\u00f3n, sino principalmente maestra de la vida.<\/p>\n<p><strong>T: Una vida con altibajos&#8230;<\/strong><\/p>\n<p>GRG: No todo fue color rosa. Hoy, con el diario del lunes puedo ver y admirar esa manera tan desafiante de encarar la vida; ella era una persona con principios y vivi\u00f3 de esa manera. Era una mujer sin pelos en la lengua, nunca se dej\u00f3 doblegar, y eso le cost\u00f3 -y nos cost\u00f3- muchos trabajos porque cada vez que perd\u00eda uno por defender sus convicciones o defender a un compa\u00f1ero o compa\u00f1era, eso repercut\u00eda en nuestra realidad econ\u00f3mica y familiar. Fue una de las pocas personas que conozco que vivi\u00f3 consecuentemente su vida.<\/p>\n<figure class=\"mb-3\"><img loading=\"lazy\" src=\"http:\/\/cordobadirecto.com\/wp-content\/uploads\/2022\/05\/gimena-racconto-giunta-mi-madre-era-una-mujer-sin-pelos-en-la-lengua-2.jpg\" width=\"100%\" height=\"100%\" alt=\"Foto Victor Carreira\"><figcaption> (Foto Victor Carreira) <\/figcaption><\/figure>\n<p><strong>T: Respecto de \u201cLo no dicho\u201d, \u00bfc\u00f3mo se organiza dram\u00e1ticamente esa familia cuando lo silenciado sale a luz?<\/strong><\/p>\n<p>GRG: Nos encontramos con una pieza que transita por partes iguales el humor y el drama, meti\u00e9ndonos en la llaga de una familia destruida por la p\u00e9rdida de una madre, pero sosteniendo el humor con personajes y situaciones que la equilibran, haci\u00e9ndonos re\u00edr, pensar y emocionarnos. Lo que no est\u00e1 expresado o mostrado puede adquirir un poder expresivo que se multiplica: no se dice, se sugiere, y as\u00ed se abre un abanico de posibilidades expresivas.<\/p>\n<p>El teatro, como siempre, nos ofrece de manera excepcional un veh\u00edculo de comunicaci\u00f3n con m\u00faltiples posibilidades que permite jugar desde lo textual y lo simb\u00f3lico, desde la interpretaci\u00f3n de los actores, desde su gestualidad, desde la propuesta esc\u00e9nica, la propuesta escenogr\u00e1fica, el planteo de luces y el aporte fundamental de la experiencia vivida con el p\u00fablico y por el p\u00fablico.<\/p>\n<p><strong>T: \u00bfQu\u00e9 significa el teatro para vos, hija de actriz, en un momento tan disruptivo como el actual en el sentido de las identidades?<\/strong><\/p>\n<p>GRG: La obra tiene una mirada social, la tem\u00e1tica de alguna manera es abordada desde esa mirada; todos somos actores sociales, nuestras acciones inevitablemente repercuten en un otro. Me form\u00e9 en ese enfoque, estudi\u00e9 la carrera de Sociolog\u00eda paralelamente a mi formaci\u00f3n art\u00edstica y me di cuenta de lo relacionadas que est\u00e1n. Los actores, directores y dramaturgos de alguna manera somos investigadores sociales. Tenemos el hermoso trabajo de emular el comportamiento de hombres y mujeres en sociedad.<\/p>\n<p>En el caso de \u201cLo no dicho\u201d nos encontramos con una familia t\u00edpica bonaerense y con esta excusa nos sumergimos en el intrincado mundo de la comunicaci\u00f3n. Me es imposible encarar un proyecto laboral que no tenga esta mirada, desde mi trabajo el Inadi como gestora cultural o en la escuela de teatro inclusiva \u201cTodes en Yunta\u201d me encuentro con esta uni\u00f3n casi indivisible entre lo social y lo art\u00edstico o cultural. El arte es una herramienta inmejorable para poder formar, educar, sensibilizar sobre cualquier tema.<\/p>\n","protected":false},"excerpt":{"rendered":"<p>Hhija de la recordada actriz y maestra Ana Mar\u00eda Giunta y del productor y director Ricardo Octavio Racconto (Foto Victor Carreira) Gimena Racconto Giunta es la directora y coautora de \u201cLo no dicho\u201d, una comedia dram\u00e1tica que indaga en los conflictos familiares y sus silencios luego de la muerte de la madre, basti\u00f3n del grupo, [&hellip;]<\/p>\n","protected":false},"author":1,"featured_media":61334,"comment_status":"closed","ping_status":"closed","sticky":false,"template":"","format":"standard","meta":[],"categories":[20],"tags":[],"_links":{"self":[{"href":"http:\/\/cordobadirecto.com\/index.php\/wp-json\/wp\/v2\/posts\/61333"}],"collection":[{"href":"http:\/\/cordobadirecto.com\/index.php\/wp-json\/wp\/v2\/posts"}],"about":[{"href":"http:\/\/cordobadirecto.com\/index.php\/wp-json\/wp\/v2\/types\/post"}],"author":[{"embeddable":true,"href":"http:\/\/cordobadirecto.com\/index.php\/wp-json\/wp\/v2\/users\/1"}],"replies":[{"embeddable":true,"href":"http:\/\/cordobadirecto.com\/index.php\/wp-json\/wp\/v2\/comments?post=61333"}],"version-history":[{"count":0,"href":"http:\/\/cordobadirecto.com\/index.php\/wp-json\/wp\/v2\/posts\/61333\/revisions"}],"wp:featuredmedia":[{"embeddable":true,"href":"http:\/\/cordobadirecto.com\/index.php\/wp-json\/wp\/v2\/media\/61334"}],"wp:attachment":[{"href":"http:\/\/cordobadirecto.com\/index.php\/wp-json\/wp\/v2\/media?parent=61333"}],"wp:term":[{"taxonomy":"category","embeddable":true,"href":"http:\/\/cordobadirecto.com\/index.php\/wp-json\/wp\/v2\/categories?post=61333"},{"taxonomy":"post_tag","embeddable":true,"href":"http:\/\/cordobadirecto.com\/index.php\/wp-json\/wp\/v2\/tags?post=61333"}],"curies":[{"name":"wp","href":"https:\/\/api.w.org\/{rel}","templated":true}]}}