{"id":61339,"date":"2022-05-28T19:20:01","date_gmt":"2022-05-28T19:20:01","guid":{"rendered":"https:\/\/www.ole.com.ar\/autos\/checo-perez-formula-1-critica-alex-wurz_0_yJfk3pJJZ6.html"},"modified":"2022-05-28T19:20:01","modified_gmt":"2022-05-28T19:20:01","slug":"expiloto-de-f1-critico-duramente-a-checo-perez","status":"publish","type":"post","link":"http:\/\/cordobadirecto.com\/index.php\/2022\/05\/28\/expiloto-de-f1-critico-duramente-a-checo-perez\/","title":{"rendered":"Expiloto de F1 critic\u00f3 duramente a Checo P\u00e9rez"},"content":{"rendered":"<p>Se viene el Gran Premio de M\u00f3naco y <strong><a alt=\"sergio-perez\" class=\"slug\" href=\"https:\/\/www.ole.com.ar\/tema\/sergio-perez.html\" target=\"_blank\" title=\"sergio-perez\" rel=\"noopener\">Sergio P\u00e9rez<\/a><\/strong> largar\u00e1 en la tercera ubicaci\u00f3n despu\u00e9s de un gran s\u00e1bado. Ahora, aspira a lograr un podio en Montecarlo, cosa que no consigue desde el 2016. Sin embargo, <strong>el piloto todav\u00eda arrastra cr\u00edticas por lo sucedido en Barcelona durante la \u00faltima carrera.<\/strong><\/p>\n<p>\u00bfQue pas\u00f3 en Espa\u00f1a? Desde Red Bull Racing le ordenaron a Checo que le cediera el primer lugar y por lo tanto la victoria a su compa\u00f1ero <strong><a alt=\"max-verstappen\" class=\"slug\" href=\"https:\/\/www.ole.com.ar\/tema\/max-verstappen.html\" target=\"_blank\" title=\"max-verstappen\" rel=\"noopener\">Max Verstappen<\/a><\/strong>.<strong> El piloto mexicano no se opuso al pedido y abri\u00f3 paso al neerland\u00e9s<\/strong>, que est\u00e1 en plena disputa por el Campeonato contra Charles Leclerc, de Ferrari.<\/p>\n<div class=\"sp__Normal\">\n<div class=\"image-embeb image-trigger\" readability=\"6\">\n<picture><source media=\"(min-width: 720px)\" srcset=\"http:\/\/cordobadirecto.com\/wp-content\/uploads\/2022\/05\/expiloto-de-f1-critico-duramente-a-checo-perez.jpg\"><img itemprop=\"image\" src=\"http:\/\/cordobadirecto.com\/wp-content\/uploads\/2022\/05\/expiloto-de-f1-critico-duramente-a-checo-perez.jpg\" loading=\"lazy\" alt=\"Finaliz\u00f3 segundo en Barcelona. (REUTERS\/Nacho Doce)\">\n<\/picture><figcaption readability=\"2\">\n<p>Finaliz\u00f3 segundo en Barcelona. (REUTERS\/Nacho Doce)\n<\/p>\n<\/figcaption><\/div>\n<\/div>\n<div class=\"sp__SM\">\n<div class=\"content-new \">\n<span class=\"tit-mobile\">Mir\u00e1 tambi\u00e9n<\/span><\/p>\n<div class=\"mg\">\n<div class=\"wrap-figure\">\n<picture>\n<a href=\"https:\/\/www.ole.com.ar\/autos\/leclerc-ferrari-pole-monaco_0_VaShmhzUAN.html\" target=\"_self\" rel=\"noopener\"><br \/>\n<img class=\"img-responsive\" alt=\"Leclerc se qued\u00f3 con la pole en M\u00f3naco\" src=\"http:\/\/cordobadirecto.com\/wp-content\/uploads\/2022\/05\/expiloto-de-f1-critico-duramente-a-checo-perez-1.jpg\" loading=\"lazy\"><br \/>\n<\/a>\n<\/picture>\n<\/div>\n<\/div><\/div>\n<\/div>\n<p>Si bien en la escuder\u00eda intentaron bajar los humos antes la situaci\u00f3n, varios protagonistas del automovilismo optaron por pronunciarse al respecto y dejaron su opini\u00f3n. As\u00ed lo hizo el austr\u00edaco <strong>Alexander Wurz, quien corri\u00f3 para Benetton, McLaren y Williams en 69 GP.<\/strong> <\/p>\n<h2><strong>CR\u00cdTICA A CHECO<\/strong><\/h2>\n<p><strong>&#8220;Sergio tiene todo el derecho a hablar, es un gran jugador de equipo. Suma muchos puntos, pero creo que est\u00e1 aceptando demasiado f\u00e1cil algunas de las \u00f3rdenes de equipo. Algunas veces debes ser m\u00e1s duro y sacar los codos. Ya lo demostr\u00f3 cuando Max estaba luchando por el Mundial el a\u00f1o pasado en Abu Dabi&#8221;<\/strong>, expres\u00f3 Wurz en di\u00e1logo con el podcast oficial de la <strong><a alt=\"formula-1\" class=\"slug\" href=\"https:\/\/www.ole.com.ar\/tema\/formula-1.html\" target=\"_blank\" title=\"formula-1\" rel=\"noopener\">F\u00f3rmula 1<\/a><\/strong>.<\/p>\n<div class=\"sp__Normal\">\n<div class=\"image-embeb image-trigger\" readability=\"6\">\n<picture><source media=\"(min-width: 720px)\" srcset=\"http:\/\/cordobadirecto.com\/wp-content\/uploads\/2022\/05\/expiloto-de-f1-critico-duramente-a-checo-perez-2.jpg\"><img itemprop=\"image\" src=\"http:\/\/cordobadirecto.com\/wp-content\/uploads\/2022\/05\/expiloto-de-f1-critico-duramente-a-checo-perez-2.jpg\" loading=\"lazy\" alt=\"Wurz fue cr\u00edtico con P\u00e9rez. (EFE\/Albert Olive)\">\n<\/picture><figcaption readability=\"2\">\n<p>Wurz fue cr\u00edtico con P\u00e9rez. (EFE\/Albert Olive)\n<\/p>\n<\/figcaption><\/div>\n<\/div>\n<div class=\"sp__SM\">\n<div class=\"content-new \">\n<span class=\"tit-mobile\">Mir\u00e1 tambi\u00e9n<\/span><\/p>\n<div class=\"mg\">\n<div class=\"wrap-figure\">\n<picture>\n<a href=\"https:\/\/www.ole.com.ar\/autos\/ricciardo-mclaren-choque-monaco-_0_lvMcU0zTRD.html\" target=\"_self\" rel=\"noopener\"><br \/>\n<img class=\"img-responsive\" alt=\"Video: el dur\u00edsimo choque de Ricciardo y el enojo con sus ingenieros\" src=\"http:\/\/cordobadirecto.com\/wp-content\/uploads\/2022\/05\/expiloto-de-f1-critico-duramente-a-checo-perez-3.jpg\" loading=\"lazy\"><br \/>\n<\/a>\n<\/picture>\n<\/div>\n<\/div><\/div>\n<\/div>\n<p><strong>&#8220;Sent\u00ed que fuera lo correcto que levantase la voz y ejecut\u00f3 bien lo que el equipo le pidi\u00f3. Sali\u00f3 con neum\u00e1ticos nuevos y tuvo que mantener la posici\u00f3n cuando la carrera estaba en un momento cr\u00edtico para \u00e9l. Cuando ten\u00eda que hacer tiempos r\u00e1pidos, tuvo que quedarse detr\u00e1s de su compa\u00f1ero de equipo y eso es lo que irrita a un piloto&#8221;<\/strong>, agreg\u00f3 Alex al respecto.<\/p>\n<p>Y apunt\u00f3: <strong>&#8220;He&nbsp;estado en esta situaci\u00f3n otras veces y no est\u00e1 bien, pero hay que darle cr\u00e9dito. Hizo bien lo que le pidieron, pero tambi\u00e9n reclam\u00f3 sus derechos, es bueno ver cosas as\u00ed al final del d\u00eda. No obstante, tuvo que aceptar quedar segundo detr\u00e1s de Max&#8221;<\/strong>.<\/p>\n<div class=\"sp__SM\">\n<div class=\"content-new \">\n<span class=\"tit-mobile\">Mir\u00e1 tambi\u00e9n<\/span><\/p>\n<div class=\"mg\">\n<div class=\"wrap-figure\">\n<picture>\n<a href=\"https:\/\/www.ole.com.ar\/autos\/formula1-gran-premio-monaco_0_jsshYsCDhC.html\" target=\"_self\" rel=\"noopener\"><br \/>\n<img class=\"img-responsive\" alt=\"GP de M\u00f3naco: todo lo que ten\u00e9s que saber\" src=\"http:\/\/cordobadirecto.com\/wp-content\/uploads\/2022\/05\/expiloto-de-f1-critico-duramente-a-checo-perez-4.jpg\" loading=\"lazy\"><br \/>\n<\/a>\n<\/picture>\n<\/div>\n<\/div><\/div>\n<\/div>\n<div class=\"entry-tags\">\n<h2>TEMAS QUE APARECEN EN ESTA NOTA<\/h2>\n<\/p><\/div>\n","protected":false},"excerpt":{"rendered":"<p>Se viene el Gran Premio de M\u00f3naco y Sergio P\u00e9rez largar\u00e1 en la tercera ubicaci\u00f3n despu\u00e9s de un gran s\u00e1bado. Ahora, aspira a lograr un podio en Montecarlo, cosa que no consigue desde el 2016. Sin embargo, el piloto todav\u00eda arrastra cr\u00edticas por lo sucedido en Barcelona durante la \u00faltima carrera. \u00bfQue pas\u00f3 en Espa\u00f1a? [&hellip;]<\/p>\n","protected":false},"author":1,"featured_media":61340,"comment_status":"closed","ping_status":"closed","sticky":false,"template":"","format":"standard","meta":[],"categories":[21],"tags":[],"_links":{"self":[{"href":"http:\/\/cordobadirecto.com\/index.php\/wp-json\/wp\/v2\/posts\/61339"}],"collection":[{"href":"http:\/\/cordobadirecto.com\/index.php\/wp-json\/wp\/v2\/posts"}],"about":[{"href":"http:\/\/cordobadirecto.com\/index.php\/wp-json\/wp\/v2\/types\/post"}],"author":[{"embeddable":true,"href":"http:\/\/cordobadirecto.com\/index.php\/wp-json\/wp\/v2\/users\/1"}],"replies":[{"embeddable":true,"href":"http:\/\/cordobadirecto.com\/index.php\/wp-json\/wp\/v2\/comments?post=61339"}],"version-history":[{"count":0,"href":"http:\/\/cordobadirecto.com\/index.php\/wp-json\/wp\/v2\/posts\/61339\/revisions"}],"wp:featuredmedia":[{"embeddable":true,"href":"http:\/\/cordobadirecto.com\/index.php\/wp-json\/wp\/v2\/media\/61340"}],"wp:attachment":[{"href":"http:\/\/cordobadirecto.com\/index.php\/wp-json\/wp\/v2\/media?parent=61339"}],"wp:term":[{"taxonomy":"category","embeddable":true,"href":"http:\/\/cordobadirecto.com\/index.php\/wp-json\/wp\/v2\/categories?post=61339"},{"taxonomy":"post_tag","embeddable":true,"href":"http:\/\/cordobadirecto.com\/index.php\/wp-json\/wp\/v2\/tags?post=61339"}],"curies":[{"name":"wp","href":"https:\/\/api.w.org\/{rel}","templated":true}]}}