{"id":61362,"date":"2022-05-29T15:42:00","date_gmt":"2022-05-29T15:42:00","guid":{"rendered":"http:\/\/cordobadirecto.com\/index.php\/2022\/05\/29\/zelenski-visito-por-primera-vez-el-este-de-ucrania-desde-la-invasion-rusa\/"},"modified":"2022-05-29T15:42:00","modified_gmt":"2022-05-29T15:42:00","slug":"zelenski-visito-por-primera-vez-el-este-de-ucrania-desde-la-invasion-rusa","status":"publish","type":"post","link":"http:\/\/cordobadirecto.com\/index.php\/2022\/05\/29\/zelenski-visito-por-primera-vez-el-este-de-ucrania-desde-la-invasion-rusa\/","title":{"rendered":"Zelenski visit\u00f3 por primera vez el este de Ucrania desde la invasi\u00f3n rusa"},"content":{"rendered":"<figure class=\"mb-3\"><img loading=\"lazy\" src=\"http:\/\/cordobadirecto.com\/wp-content\/uploads\/2022\/05\/zelenski-visito-por-primera-vez-el-este-de-ucrania-desde-la-invasion-rusa.jpg\" width=\"100%\" height=\"100%\" alt=\"Siento un orgullo sin lmites por nuestros defensores Cada da arriesgando sus vidas pelean por la libertad de Ucrania escribi el presidente en la aplicacin de mensajes Telegram Foto AFP\"><figcaption> \u201cSiento un orgullo sin l\u00edmites por nuestros defensores. Cada d\u00eda, arriesgando sus vidas, pelean por la libertad de Ucrania&#8221;, escribi\u00f3 el presidente en la aplicaci\u00f3n de mensajes Telegram. Foto \/ AFP. <\/figcaption><\/figure>\n<p>El presidente de Ucrania,<strong> Volodimir Zelenski<\/strong>, <strong>visit\u00f3 por primera vez el este del pa\u00eds desde el inicio de la invasi\u00f3n rusa<\/strong>, con un viaje a la ciudad de<strong> Jarkov<\/strong>, la segunda m\u00e1s grande, de cuya periferia<strong> Rusia retir\u00f3 sus tropas pero que a\u00fan sufre bombardeos<\/strong>.<\/p>\n<p><strong>Jarkov<\/strong> es capital de la provincia del mismo nombre, que es <strong>vecina a la regi\u00f3n del Donbass<\/strong>, que Rusia quiere conquistar y es el <strong>epicentro a<\/strong>ctual de la<strong> guerra. <\/strong>Parte del territorio de Jarkov en el l\u00edmite con el Donbass est\u00e1 ocupado por tropas rusas.<\/p>\n<p>El<strong> gobernador <\/strong>de Jarkov,<strong> Oleg Siniehubov,<\/strong> le dijo al presidente que <strong>Rusia controlaba todav\u00eda alrededor del 30% de la provincia<\/strong>, y que las tropas ucranianas hab\u00edan &#8220;recapturado&#8221; otro 5% recientemente, cont\u00f3 el mandatario.<\/p>\n<p>Siniehubov le inform\u00f3 que<strong> ataques rusos destruyeron m\u00e1s de 2.200 casas,<\/strong> sobre todo en las partes norte y este de la ciudad de Jarkov.<\/p>\n<p>Zelenski visit\u00f3 luego a soldados ucranianos estacionados en Jarkov.<\/p>\n<p>\u201cSiento un orgullo sin l\u00edmites por nuestros defensores. Cada d\u00eda, arriesgando sus vidas, pelean por la libertad de Ucrania&#8221;, escribi\u00f3 el presidente en la aplicaci\u00f3n de mensajes Telegram.<\/p>\n<p>&#8220;Hay 2.229 casas destruidas en Jarkov capital y toda la regi\u00f3n de Jarkov. Las vamos a restaurar, vamos a reconstruir y vamos a hacer que vuelva vida&#8221;, agreg\u00f3.<\/p>\n<p>All\u00ed tambi\u00e9n asegur\u00f3 que esa promesa de reconstrucci\u00f3n ser\u00e1 no solo para Jarkov sino tambi\u00e9n &#8220;en todas las otras ciudades y aldeas donde vino el mal&#8221;, inform\u00f3 la agencia de noticias AFP.<\/p>\n<p>Zelenski public\u00f3 im\u00e1genes que los muestran vestido con su atuendo color caqui y chaleco antibalas, inspeccionando edificios destruidos y veh\u00edculos militares inutilizados al costado de una ruta, acompa\u00f1ado por colaboradores y soldados armados.<\/p>\n<p>La ciudad de <strong>Jarkov<\/strong> ten\u00eda cerca de 1,4 millones de habitantes antes de la guerra y est\u00e1 ubicada solo a<strong> 20 kil\u00f3metros al sur de la frontera con Rusia<\/strong> y a 400 kil\u00f3metros al este de Kiev, la capital de Ucrania.<\/p>\n<p>A finales de marzo, semanas despu\u00e9s de lanzar su invasi\u00f3n el 24 de febrero, Mosc\u00fa retir\u00f3 sus tropas de la norte\u00f1a regi\u00f3n de Kiev, la capital, para centrarse en el sur y el este de Ucrania, principalmente en la captura del Donbass.<\/p>\n<p>Semanas atr\u00e1s, las fuerzas rusas se fueron replegando de los alrededores de Jarkov capital, desplaz\u00e1ndose gradualmente hacia el Donbass, aunque todav\u00eda ocupan parte de la provincia.<\/p>\n<p><strong>Jarkov tambi\u00e9n limita con Rusia.<\/strong><\/p>\n<p>Rusia ha seguido lanzando ataques contra la ciudad de Jarkov luego de su repliegue.<\/p>\n<p>El Servicio de Emergencias de Ucrania dijo que bombardeos rusos provocaron incendios en la ciudad.<\/p>\n<p>Dos personas resultaron heridas en uno de los ataques, dijo el Gobierno provincial. <\/p>\n","protected":false},"excerpt":{"rendered":"<p>\u201cSiento un orgullo sin l\u00edmites por nuestros defensores. Cada d\u00eda, arriesgando sus vidas, pelean por la libertad de Ucrania&#8221;, escribi\u00f3 el presidente en la aplicaci\u00f3n de mensajes Telegram. Foto \/ AFP. El presidente de Ucrania, Volodimir Zelenski, visit\u00f3 por primera vez el este del pa\u00eds desde el inicio de la invasi\u00f3n rusa, con un viaje [&hellip;]<\/p>\n","protected":false},"author":1,"featured_media":61363,"comment_status":"closed","ping_status":"closed","sticky":false,"template":"","format":"standard","meta":[],"categories":[24],"tags":[],"_links":{"self":[{"href":"http:\/\/cordobadirecto.com\/index.php\/wp-json\/wp\/v2\/posts\/61362"}],"collection":[{"href":"http:\/\/cordobadirecto.com\/index.php\/wp-json\/wp\/v2\/posts"}],"about":[{"href":"http:\/\/cordobadirecto.com\/index.php\/wp-json\/wp\/v2\/types\/post"}],"author":[{"embeddable":true,"href":"http:\/\/cordobadirecto.com\/index.php\/wp-json\/wp\/v2\/users\/1"}],"replies":[{"embeddable":true,"href":"http:\/\/cordobadirecto.com\/index.php\/wp-json\/wp\/v2\/comments?post=61362"}],"version-history":[{"count":0,"href":"http:\/\/cordobadirecto.com\/index.php\/wp-json\/wp\/v2\/posts\/61362\/revisions"}],"wp:featuredmedia":[{"embeddable":true,"href":"http:\/\/cordobadirecto.com\/index.php\/wp-json\/wp\/v2\/media\/61363"}],"wp:attachment":[{"href":"http:\/\/cordobadirecto.com\/index.php\/wp-json\/wp\/v2\/media?parent=61362"}],"wp:term":[{"taxonomy":"category","embeddable":true,"href":"http:\/\/cordobadirecto.com\/index.php\/wp-json\/wp\/v2\/categories?post=61362"},{"taxonomy":"post_tag","embeddable":true,"href":"http:\/\/cordobadirecto.com\/index.php\/wp-json\/wp\/v2\/tags?post=61362"}],"curies":[{"name":"wp","href":"https:\/\/api.w.org\/{rel}","templated":true}]}}