{"id":61471,"date":"2022-05-30T03:30:08","date_gmt":"2022-05-30T03:30:08","guid":{"rendered":"http:\/\/cordobadirecto.com\/index.php\/2022\/05\/30\/en-nueva-sede-cafe-vinilo-repone-su-cuidado-espacio-para-la-musica-en-vivo\/"},"modified":"2022-05-30T03:30:08","modified_gmt":"2022-05-30T03:30:08","slug":"en-nueva-sede-cafe-vinilo-repone-su-cuidado-espacio-para-la-musica-en-vivo","status":"publish","type":"post","link":"http:\/\/cordobadirecto.com\/index.php\/2022\/05\/30\/en-nueva-sede-cafe-vinilo-repone-su-cuidado-espacio-para-la-musica-en-vivo\/","title":{"rendered":"En nueva sede, Caf\u00e9 Vinilo repone su cuidado espacio para la m\u00fasica en vivo"},"content":{"rendered":"<figure class=\"mb-3\"><img loading=\"lazy\" src=\"http:\/\/cordobadirecto.com\/wp-content\/uploads\/2022\/05\/en-nueva-sede-cafe-vinilo-repone-su-cuidado-espacio-para-la-musica-en-vivo.jpg\" width=\"100%\" height=\"100%\" alt=\"La riojana Ana Robes abrir las puerta del nuevo Caf Vinilo\"><figcaption> La riojana Ana Robes abrir\u00e1 las puerta del nuevo Caf\u00e9 Vinilo. <\/figcaption><\/figure>\n<p>De Palermo a San Crist\u00f3bal, la nueva sede de <strong>Caf\u00e9 Vinilo<\/strong> \u2013uno de los escenarios m\u00e1s acogedores para la m\u00fasica en vivo en la Ciudad de Buenos Aires- abrir\u00e1 formalmente sus puertas a partir del pr\u00f3ximo s\u00e1bado con un recital de la pianista y compositora riojana <strong>Ana Robles<\/strong>.<\/p>\n<p>Bajo la tutela de sus mentores, <strong>Teresa Rodr\u00edguez <\/strong>y<strong> Eduardo Misch<\/strong>, Vinilo funcionar\u00e1 en una casona de 1913 sita en la calle Estados Unidos 2483 donde adem\u00e1s de conciertos habr\u00e1 lugar para <strong>\u201cobras teatrales, exposiciones, performances, instalaciones, talleres, ensayos y presentaciones art\u00edsticas dedicadas a la producci\u00f3n, gestaci\u00f3n y experimentaci\u00f3n de las artes\u201d<\/strong>, se comunic\u00f3.<\/p>\n<p>La grilla musical que inaugurar\u00e1 Robles, prev\u00e9 durante junio las actuaciones de <strong>Sebasti\u00e1n Esposito <\/strong>y<strong> Daniel Godfrid<\/strong> con el proyecto<strong> \u201cSeda\u201d<\/strong> (viernes 10); <strong>Sebasti\u00e1n Macchi <\/strong>y<strong> Mat\u00edas Arriazu<\/strong> (s\u00e1bado 11); <strong>Guillo Espel Cuarteto<\/strong> (viernes 17);<strong> Abi Gonz\u00e1lez<\/strong> y <strong>Violeta Videla<\/strong> (s\u00e1bado 18); <strong>Paula Su\u00e1rez <\/strong>y<strong> Mercedes Lescano<\/strong> (viernes 24); y <strong>Horacio Cacoliris <\/strong>y<strong> Mat\u00edas Tozzola<\/strong> (s\u00e1bado 25). <\/p>\n","protected":false},"excerpt":{"rendered":"<p>La riojana Ana Robes abrir\u00e1 las puerta del nuevo Caf\u00e9 Vinilo. De Palermo a San Crist\u00f3bal, la nueva sede de Caf\u00e9 Vinilo \u2013uno de los escenarios m\u00e1s acogedores para la m\u00fasica en vivo en la Ciudad de Buenos Aires- abrir\u00e1 formalmente sus puertas a partir del pr\u00f3ximo s\u00e1bado con un recital de la pianista y [&hellip;]<\/p>\n","protected":false},"author":1,"featured_media":61472,"comment_status":"closed","ping_status":"closed","sticky":false,"template":"","format":"standard","meta":[],"categories":[20],"tags":[],"_links":{"self":[{"href":"http:\/\/cordobadirecto.com\/index.php\/wp-json\/wp\/v2\/posts\/61471"}],"collection":[{"href":"http:\/\/cordobadirecto.com\/index.php\/wp-json\/wp\/v2\/posts"}],"about":[{"href":"http:\/\/cordobadirecto.com\/index.php\/wp-json\/wp\/v2\/types\/post"}],"author":[{"embeddable":true,"href":"http:\/\/cordobadirecto.com\/index.php\/wp-json\/wp\/v2\/users\/1"}],"replies":[{"embeddable":true,"href":"http:\/\/cordobadirecto.com\/index.php\/wp-json\/wp\/v2\/comments?post=61471"}],"version-history":[{"count":0,"href":"http:\/\/cordobadirecto.com\/index.php\/wp-json\/wp\/v2\/posts\/61471\/revisions"}],"wp:featuredmedia":[{"embeddable":true,"href":"http:\/\/cordobadirecto.com\/index.php\/wp-json\/wp\/v2\/media\/61472"}],"wp:attachment":[{"href":"http:\/\/cordobadirecto.com\/index.php\/wp-json\/wp\/v2\/media?parent=61471"}],"wp:term":[{"taxonomy":"category","embeddable":true,"href":"http:\/\/cordobadirecto.com\/index.php\/wp-json\/wp\/v2\/categories?post=61471"},{"taxonomy":"post_tag","embeddable":true,"href":"http:\/\/cordobadirecto.com\/index.php\/wp-json\/wp\/v2\/tags?post=61471"}],"curies":[{"name":"wp","href":"https:\/\/api.w.org\/{rel}","templated":true}]}}