{"id":62459,"date":"2022-06-05T04:02:01","date_gmt":"2022-06-05T04:02:01","guid":{"rendered":"http:\/\/cordobadirecto.com\/index.php\/2022\/06\/05\/familiares-amigos-y-seguidores-despidieron-a-el-noba-en-florencio-varela\/"},"modified":"2022-06-05T04:02:01","modified_gmt":"2022-06-05T04:02:01","slug":"familiares-amigos-y-seguidores-despidieron-a-el-noba-en-florencio-varela","status":"publish","type":"post","link":"http:\/\/cordobadirecto.com\/index.php\/2022\/06\/05\/familiares-amigos-y-seguidores-despidieron-a-el-noba-en-florencio-varela\/","title":{"rendered":"Familiares, amigos y seguidores despidieron a El Noba en Florencio Varela"},"content":{"rendered":"<figure class=\"mb-3\"><img loading=\"lazy\" src=\"http:\/\/cordobadirecto.com\/wp-content\/uploads\/2022\/06\/familiares-amigos-y-seguidores-despidieron-a-el-noba-en-florencio-varela.jpg\" width=\"100%\" height=\"100%\" alt=\"Lautaro Coronel El Noba falleci luego de permanecer internado durante 10 das tras sufrir un accidente vial\"><figcaption> Lautaro Coronel, El Noba, falleci\u00f3 luego de permanecer internado durante 10 d\u00edas tras sufrir un accidente vial. <\/figcaption><\/figure>\n<p> &nbsp;<br \/>Familiares, amigos y seguidores de <strong>Lautaro Coronel, m\u00e1s conocido musicalmente bajo el seud\u00f3nimo de El Noba, quien falleci\u00f3 este viernes<\/strong> luego de permanecer internado durante 10 d\u00edas en el Hospital El Cruce de Florencio Varela tras sufrir un accidente vial, despidieron esta ma\u00f1ana al cantante en el Polideportivo Thevenet de esa localidad bonaerense.<\/p>\n<p>En tanto, se espera que cerca de las 16 un grupo de motoqueros se encargue de guiar el cortejo f\u00fanebre hasta el Cementerio Municipal, donde finalizar\u00e1 el velorio.<\/p>\n<p>Entre la multitud que se dirigi\u00f3 al lugar para darle el \u00faltimo adi\u00f3s a sus restos se encontraba<strong> L-Gante, con quien integraba el movimiento &#8220;Cumbia 420&#8221;, quien lleg\u00f3 al lugar desde General Rodr\u00edguez<\/strong> a bordo de una lujosa limusina en la que hab\u00eda escrito con aerosol en el cap\u00f3 la frase &#8220;Tamo Chelo&#8221;, t\u00edtulo de una de las canciones m\u00e1s populares de El Noba, junto a otras frases en los costados del veh\u00edculo.<\/p>\n<p>&#8220;Ac\u00e1 tamo chelo pap\u00e1, vos sab\u00e9s, ah\u00ed vamos&#8221;, anunci\u00f3 L-Gante en el video que difundi\u00f3 a trav\u00e9s de su cuenta oficial de Instagram mientras se preparaba juntos a otros amigos para partir hacia Varela.<\/p>\n<figure class=\"mb-3\"><img loading=\"lazy\" src=\"http:\/\/cordobadirecto.com\/wp-content\/uploads\/2022\/06\/familiares-amigos-y-seguidores-despidieron-a-el-noba-en-florencio-varela-1.jpg\" width=\"100%\" height=\"100%\" alt=\"Captura Instagram \"><figcaption> Captura Instagram. <\/figcaption><\/figure>\n<p> &nbsp;<br \/>Horas antes, cuando trascendi\u00f3 la noticia de la muerte, su compa\u00f1ero musical tambi\u00e9n public\u00f3 una historia en esa red en la que expres\u00f3: &#8220;Siempre fuiste pibito a cara de perro con nosotros al igual que nosotros contigo. Sabemos que ven\u00edas de abajo como cada uno de nosotros, por eso disfrut\u00e1bamos y nos llenamos de orgullo al verte triunfar&#8221;.<\/p>\n<p>&#8220;Se nos fue un amigo, estamos con un dolor y una bronca inmensa por tu partida. Ten\u00e9s nuestro aguante vos y tu familia por siempre&#8221;, se lament\u00f3 el popular cantante.<\/p>\n<p>Adem\u00e1s, a trav\u00e9s de las redes sociales se hab\u00eda organizado una caravana de motos que hab\u00eda dado el puntapi\u00e9 del velatorio luego de conocerse la noticia del fallecimiento, y que se desarroll\u00f3 desde la noche de este viernes y esta madrugada.<\/p>\n<p>La <strong>convocatoria en el Polideportivo Thevenet, donde se mont\u00f3 una suerte de capilla ardiente<\/strong>, ocurri\u00f3 luego de que la <strong>madre de Coronel, Vanesa Aranda<\/strong>, as\u00ed como sus hermanas, pidieran a sus seguidores y seguidoras que se acercaran al lugar, una vez que acordaran la realizaci\u00f3n del encuentro con el intendente de Florencio Varela, Andr\u00e9s Watson.<\/p>\n<blockquote class=\"twitter-tweet\" readability=\"4.7689243027888\">\n<p lang=\"es\" dir=\"ltr\">\ud83d\udd34 AHORA: Asi despiden a <a href=\"https:\/\/twitter.com\/el_noba1312?ref_src=twsrc%5Etfw\">@el_noba1312<\/a> \u203c\ufe0f<br \/>Salieron del Polideportivo de Av. Thevenet y Ruta 2 de Fcio. Varela rumbo al cementerio municipal.<a href=\"https:\/\/twitter.com\/ClaudiaBordon?ref_src=twsrc%5Etfw\">@ClaudiaBordon<\/a> <a href=\"https:\/\/twitter.com\/CarlosI31942819?ref_src=twsrc%5Etfw\">@CarlosI31942819<\/a> <a href=\"https:\/\/t.co\/IRGMTCjRmb\">pic.twitter.com\/IRGMTCjRmb<\/a><\/p>\n<p>\u2014 Radio OK 105.7 Mhz (@okaaaradio) <a href=\"https:\/\/twitter.com\/okaaaradio\/status\/1533172500112322563?ref_src=twsrc%5Etfw\">June 4, 2022<\/a><\/p><\/blockquote>\n<p><strong>Coronel, de 25 a\u00f1os, se encontraba en coma y en terapia intensiva en el Hospital El Cruce desde el 24 de mayo<\/strong>, cuando fue trasladado desde el Hospital Mi Pueblo luego de sufrir un grave accidente de tr\u00e1nsito que le provoc\u00f3 politraumatismos en el cr\u00e1neo.<\/p>\n<p>El episodio se produjo mientras<strong> viajaba haciendo piruetas con su moto sin llevar su casco reglamentario, cuando colision\u00f3 con un Peugeot e impact\u00f3 contra el asfalto<\/strong>.<\/p>\n<p>El Noba, oriundo de Florencio Varela, era<strong> uno de los referentes de la &#8220;Cumbia 420<\/strong>&#8220;, que tiene como m\u00e1ximo exponente a L-Gante, junto con otros nombres propios que adquirieron relevancia en los \u00faltimos tiempos como Perro Primo y DT Bilardo.<\/p>\n<p>Desde sus videos y en sus redes sociales, el artista sol\u00eda difundir un perfil que daba cuenta de su pasi\u00f3n por las motos y las pruebas extremas, muchas veces al l\u00edmite de la legalidad. <\/p>\n","protected":false},"excerpt":{"rendered":"<p>Lautaro Coronel, El Noba, falleci\u00f3 luego de permanecer internado durante 10 d\u00edas tras sufrir un accidente vial. &nbsp;Familiares, amigos y seguidores de Lautaro Coronel, m\u00e1s conocido musicalmente bajo el seud\u00f3nimo de El Noba, quien falleci\u00f3 este viernes luego de permanecer internado durante 10 d\u00edas en el Hospital El Cruce de Florencio Varela tras sufrir un [&hellip;]<\/p>\n","protected":false},"author":1,"featured_media":62460,"comment_status":"closed","ping_status":"closed","sticky":false,"template":"","format":"standard","meta":[],"categories":[20],"tags":[],"_links":{"self":[{"href":"http:\/\/cordobadirecto.com\/index.php\/wp-json\/wp\/v2\/posts\/62459"}],"collection":[{"href":"http:\/\/cordobadirecto.com\/index.php\/wp-json\/wp\/v2\/posts"}],"about":[{"href":"http:\/\/cordobadirecto.com\/index.php\/wp-json\/wp\/v2\/types\/post"}],"author":[{"embeddable":true,"href":"http:\/\/cordobadirecto.com\/index.php\/wp-json\/wp\/v2\/users\/1"}],"replies":[{"embeddable":true,"href":"http:\/\/cordobadirecto.com\/index.php\/wp-json\/wp\/v2\/comments?post=62459"}],"version-history":[{"count":0,"href":"http:\/\/cordobadirecto.com\/index.php\/wp-json\/wp\/v2\/posts\/62459\/revisions"}],"wp:featuredmedia":[{"embeddable":true,"href":"http:\/\/cordobadirecto.com\/index.php\/wp-json\/wp\/v2\/media\/62460"}],"wp:attachment":[{"href":"http:\/\/cordobadirecto.com\/index.php\/wp-json\/wp\/v2\/media?parent=62459"}],"wp:term":[{"taxonomy":"category","embeddable":true,"href":"http:\/\/cordobadirecto.com\/index.php\/wp-json\/wp\/v2\/categories?post=62459"},{"taxonomy":"post_tag","embeddable":true,"href":"http:\/\/cordobadirecto.com\/index.php\/wp-json\/wp\/v2\/tags?post=62459"}],"curies":[{"name":"wp","href":"https:\/\/api.w.org\/{rel}","templated":true}]}}