{"id":62502,"date":"2022-06-05T01:19:00","date_gmt":"2022-06-05T01:19:00","guid":{"rendered":"http:\/\/cordobadirecto.com\/index.php\/2022\/06\/05\/evacuaron-a-residentes-de-un-suburbio-del-sur-de-atenas-por-incendio-forestal\/"},"modified":"2022-06-05T01:19:00","modified_gmt":"2022-06-05T01:19:00","slug":"evacuaron-a-residentes-de-un-suburbio-del-sur-de-atenas-por-incendio-forestal","status":"publish","type":"post","link":"http:\/\/cordobadirecto.com\/index.php\/2022\/06\/05\/evacuaron-a-residentes-de-un-suburbio-del-sur-de-atenas-por-incendio-forestal\/","title":{"rendered":"Evacuaron a residentes de un suburbio del sur de Atenas por incendio forestal"},"content":{"rendered":"<figure class=\"mb-3\"><img loading=\"lazy\" src=\"http:\/\/cordobadirecto.com\/wp-content\/uploads\/2022\/06\/evacuaron-a-residentes-de-un-suburbio-del-sur-de-atenas-por-incendio-forestal.jpg\" width=\"100%\" height=\"100%\" alt=\"Grecia es uno de los pases del Mediterrneo ms afectado por los incendios que las autoridades atribuyen al cambio climtico Foto AFP\"><figcaption> Grecia es uno de los pa\u00edses del Mediterr\u00e1neo m\u00e1s afectado por los incendios, que las autoridades atribuyen al cambio clim\u00e1tico. Foto: AFP <\/figcaption><\/figure>\n<p>Un incendio alentado por vientos huracanados arras\u00f3 este s\u00e1bado la vegetaci\u00f3n de un suburbio del sur de Atenas, lo que oblig\u00f3 a los bomberos a evacuar a los residentes, informaron las autoridades.<\/p>\n<p>Los servicios de protecci\u00f3n civil griegos emitieron un llamado de emergencia por SMS para que la gente abandonara Voula, 16 kil\u00f3metros al sur de Atenas, donde las llamas llegaron a pocos metros de las casas.<\/p>\n<p>El incendio tambi\u00e9n oblig\u00f3 a evacuar otros cuatro barrios despu\u00e9s de que el viento cambiara de direcci\u00f3n y acercara las llamas a la ciudad de Vari, declar\u00f3 Grigoris Konstantelos, alcalde de Voula, a Skai TV.<\/p>\n<p><strong>Los medios a\u00e9reos de lucha contra el fuego se retiraron por la noche y los esfuerzos de extinci\u00f3n del incendio continuaron \u00fanicamente con fuerzas terrestres<\/strong>.<\/p>\n<p>Seg\u00fan medios locales, hubo un corte de electricidad en la zona, donde algunos tejados, jardines y veh\u00edculos resultaron da\u00f1ados por las llamas.<\/p>\n<p>El a\u00f1o pasado, la ola de calor m\u00e1s severa de Grecia en d\u00e9cadas provoc\u00f3 incendios que destruyeron m\u00e1s de <strong>100.000 hect\u00e1reas de bosques y tierras de cultivo<\/strong>, el peor balance causado por un incendio forestal en el pa\u00eds desde 2007.<\/p>\n<p>Grecia es uno de los pa\u00edses del Mediterr\u00e1neo m\u00e1s afectado por los incendios, que las autoridades atribuyen al cambio clim\u00e1tico. <\/p>\n","protected":false},"excerpt":{"rendered":"<p>Grecia es uno de los pa\u00edses del Mediterr\u00e1neo m\u00e1s afectado por los incendios, que las autoridades atribuyen al cambio clim\u00e1tico. Foto: AFP Un incendio alentado por vientos huracanados arras\u00f3 este s\u00e1bado la vegetaci\u00f3n de un suburbio del sur de Atenas, lo que oblig\u00f3 a los bomberos a evacuar a los residentes, informaron las autoridades. Los [&hellip;]<\/p>\n","protected":false},"author":1,"featured_media":62503,"comment_status":"closed","ping_status":"closed","sticky":false,"template":"","format":"standard","meta":[],"categories":[24],"tags":[],"_links":{"self":[{"href":"http:\/\/cordobadirecto.com\/index.php\/wp-json\/wp\/v2\/posts\/62502"}],"collection":[{"href":"http:\/\/cordobadirecto.com\/index.php\/wp-json\/wp\/v2\/posts"}],"about":[{"href":"http:\/\/cordobadirecto.com\/index.php\/wp-json\/wp\/v2\/types\/post"}],"author":[{"embeddable":true,"href":"http:\/\/cordobadirecto.com\/index.php\/wp-json\/wp\/v2\/users\/1"}],"replies":[{"embeddable":true,"href":"http:\/\/cordobadirecto.com\/index.php\/wp-json\/wp\/v2\/comments?post=62502"}],"version-history":[{"count":0,"href":"http:\/\/cordobadirecto.com\/index.php\/wp-json\/wp\/v2\/posts\/62502\/revisions"}],"wp:featuredmedia":[{"embeddable":true,"href":"http:\/\/cordobadirecto.com\/index.php\/wp-json\/wp\/v2\/media\/62503"}],"wp:attachment":[{"href":"http:\/\/cordobadirecto.com\/index.php\/wp-json\/wp\/v2\/media?parent=62502"}],"wp:term":[{"taxonomy":"category","embeddable":true,"href":"http:\/\/cordobadirecto.com\/index.php\/wp-json\/wp\/v2\/categories?post=62502"},{"taxonomy":"post_tag","embeddable":true,"href":"http:\/\/cordobadirecto.com\/index.php\/wp-json\/wp\/v2\/tags?post=62502"}],"curies":[{"name":"wp","href":"https:\/\/api.w.org\/{rel}","templated":true}]}}