{"id":62505,"date":"2022-06-04T21:00:00","date_gmt":"2022-06-04T21:00:00","guid":{"rendered":"http:\/\/cordobadirecto.com\/index.php\/2022\/06\/04\/biden-frente-a-una-oportunidad-de-resetear-las-relaciones-con-america-latina\/"},"modified":"2022-06-04T21:00:00","modified_gmt":"2022-06-04T21:00:00","slug":"biden-frente-a-una-oportunidad-de-resetear-las-relaciones-con-america-latina","status":"publish","type":"post","link":"http:\/\/cordobadirecto.com\/index.php\/2022\/06\/04\/biden-frente-a-una-oportunidad-de-resetear-las-relaciones-con-america-latina\/","title":{"rendered":"Biden, frente a una oportunidad de resetear las relaciones con Am\u00e9rica Latina"},"content":{"rendered":"<figure class=\"mb-3\"><img loading=\"lazy\" src=\"http:\/\/cordobadirecto.com\/wp-content\/uploads\/2022\/06\/biden-frente-a-una-oportunidad-de-resetear-las-relaciones-con-america-latina.jpg\" width=\"100%\" height=\"100%\" alt=\"Es crtico que EEUU use la cumbre de Los ngeles como plataforma de lanzamiento de una nueva relacin con Amrica LatinaFoto AFP\"><figcaption> Es &#8220;cr\u00edtico&#8221; que EE.UU use la cumbre de Los \u00c1ngeles como &#8220;plataforma de lanzamiento&#8221; de una nueva relaci\u00f3n con Am\u00e9rica Latina.Foto: AFP <\/figcaption><\/figure>\n<p>&nbsp;<br \/>Estados Unidos recibir\u00e1 la pr\u00f3xima semana a los l\u00edderes de la regi\u00f3n en la IX Cumbre de las Am\u00e9ricas con el objetivo de reforzar la solidaridad continental, aunque a d\u00edas de su inicio a\u00fan hace gestiones para convencer a asistentes clave y crecen las posibilidades de que la cita sea un traspi\u00e9 diplom\u00e1tico para el Gobierno de Joe Biden.<\/p>\n<p>En momentos en que Washington se enfrenta cada vez m\u00e1s con Rusia por la guerra en Ucrania y con China por sus avances estrat\u00e9gicos y comerciales en Am\u00e9rica Latina y el Sur global, mostrar respaldo entre sus pares del hemisferio es un activo valioso para la Casa Blanca. Sin embargo, eso no estar\u00eda sucediendo.<\/p>\n<p>La manzana de la discordia es que Estados Unidos invit\u00f3 a la cumbre solo a pa\u00edses con los que tiene buena relaci\u00f3n, lo que excluye a Cuba, Venezuela y Nicaragua. Pero muchos creen que eso es solo una manifestaci\u00f3n superficial de un problema m\u00e1s de fondo: una Am\u00e9rica Latina que siente que a Washington no le importa y que quiere hac\u00e9rselo saber.<\/p>\n<p><strong>&#8220;Hay una sensaci\u00f3n en la regi\u00f3n de que Estados Unidos no la prioriza, y lo entiendo. Hab\u00eda muchas expectativas cuando asumi\u00f3 Biden<\/strong>&#8220;, dijo la presidenta y CEO del centro de estudios estadounidense Di\u00e1logo Interamericano (DIA), Rebecca Bill Chavez, en videoconferencia con T\u00e9lam y una docena de medios m\u00e1s.<\/p>\n<p>Por eso, consider\u00f3 que es &#8220;cr\u00edtico&#8221; que Estados Unidos use la cumbre de Los \u00c1ngeles como &#8220;plataforma de lanzamiento&#8221; de una nueva relaci\u00f3n con Am\u00e9rica Latina.<\/p>\n<p><strong>La reuni\u00f3n ofrece a Biden una oportunidad de estrechar lazos con las Am\u00e9ricas<\/strong> para lidiar con dos temas a los que da m\u00e1xima relevancia: <strong>el aluvi\u00f3n de migrantes que est\u00e1 cruzando su frontera sur, con M\u00e9xico<\/strong>, huyendo de la pobreza, y la <strong>creciente presencia de China en la regi\u00f3n <\/strong>con su megaplan econ\u00f3mico mundial Nueva Ruta de la Seda.<\/p>\n<p>Pero Am\u00e9rica Latina y el Caribe a\u00fan esperan las millonarias inversiones en proyectos de infraestructura prometidas por Biden en su plan Reconstruir Mejor, la alternativa estadounidense a la Nueva Ruta de la Seda, con la que pensaba atajar las dos problem\u00e1ticas, pero que qued\u00f3 congelada, estancada en el Congreso.<\/p>\n<p>&#8220;Es hora de que Estados Unidos d\u00e9 impulso a algunas de las promesas que hizo, empezando por Reconstruir Mejor. Se ha hablado de nuevos proyectos en la regi\u00f3n, pero se ha hecho poco. Esta es una oportunidad para que Estados Unidos anuncie iniciativas clim\u00e1ticas y de inversiones reales en la regi\u00f3n&#8221;, dijo Chavez.<\/p>\n<p>Sin embargo, que la cumbre sirva a esos fines podr\u00eda depender de qui\u00e9nes vayan.<\/p>\n<p>Desde el mes pasado, el presidente de M\u00e9xico, Andr\u00e9s Manuel L\u00f3pez Obrador, dice que no ir\u00e1 si no se invita a todos los pa\u00edses, y entre tanto Washington intenta convencerlo, porque puso a la inmigraci\u00f3n entre las cuestiones centrales del encuentro.<\/p>\n<p>Estados Unidos excluy\u00f3 a Venezuela y Nicaragua -y potencialmente a Cuba- por cuestiones de valores democr\u00e1ticos, otro de los temas de la cumbre, junto a medio ambiente y coronavirus. Pero el de M\u00e9xico y otros gobiernos, como los de la Argentina o Bolivia, tienen visiones diferentes de esos pa\u00edses y pidieron que no hubiera excluidos.<\/p>\n<p>Los presidentes de Cuba, Miguel D\u00edaz-Canel, y Nicaragua, Daniel Ortega, ya dijeron que no quieren ir. El de Venezuela, Nicol\u00e1s Maduro, deplor\u00f3 no haber sido invitado.<\/p>\n<p>Funcionarios estadounidenses han restado trascendencia a la pol\u00e9mica.<\/p>\n<p>&#8220;No hemos estado tan enfocados en qui\u00e9n est\u00e1 y qui\u00e9n no est\u00e1 invitado, sino en los resultados que queremos logar en la cumbre&#8221;, dijo esta semana el principal asesor de Biden en Am\u00e9rica Latina, Juan Gonzalez.<\/p>\n<p>El argentino Santiago Cant\u00f3n, director del Programa Imperio de la Ley de Di\u00e1logo Interamericano, dijo en la videoconferencia que muchas cosas cambiaron en el continente desde la primera Cumbre de las Am\u00e9ricas, en Miami, en 1994.<\/p>\n<p>&#8220;Cuba era el \u00fanico pa\u00eds que no era una democracia (&#8230;) y Estados Unidos y Am\u00e9rica Latina hab\u00edan superado sus divisiones para discutir una agenda com\u00fan. Ese era el esp\u00edritu de Miami. Pero dur\u00f3 tres o cuatro cumbres&#8221;, agreg\u00f3 Cant\u00f3n, que fue secretario general de la Comisi\u00f3n Interamericana de Derechos Humanos (CIDH).<\/p>\n<p><strong>&#8220;As\u00ed que un gran paso adelante ser\u00eda recuperar ese esp\u00edritu&#8221; <\/strong>en Los \u00c1ngeles, agreg\u00f3, aunque dijo que no era optimista al respecto.<\/p>\n<p>Cuba particip\u00f3 de las dos \u00faltimas ediciones de la cumbre, en Per\u00fa y Panam\u00e1.<\/p>\n<p>En la de Panam\u00e1, en 2015, el entonces presidente estadounidense, Barack Obama, tuvo un hist\u00f3rico apret\u00f3n de manos y encuentro con Ra\u00fal Castro. A esto le sigui\u00f3 una visita de Obama a la isla sin precedentes desde 1928 y, m\u00e1s importante a\u00fan, una impensada normalizaci\u00f3n de relaciones, con reapertura de embajadas y todo.<\/p>\n<p>Donald Trump, el sucesor republicano de Obama, dio marcha atr\u00e1s con las medidas del &#8220;deshielo cubano&#8221; que beneficiaban a La Habana, aunque sin llegar a romper relaciones.<\/p>\n<p>El mes pasado, ya en pleno debate por las invitaciones a Los \u00c1ngeles, el Gobierno de Biden revirti\u00f3 algunas de las medidas de Trump hacia Cuba, sobre remesas familiares, vuelos a la isla y tramitado de visas.<\/p>\n<p>La misma semana, anunci\u00f3 que eliminaba restricciones a negociaciones de la principal petrolera estadounidense, Chevron, en Venezuela. Afirm\u00f3 que lo hac\u00eda en el marco de medidas para fomentar la reanudaci\u00f3n del di\u00e1logo entre Maduro y sus opositores.<\/p>\n<p>La din\u00e1mica pol\u00edtica ha cambiado en los dos \u00faltimos a\u00f1os en el hemisferio, donde algunos pa\u00edses ahora tienen gobiernos menos alienados con Estados Unidos.<\/p>\n<p>Funcionarios estadounidenses han dicho que la renuencia de algunos l\u00edderes a asistir podr\u00eda ser m\u00e1s bien para consumo interno y han rechazado interpretarla como se\u00f1al de debilitamiento de la influencia estadounidense o de una cumbre mal concebida.<\/p>\n<blockquote class=\"twitter-tweet\" readability=\"4.9830508474576\">\n<p lang=\"es\" dir=\"ltr\">\u00a1Nos entusiasma ver el afiche de <a href=\"https:\/\/twitter.com\/hashtag\/CumbreAmericas?src=hash&amp;ref_src=twsrc%5Etfw\">#CumbreAmericas<\/a> en <a href=\"https:\/\/twitter.com\/ConventionLA?ref_src=twsrc%5Etfw\">@ConventionLA<\/a>! <\/p>\n<p>\u00bfQuiere saber m\u00e1s sobre los grandes eventos de la pr\u00f3xima semana? <a href=\"https:\/\/t.co\/92FsNCF6tC\">https:\/\/t.co\/92FsNCF6tC<\/a> <a href=\"https:\/\/t.co\/RTsHf9kZJz\">pic.twitter.com\/RTsHf9kZJz<\/a><\/p>\n<p>\u2014 Brian A. Nichols (@WHAAsstSecty) <a href=\"https:\/\/twitter.com\/WHAAsstSecty\/status\/1532699810775584772?ref_src=twsrc%5Etfw\">June 3, 2022<\/a><\/p><\/blockquote>\n<p>Sin embargo, el director del Programa de Migraciones y Desarrollo de Di\u00e1logo Interamericano, Manuel Orozco, dijo que Washington no puso &#8220;el capital pol\u00edtico necesario&#8221; para afrontar los problemas que, seg\u00fan \u00e9l, tiene la regi\u00f3n: el debilitamiento de la democracia, el deterioro social y econ\u00f3mico y la migraci\u00f3n descontrolada.<\/p>\n<p>&#8220;No se puede acusar necesariamente al Gobierno de esto, porque son muchas cuestiones muy complejas. Pero, al mismo tiempo, hubo poca previsi\u00f3n sobre c\u00f3mo lidiar con estos desaf\u00edos&#8221; durante la cumbre.<\/p>\n<p>El Gobierno de Biden envi\u00f3 recientemente a la primera dama Jill Biden a Ecuador y a su vicepresidenta Kamala Harris a la asunci\u00f3n de Xiomara Castro en Honduras.<\/p>\n<p>El exsenador Christopher Dodd, que es asesor especial para la cumbre, estuvo el mes pasado en Argentina, Brasil y Chile y se reuni\u00f3 con los presidentes Alberto Fern\u00e1ndez, Jair Bolsonaro y Gabriel Boric, quienes luego confirmaron sus asistencias.<\/p>\n<p>Bolsonaro tambi\u00e9n dudaba si ir, aunque no, como sus otros dos pares, por lo de las invitaciones, sino porque no se lleva muy bien con Biden.<\/p>\n<p>La derrota de Trump frente a Biden tens\u00f3 las relaciones entre Estados Unidos y Brasil. Bolsonaro fue de los \u00faltimos presidentes en felicitar al dem\u00f3crata por su victoria, y ha amagado en el \u00faltimo tiempo con desconocer los resultados de las elecciones de octubre si es derrotado por Luiz In\u00e1cio Lula da Silva, as\u00ed como Trump hizo con Biden.<\/p>\n<p>El presidente de Bolivia, Luis Arce, no ir\u00e1 a la cumbre por los no invitados. Xiomara Castro, otra cr\u00edtica de las exclusiones, a\u00fan no hab\u00eda confirmado. <\/p>\n","protected":false},"excerpt":{"rendered":"<p>Es &#8220;cr\u00edtico&#8221; que EE.UU use la cumbre de Los \u00c1ngeles como &#8220;plataforma de lanzamiento&#8221; de una nueva relaci\u00f3n con Am\u00e9rica Latina.Foto: AFP &nbsp;Estados Unidos recibir\u00e1 la pr\u00f3xima semana a los l\u00edderes de la regi\u00f3n en la IX Cumbre de las Am\u00e9ricas con el objetivo de reforzar la solidaridad continental, aunque a d\u00edas de su inicio [&hellip;]<\/p>\n","protected":false},"author":1,"featured_media":62506,"comment_status":"closed","ping_status":"closed","sticky":false,"template":"","format":"standard","meta":[],"categories":[24],"tags":[],"_links":{"self":[{"href":"http:\/\/cordobadirecto.com\/index.php\/wp-json\/wp\/v2\/posts\/62505"}],"collection":[{"href":"http:\/\/cordobadirecto.com\/index.php\/wp-json\/wp\/v2\/posts"}],"about":[{"href":"http:\/\/cordobadirecto.com\/index.php\/wp-json\/wp\/v2\/types\/post"}],"author":[{"embeddable":true,"href":"http:\/\/cordobadirecto.com\/index.php\/wp-json\/wp\/v2\/users\/1"}],"replies":[{"embeddable":true,"href":"http:\/\/cordobadirecto.com\/index.php\/wp-json\/wp\/v2\/comments?post=62505"}],"version-history":[{"count":0,"href":"http:\/\/cordobadirecto.com\/index.php\/wp-json\/wp\/v2\/posts\/62505\/revisions"}],"wp:featuredmedia":[{"embeddable":true,"href":"http:\/\/cordobadirecto.com\/index.php\/wp-json\/wp\/v2\/media\/62506"}],"wp:attachment":[{"href":"http:\/\/cordobadirecto.com\/index.php\/wp-json\/wp\/v2\/media?parent=62505"}],"wp:term":[{"taxonomy":"category","embeddable":true,"href":"http:\/\/cordobadirecto.com\/index.php\/wp-json\/wp\/v2\/categories?post=62505"},{"taxonomy":"post_tag","embeddable":true,"href":"http:\/\/cordobadirecto.com\/index.php\/wp-json\/wp\/v2\/tags?post=62505"}],"curies":[{"name":"wp","href":"https:\/\/api.w.org\/{rel}","templated":true}]}}